{"id":43840,"date":"2024-12-10T19:38:49","date_gmt":"2024-12-10T19:38:49","guid":{"rendered":"http:\/\/historiografija.hr\/?p=43840"},"modified":"2024-12-10T19:38:49","modified_gmt":"2024-12-10T19:38:49","slug":"promocija-knjige-vladana-vuklisa-jugosloveni-i-spanski-gradanski-rat-u-beogradu","status":"publish","type":"post","link":"https:\/\/historiografija.hr\/?p=43840","title":{"rendered":"Promocija knjige Vladana Vukli\u0161a \u201cJugosloveni i \u0160panski gra\u0111anski rat\u201d u Beogradu"},"content":{"rendered":"\n<p>Knjiga \u201cJugosloveni i \u0160panski gra\u0111anski rat\u201d&nbsp;istori\u010dara Vladana Vukli\u0161a predstavlja prvu sveobuhvatnu monografsku nau\u010dnu studiju o u\u010de\u0161\u0107u Jugoslovena u \u0160panskom gra\u0111anskom ratu i odnosu politi\u010dkih elita i javnog mnjenja Kraljevine Jugoslavije prema ovom doga\u0111aju. Nastala je kao doktorska disertacija 2022, na temeljima materijala koji se \u010duvaju u arhivima, bibliotekama i muzejima u nekada\u0161njoj Jugoslaviji, Moskvi, Amsterdamu i Parizu.<\/p>\n\n\n\n<p>Ova monografija nam u prvom delu pru\u017ea pregled istorije odnosa Ju\u017enih Slovena i naroda na Iberijskom poluostrvu sve do izbijanja rata u \u0160paniji 1936. U nastavku je analizirana intervencija stranih sila u \u0160panskom ratu, kao i uloga Sovjetskog Saveza, Kominterne i komunisti\u010dkog pokreta, ali i jugoslovenskih dobrovoljaca i KPJ. Izme\u0111u ostalog, u knjizi se mo\u017ee saznati o sastavu jugoslovenskog dobrovolja\u010dkog kontinenta, motivima i ideologiji, vojnom rasporedu, ratnim iskustvima, politi\u010dkim komplikacijama i zamr\u0161enoj istoriji KPJ u vreme pada Milana Gorki\u0107a i dolaska Josipa Broza na \u010delo partije. Tematizovano je i ja\u010danje cenzure u Kraljevini Jugoslaviji, kao i pozicioniranje relevantnih faktora u jugoslovenskoj politici i javnom \u017eivotu prema ratu u \u0160paniji. Poslednje poglavlje se odnosi na sve ono \u0161to dolazi posle \u0160panskog gra\u0111anskog rata: boravak \u0161panskih boraca u francuskim logorima, akcija za njihov povratak u Jugoslaviju, njihovo u\u010de\u0161\u0107e u kreiranju i vo\u0111enju Narodnooslobodila\u010dke borbe, u\u010de\u0161\u0107e u francuskom pokretu otpora, kao i uloge koju su imali u izgradnji socijalisti\u010dke Jugoslavije.<\/p>\n\n\n\n<p>Izdava\u010di studije su \u010cigoja \u0161tampa (Beograd), Arhiv Republike Srpske i Udru\u017eenje arhivskih radnika RS (Banjaluka). Recenzenti izdanja su prof. dr Milan Ristovi\u0107 (Univerzitet u Beogradu), dr Olga Manojlovi\u0107 Pintar (Institut za noviju istoriju Srbije) i prof. dr Vjeran Pavlakovi\u0107 (Sveu\u010dili\u0161te u Rijeci).<\/p>\n\n\n\n<p>U sredu 11. decembra 2024. u 18h u bioskopskoj sali Muzeja Jugoslavije<\/p>\n\n\n\n<p>U\u010destvuju:<\/p>\n\n\n\n<p>dr Olga Manojlovi\u0107 Pintar, vi\u0161a nau\u010dni saradnik Instituta za noviju istoriju Srbije<\/p>\n\n\n\n<p>dr Milan Ristovi\u0107, redovni profesor na Odeljenju za istoriju Filozofskog fakulteta Univerziteta u Beogradu<\/p>\n\n\n\n<p>dr Vladan Vukli\u0161, istori\u010dar i arhivski savetnik zaposlen u Arhivu Republike Srpske, autor<\/p>\n\n\n\n<p>Veselinka Kastratovi\u0107 Risti\u0107, muzejski savetnik Muzeja Jugoslavije, moderatorka<\/p>\n\n\n\n<p>Muzi\u010dki program: Doroteja Aran\u0111elovi\u0107<\/p>\n\n\n\n<p>Ulaz je slobodan!<\/p>\n\n\n\n<hr class=\"wp-block-separator\"\/>\n\n\n\n<p>Izvori:<\/p>\n\n\n\n<figure class=\"wp-block-embed-wordpress wp-block-embed is-type-wp-embed is-provider-muzej-jugoslavije\"><div class=\"wp-block-embed__wrapper\">\n<blockquote class=\"wp-embedded-content\" data-secret=\"gmDYjMpWDX\"><a href=\"https:\/\/muzej-jugoslavije.org\/program\/promocija-knjige-jugosloveni-i-spanski-gradjanski-rat-vladana-vuklisa\/\">Promocija knjige \u201cJugosloveni i \u0160panski gra\u0111anski rat\u201d Vladana Vukli\u0161a<\/a><\/blockquote><iframe loading=\"lazy\" class=\"wp-embedded-content\" sandbox=\"allow-scripts\" security=\"restricted\" style=\"position: absolute; clip: rect(1px, 1px, 1px, 1px);\" title=\"&#132;Promocija knjige \u201cJugosloveni i \u0160panski gra\u0111anski rat\u201d Vladana Vukli\u0161a&#147; &#8212; Muzej Jugoslavije\" src=\"https:\/\/muzej-jugoslavije.org\/program\/promocija-knjige-jugosloveni-i-spanski-gradjanski-rat-vladana-vuklisa\/embed\/#?secret=pPmfuip5Tv#?secret=gmDYjMpWDX\" data-secret=\"gmDYjMpWDX\" width=\"600\" height=\"338\" frameborder=\"0\" marginwidth=\"0\" marginheight=\"0\" scrolling=\"no\"><\/iframe>\n<\/div><\/figure>\n\n\n\n<p><a href=\"https:\/\/historiografija.ba\/historija-u-javnosti\/dogadjaji\/najava-promocije-knjige-jugosloveni-i-spanski-gradjanski-rat-vladana-vuklisa\">https:\/\/historiografija.ba\/historija-u-javnosti\/dogadjaji\/najava-promocije-knjige-jugosloveni-i-spanski-gradjanski-rat-vladana-vuklisa<\/a><\/p>\n\n\n\n<hr class=\"wp-block-separator\"\/>\n","protected":false},"excerpt":{"rendered":"","protected":false},"author":2,"featured_media":43841,"comment_status":"open","ping_status":"open","sticky":false,"template":"","format":"standard","meta":{"_acf_changed":false,"jetpack_post_was_ever_published":false,"_jetpack_newsletter_access":"","_jetpack_dont_email_post_to_subs":false,"_jetpack_newsletter_tier_id":0,"_jetpack_memberships_contains_paywalled_content":false,"_jetpack_memberships_contains_paid_content":false,"footnotes":"","jetpack_publicize_message":"","jetpack_publicize_feature_enabled":true,"jetpack_social_post_already_shared":true,"jetpack_social_options":{"image_generator_settings":{"template":"highway","default_image_id":0,"font":"","enabled":false},"version":2}},"categories":[3],"tags":[],"class_list":["post-43840","post","type-post","status-publish","format-standard","has-post-thumbnail","hentry","category-novosti"],"acf":{"facebook_opis":""},"jetpack_publicize_connections":[],"jetpack_featured_media_url":"https:\/\/i0.wp.com\/historiografija.hr\/wp-content\/uploads\/2024\/12\/Vuklis_knjiga.jpg?fit=1440%2C1440&ssl=1","jetpack_sharing_enabled":true,"jetpack-related-posts":[],"_links":{"self":[{"href":"https:\/\/historiografija.hr\/index.php?rest_route=\/wp\/v2\/posts\/43840","targetHints":{"allow":["GET"]}}],"collection":[{"href":"https:\/\/historiografija.hr\/index.php?rest_route=\/wp\/v2\/posts"}],"about":[{"href":"https:\/\/historiografija.hr\/index.php?rest_route=\/wp\/v2\/types\/post"}],"author":[{"embeddable":true,"href":"https:\/\/historiografija.hr\/index.php?rest_route=\/wp\/v2\/users\/2"}],"replies":[{"embeddable":true,"href":"https:\/\/historiografija.hr\/index.php?rest_route=%2Fwp%2Fv2%2Fcomments&post=43840"}],"version-history":[{"count":1,"href":"https:\/\/historiografija.hr\/index.php?rest_route=\/wp\/v2\/posts\/43840\/revisions"}],"predecessor-version":[{"id":43842,"href":"https:\/\/historiografija.hr\/index.php?rest_route=\/wp\/v2\/posts\/43840\/revisions\/43842"}],"wp:featuredmedia":[{"embeddable":true,"href":"https:\/\/historiografija.hr\/index.php?rest_route=\/wp\/v2\/media\/43841"}],"wp:attachment":[{"href":"https:\/\/historiografija.hr\/index.php?rest_route=%2Fwp%2Fv2%2Fmedia&parent=43840"}],"wp:term":[{"taxonomy":"category","embeddable":true,"href":"https:\/\/historiografija.hr\/index.php?rest_route=%2Fwp%2Fv2%2Fcategories&post=43840"},{"taxonomy":"post_tag","embeddable":true,"href":"https:\/\/historiografija.hr\/index.php?rest_route=%2Fwp%2Fv2%2Ftags&post=43840"}],"curies":[{"name":"wp","href":"https:\/\/api.w.org\/{rel}","templated":true}]}}