{"id":43835,"date":"2024-12-09T14:30:08","date_gmt":"2024-12-09T14:30:08","guid":{"rendered":"http:\/\/historiografija.hr\/?p=43835"},"modified":"2024-12-09T14:31:17","modified_gmt":"2024-12-09T14:31:17","slug":"predstavljanje-knjige-glosar-sarajevskog-atentata-u-sarajevu","status":"publish","type":"post","link":"https:\/\/historiografija.hr\/?p=43835","title":{"rendered":"Predstavljanje knjige &#8220;Glosar Sarajevskog atentata&#8221; u Sarajevu"},"content":{"rendered":"\n<p>Nacionalna i univerzitetska biblioteka Bosne i Hercegovine organizira predstavljanje knjige &#8220;GLOSAR SARAJEVSKOG ATENTATA&#8221;, autora Valerijana \u017duje.<\/p>\n\n\n\n<p>Knjigu \u0107e predstaviti:<\/p>\n\n\n\n<p>akademik, dr Mirko Pejanovi\u0107,<\/p>\n\n\n\n<p>akademik, ddr Mile Babi\u0107,<\/p>\n\n\n\n<p>i dr. Tarik Haveri\u0107.<\/p>\n\n\n\n<p><strong>Predstavljanje \u0107e biti odr\u017eano u amfiteatru Akademije nauka i umjetnosti Bosne i Hercegovine u utorak, 10 decembra 2024., sa po\u010detkom u 17:00 sati.<\/strong><\/p>\n\n\n\n<p><em>Glosar Sarajevskog atentata<\/em> je dvotomno ilustrovano leksikografsko djelo, obima oko 1.400 stranica i sadr\u017ei oko 500.000 rije\u010di. Glosar je koncipiran kao hibridna knjiga koja se sastoji od leksikona pojmova povezanih sa Sarajevskim atentatom, hrestomatije relevantnih tekstova i dokumenata, te bibliografije inkorporirane u tekst \u010dlanaka.<\/p>\n\n\n\n<p>Gra\u0111a za Glosar, sakupljana je tokom nekoliko decenija, prvenstveno u odgovaraju\u0107im sarajevskim institucijama (Arhiv BiH; NUB BiH; Arhiv Sarajeva; Muzej Sarajeva; Zemaljski muzej BiH, zatim u arhivima, muzejima i bibliotekama u Be\u010du, Pragu, Ljubljani, Terezinu, Hradec Kralove, Seke\u0161fehervaru, te u brojnim digitalnim bazama podataka u nepregledima &#8220;mre\u017ee svih mre\u017ea&#8221;).<\/p>\n\n\n\n<p>Djelo je objavljeno pod pokroviteljstvom Akademije nauka i umjetnosti BiH, uz sufinansiranje Ministarstva za kulturu i sport, Kantona Sarajevo.<\/p>\n\n\n\n<p>Izdava\u010d knjige je Nacionalna i univerzitetska biblioteka Bosne i Hercegovine, a suizdava\u010di: Umjetni\u010dka galerija BiH i Media centar, Sarajevo.<\/p>\n\n\n\n<p>Va\u017ean dio sadr\u017eaja Glosara jesu ispravke stotina pogre\u0161nih navoda u va\u017enijim knjigama o Atentatu. Ovo je link na kojem je demonstrirano pa\u017eljivo \u010ditanje i ispravljanje pomenutih gre\u0161aka kod autora: Vladimira Dedijera i Branka Bogdanovi\u0107a:<\/p>\n\n\n\n<p><a href=\"https:\/\/nomad.ba\/zujo-kad-moze-dedijer\">https:\/\/nomad.ba\/zujo-kad-moze-dedijer<\/a><\/p>\n\n\n\n<p>Dio projekta je i Multimedijalna izlo\u017eba posve\u0107ena Sarajevskom atentatu, koja je bila postavljena u maju i junu, 2013. g. u Bo\u0161nja\u010dkom institutu. Osim fotografija, faksimila i tekstualnih fragmenata na panoima, izlo\u017eba je obuhvatala i predmete povezane sa Atentatom, njegovim u\u010desnicima i doga\u0111ajima koji su uslijedili. Neki eksponati su bili prvi put javno izlo\u017eeni.<\/p>\n\n\n\n<p>Primjerice, instrumenti dr Pavla Kaunitza, koji je izvr\u0161io obdukciju i balzamiranje tijela \u017ertava Atentata, potom slika u ulju koja predstavlja vojvotkinju Sofiju od Hohenberga u posjeti Franjeva\u010dkom samostanu Svetog Ante podno Bistrika, bron\u010dani medaljon i krune sa spomenika Ferdinandu i Sofiji, kompoziciju Piet\u00e0, tako\u0111er sa spomenika, veliki portret cara i kralja Franje Josipa I iz fonda Umjetni\u010dke galerije BiH, etc&#8230; Sve vrijeme trajanja izlo\u017ebe projiciran je slide-show koji je obuhvatao oko 1000 fotosa i tri kratka dokumentarna filma:<\/p>\n\n\n\n<figure class=\"wp-block-embed-youtube wp-block-embed is-type-video is-provider-youtube wp-embed-aspect-16-9 wp-has-aspect-ratio\"><div class=\"wp-block-embed__wrapper\">\n<span class=\"embed-youtube\" style=\"text-align:center; display: block;\"><iframe loading=\"lazy\" class=\"youtube-player\" width=\"860\" height=\"484\" src=\"https:\/\/www.youtube.com\/embed\/8k280ahAo_4?version=3&#038;rel=1&#038;showsearch=0&#038;showinfo=1&#038;iv_load_policy=1&#038;fs=1&#038;hl=hr&#038;autohide=2&#038;start=43&#038;wmode=transparent\" allowfullscreen=\"true\" style=\"border:0;\" sandbox=\"allow-scripts allow-same-origin allow-popups allow-presentation allow-popups-to-escape-sandbox\"><\/iframe><\/span>\n<\/div><\/figure>\n\n\n\n<figure class=\"wp-block-embed-youtube wp-block-embed is-type-video is-provider-youtube wp-embed-aspect-16-9 wp-has-aspect-ratio\"><div class=\"wp-block-embed__wrapper\">\n<span class=\"embed-youtube\" style=\"text-align:center; display: block;\"><iframe loading=\"lazy\" class=\"youtube-player\" width=\"860\" height=\"484\" src=\"https:\/\/www.youtube.com\/embed\/HLb5xJFu6Uk?version=3&#038;rel=1&#038;showsearch=0&#038;showinfo=1&#038;iv_load_policy=1&#038;fs=1&#038;hl=hr&#038;autohide=2&#038;wmode=transparent\" allowfullscreen=\"true\" style=\"border:0;\" sandbox=\"allow-scripts allow-same-origin allow-popups allow-presentation allow-popups-to-escape-sandbox\"><\/iframe><\/span>\n<\/div><\/figure>\n\n\n\n<figure class=\"wp-block-embed-youtube wp-block-embed is-type-video is-provider-youtube wp-embed-aspect-16-9 wp-has-aspect-ratio\"><div class=\"wp-block-embed__wrapper\">\n<span class=\"embed-youtube\" style=\"text-align:center; display: block;\"><iframe loading=\"lazy\" class=\"youtube-player\" width=\"860\" height=\"484\" src=\"https:\/\/www.youtube.com\/embed\/lasAs4336zQ?version=3&#038;rel=1&#038;showsearch=0&#038;showinfo=1&#038;iv_load_policy=1&#038;fs=1&#038;hl=hr&#038;autohide=2&#038;start=12&#038;wmode=transparent\" allowfullscreen=\"true\" style=\"border:0;\" sandbox=\"allow-scripts allow-same-origin allow-popups allow-presentation allow-popups-to-escape-sandbox\"><\/iframe><\/span>\n<\/div><\/figure>\n\n\n\n<hr class=\"wp-block-separator\"\/>\n\n\n\n<p>Preneseno s portala <strong>Historiografija.ba<\/strong>:<\/p>\n\n\n\n<p><a href=\"https:\/\/historiografija.ba\/historija-u-javnosti\/dogadjaji\/glosar-sarajevskog-atentata\">https:\/\/historiografija.ba\/historija-u-javnosti\/dogadjaji\/glosar-sarajevskog-atentata<\/a><\/p>\n\n\n\n<hr class=\"wp-block-separator\"\/>\n","protected":false},"excerpt":{"rendered":"","protected":false},"author":2,"featured_media":43836,"comment_status":"open","ping_status":"open","sticky":false,"template":"","format":"standard","meta":{"_acf_changed":false,"jetpack_post_was_ever_published":false,"_jetpack_newsletter_access":"","_jetpack_dont_email_post_to_subs":false,"_jetpack_newsletter_tier_id":0,"_jetpack_memberships_contains_paywalled_content":false,"_jetpack_memberships_contains_paid_content":false,"footnotes":"","jetpack_publicize_message":"","jetpack_publicize_feature_enabled":true,"jetpack_social_post_already_shared":true,"jetpack_social_options":{"image_generator_settings":{"template":"highway","default_image_id":0,"font":"","enabled":false},"version":2}},"categories":[3],"tags":[],"class_list":["post-43835","post","type-post","status-publish","format-standard","has-post-thumbnail","hentry","category-novosti"],"acf":{"facebook_opis":""},"jetpack_publicize_connections":[],"jetpack_featured_media_url":"https:\/\/i0.wp.com\/historiografija.hr\/wp-content\/uploads\/2024\/12\/glosar-sarajevskog-atentata-promocija.jpg?fit=450%2C537&ssl=1","jetpack_sharing_enabled":true,"jetpack-related-posts":[],"_links":{"self":[{"href":"https:\/\/historiografija.hr\/index.php?rest_route=\/wp\/v2\/posts\/43835","targetHints":{"allow":["GET"]}}],"collection":[{"href":"https:\/\/historiografija.hr\/index.php?rest_route=\/wp\/v2\/posts"}],"about":[{"href":"https:\/\/historiografija.hr\/index.php?rest_route=\/wp\/v2\/types\/post"}],"author":[{"embeddable":true,"href":"https:\/\/historiografija.hr\/index.php?rest_route=\/wp\/v2\/users\/2"}],"replies":[{"embeddable":true,"href":"https:\/\/historiografija.hr\/index.php?rest_route=%2Fwp%2Fv2%2Fcomments&post=43835"}],"version-history":[{"count":3,"href":"https:\/\/historiografija.hr\/index.php?rest_route=\/wp\/v2\/posts\/43835\/revisions"}],"predecessor-version":[{"id":43839,"href":"https:\/\/historiografija.hr\/index.php?rest_route=\/wp\/v2\/posts\/43835\/revisions\/43839"}],"wp:featuredmedia":[{"embeddable":true,"href":"https:\/\/historiografija.hr\/index.php?rest_route=\/wp\/v2\/media\/43836"}],"wp:attachment":[{"href":"https:\/\/historiografija.hr\/index.php?rest_route=%2Fwp%2Fv2%2Fmedia&parent=43835"}],"wp:term":[{"taxonomy":"category","embeddable":true,"href":"https:\/\/historiografija.hr\/index.php?rest_route=%2Fwp%2Fv2%2Fcategories&post=43835"},{"taxonomy":"post_tag","embeddable":true,"href":"https:\/\/historiografija.hr\/index.php?rest_route=%2Fwp%2Fv2%2Ftags&post=43835"}],"curies":[{"name":"wp","href":"https:\/\/api.w.org\/{rel}","templated":true}]}}