{"id":43832,"date":"2024-12-09T14:19:53","date_gmt":"2024-12-09T14:19:53","guid":{"rendered":"http:\/\/historiografija.hr\/?p=43832"},"modified":"2024-12-09T14:22:42","modified_gmt":"2024-12-09T14:22:42","slug":"izlozba-sjaj-u-tami-nizozemsko-slikarstvo-17-stoljeca-u-hrvatskim-zbirkama","status":"publish","type":"post","link":"https:\/\/historiografija.hr\/?p=43832","title":{"rendered":"Izlo\u017eba \u201eSjaj u tami: Nizozemsko slikarstvo 17. stolje\u0107a u hrvatskim zbirkama\u201c"},"content":{"rendered":"\n<p>Trajanje izlo\u017ebe:\u00a0<strong>12. 12. 2024. \u2013 9. 3. 2025., Galerija Klovi\u0107evi dvori, Jezuitski trg 4, Zagreb<\/strong><\/p>\n\n\n\n<hr class=\"wp-block-separator\"\/>\n\n\n\n<p>Izlo\u017eba&nbsp;<strong>\u201eSjaj u tami: Nizozemsko slikarstvo 17. stolje\u0107a u hrvatskim zbirkama\u201c<\/strong>&nbsp;prva je u novom izlo\u017ebenom ciklusu Galerije Klovi\u0107evi dvori pod radnim naslovom: \u201eZlatna razdoblja europske umjetnosti \u2013 primjeri iz hrvatskih zbirki\u201c. Pripremni radovi izlo\u017ebe provodili su se u okviru projekta&nbsp;<em>Istra\u017eivanje provenijencije umjetnina u zagreba\u010dkim zbirkama<\/em>&nbsp;(ZagArtColl_ProResearch) kojeg financira Hrvatska zaklada za znanost, tako da se posebna pa\u017enja pri organizaciji izlo\u017ebe posvetila ne samo najnovijim spoznajama o nizozemskom slikarstvu 17. stolje\u0107a, ve\u0107 i temi kolekcioniranja i aktualnih istra\u017eivanja provenijencije umjetnina u doma\u0107im zbirkama.<\/p>\n\n\n\n<p>Izlo\u017eba obuhva\u0107a stotinjak slika i grafika, predmete umjetni\u010dkog obrta te rekonstrukciju \u017eenske odjevne kompozicije, izra\u0111ene prema&nbsp;<em>Portretu otmjene dame&nbsp;<\/em>iz Muzeja Mimara na Tekstilno-tehnolo\u0161kom fakultetu Sveu\u010dili\u0161ta u Zagrebu. Izradile su je izv. prof. dr. sc. Irena \u0160abari\u0107 \u0160kugor i asistentica Franka Karin uz pomo\u0107 prof. dr. sc. Katarine Nine Simon\u010di\u010d. U izradi su sudjelovale i studentice diplomskog studija Tekstilni i modni dizajn, smjera Kostimografije.<\/p>\n\n\n\n<p>Djela likovnih umjetnosti koja su tijekom 17. stolje\u0107a na sjeveru Europe stvarali nizozemski majstori u suvremenim hrvatskim javnim zbirkama koncentrirana su na sjeveru zemlje. Uz izuzetak pojedinaca poput kardinala Jurja Haulika (1788. \u2013 1869.) i biskupa Josipa Jurja Strossmayera (1815. \u2013 1905.) koji su tijekom 19. stolje\u0107a sakupili ograni\u010den broj slika nizozemskih majstora, ve\u0107ina izlo\u017eenih slika u Hrvatsku je prispjela u 20. stolje\u0107u. Iako biskup Strossmayer nije prikupio ve\u0107i broj djela nizozemskog slikarstva, njegov anga\u017eman u drugoj polovici 19. stolje\u0107a i otvaranje galerije starih majstora prije stotinu i \u010detrdeset godina dalo je poticaj drugim donatorima da obogate javnu galeriju koja nosi njegovo ime. Zahvaljuju\u0107i naknadnim oboga\u0107ivanjima fundusa donacijama i otkupima Strossmayerova galerija danas je s \u010detrdesetak slika najbogatija zbirka nizozemskog slikarstva 17. stolje\u0107a u Hrvatskoj. Osim \u0161to su se umjetnine skupljale u muzejima, u prvim desetlje\u0107ima 20. stolje\u0107a djela nizozemskih majstora zavr\u0161avaju i u privatnim zbirkama.<\/p>\n\n\n\n<p>Gotovo tre\u0107ina umjetnina predstavljenih na ovoj izlo\u017ebi u dvije zagreba\u010dke javne zbirke kao dar Ante Topi\u0107a Mimare (1889. \u2013 1987.) importirana je iz inozemstva. U pozama\u0161noj zbirci koja je za njegova \u017eivota narasla na oko \u010detiri tisu\u0107e umjetnina svih vrsta, stilova i razdoblja svoje je mjesto na\u0161lo i nekoliko desetaka nizozemskih slika 17. stolje\u0107a. Prvu darovnicu kojom su slike uklju\u010dene u Strossmayerovu galeriju Topi\u0107 je sklopio 1967. godine, a umjetnine su u Galeriju pristizale u nekoliko navrata te su javnosti najzad predstavljene na izlo\u017ebi organiziranoj 1969. godine. Nekoliko godina kasnije (1973.) Topi\u0107 je sklopio drugu darovnicu na temelju koje je jo\u0161 ve\u0107i dio njegove zbirke namijenjen utemeljenju muzeja koji \u0107e nositi njegovo ime: Muzej Mimara. Od sklapanja tog darovnoga ugovora do kona\u010dnog otvorenja Muzeja 1987. proteklo je petnaestak godina, a ova izlo\u017eba prva je prilika da se Topi\u0107evo kolekcionarstvo nizozemskih majstora ili njihovih kopista sagleda u cjelini.<\/p>\n\n\n\n<p>Druga opse\u017enija zbirka importirana u istome razdoblju, ona biskupa \u0110ure Kok\u0161e (1922. \u2013 1998.), u Hrvatsku je pristigla tako\u0111er kao zaokru\u017eena cjelina oblikovana na inozemnim umjetni\u010dkim tr\u017ei\u0161tima. Prvi popis zbirke sastavio je \u0110uro Van\u0111ura, a me\u0111u stotinjak starih majstora nekoliko je slika pripisao nizozemskim i flamanskim majstorima.<\/p>\n\n\n\n<p>***<\/p>\n\n\n\n<p>Izlo\u017eba&nbsp;<em>Sjaj u tami: Nizozemsko slikarstvo 17. stolje\u0107a u hrvatskim zbirkama<\/em>&nbsp;pru\u017ea pregled nizozemskog slikarstva, grafike i crte\u017ea u hrvatskim zbirkama. Budu\u0107i da su brojne od izlo\u017eenih umjetnina javnosti dostupne tek u rijetkim prilikama poput ove izlo\u017ebe, opse\u017ean katalog u kojem su ta djela iscrpno obra\u0111ena kroz stotinu i osam katalo\u0161kih jedinica uvelike \u0107e doprinijeti poznavanju toga korpusa barokne umjetnosti u Hrvatskoj.<\/p>\n\n\n\n<p>Autor izlo\u017ebe: Ivan Feren\u010dak, Strossmayerova galerija starih majstora HAZU<br>Kustosica izlo\u017ebe: Valentina Bach, Galerija Klovi\u0107evi dvori<\/p>\n\n\n\n<hr class=\"wp-block-separator\"\/>\n\n\n\n<p>Izvor:<\/p>\n\n\n\n<figure class=\"wp-block-embed-wordpress wp-block-embed is-type-wp-embed is-provider-galerija-klovicevi-dvori\"><div class=\"wp-block-embed__wrapper\">\n<blockquote class=\"wp-embedded-content\" data-secret=\"xjYALynqEY\"><a href=\"https:\/\/gkd.hr\/2024\/12\/03\/izlozba-sjaj-u-tami-nizozemsko-slikarstvo-17-stoljeca-u-hrvatskim-zbirkama-12-prosinac-2024-9-ozujak-2025\/\">Izlo\u017eba Sjaj u tami: Nizozemsko slikarstvo 17. stolje\u0107a u hrvatskim zbirkama [12. prosinac 2024. &#8211; 9. o\u017eujak 2025.]<\/a><\/blockquote><iframe loading=\"lazy\" class=\"wp-embedded-content\" sandbox=\"allow-scripts\" security=\"restricted\" style=\"position: absolute; clip: rect(1px, 1px, 1px, 1px);\" title=\"&#8220;Izlo\u017eba Sjaj u tami: Nizozemsko slikarstvo 17. stolje\u0107a u hrvatskim zbirkama [12. prosinac 2024. &#8211; 9. o\u017eujak 2025.]&#8221; &#8212; Galerija Klovi\u0107evi dvori\" src=\"https:\/\/gkd.hr\/2024\/12\/03\/izlozba-sjaj-u-tami-nizozemsko-slikarstvo-17-stoljeca-u-hrvatskim-zbirkama-12-prosinac-2024-9-ozujak-2025\/embed\/#?secret=x97Zwqm5Mr#?secret=xjYALynqEY\" data-secret=\"xjYALynqEY\" width=\"600\" height=\"338\" frameborder=\"0\" marginwidth=\"0\" marginheight=\"0\" scrolling=\"no\"><\/iframe>\n<\/div><\/figure>\n\n\n\n<hr class=\"wp-block-separator\"\/>\n","protected":false},"excerpt":{"rendered":"","protected":false},"author":2,"featured_media":43834,"comment_status":"open","ping_status":"open","sticky":false,"template":"","format":"standard","meta":{"_acf_changed":false,"jetpack_post_was_ever_published":false,"_jetpack_newsletter_access":"","_jetpack_dont_email_post_to_subs":false,"_jetpack_newsletter_tier_id":0,"_jetpack_memberships_contains_paywalled_content":false,"_jetpack_memberships_contains_paid_content":false,"footnotes":"","jetpack_publicize_message":"","jetpack_publicize_feature_enabled":true,"jetpack_social_post_already_shared":true,"jetpack_social_options":{"image_generator_settings":{"template":"highway","default_image_id":0,"font":"","enabled":false},"version":2}},"categories":[10,3],"tags":[],"class_list":["post-43832","post","type-post","status-publish","format-standard","has-post-thumbnail","hentry","category-izlozbe","category-novosti"],"acf":{"facebook_opis":""},"jetpack_publicize_connections":[],"jetpack_featured_media_url":"https:\/\/i0.wp.com\/historiografija.hr\/wp-content\/uploads\/2024\/12\/Klovi%C4%87evi.jpg?fit=225%2C224&ssl=1","jetpack_sharing_enabled":true,"jetpack-related-posts":[],"_links":{"self":[{"href":"https:\/\/historiografija.hr\/index.php?rest_route=\/wp\/v2\/posts\/43832","targetHints":{"allow":["GET"]}}],"collection":[{"href":"https:\/\/historiografija.hr\/index.php?rest_route=\/wp\/v2\/posts"}],"about":[{"href":"https:\/\/historiografija.hr\/index.php?rest_route=\/wp\/v2\/types\/post"}],"author":[{"embeddable":true,"href":"https:\/\/historiografija.hr\/index.php?rest_route=\/wp\/v2\/users\/2"}],"replies":[{"embeddable":true,"href":"https:\/\/historiografija.hr\/index.php?rest_route=%2Fwp%2Fv2%2Fcomments&post=43832"}],"version-history":[{"count":1,"href":"https:\/\/historiografija.hr\/index.php?rest_route=\/wp\/v2\/posts\/43832\/revisions"}],"predecessor-version":[{"id":43833,"href":"https:\/\/historiografija.hr\/index.php?rest_route=\/wp\/v2\/posts\/43832\/revisions\/43833"}],"wp:featuredmedia":[{"embeddable":true,"href":"https:\/\/historiografija.hr\/index.php?rest_route=\/wp\/v2\/media\/43834"}],"wp:attachment":[{"href":"https:\/\/historiografija.hr\/index.php?rest_route=%2Fwp%2Fv2%2Fmedia&parent=43832"}],"wp:term":[{"taxonomy":"category","embeddable":true,"href":"https:\/\/historiografija.hr\/index.php?rest_route=%2Fwp%2Fv2%2Fcategories&post=43832"},{"taxonomy":"post_tag","embeddable":true,"href":"https:\/\/historiografija.hr\/index.php?rest_route=%2Fwp%2Fv2%2Ftags&post=43832"}],"curies":[{"name":"wp","href":"https:\/\/api.w.org\/{rel}","templated":true}]}}