{"id":43829,"date":"2024-12-09T14:06:36","date_gmt":"2024-12-09T14:06:36","guid":{"rendered":"http:\/\/historiografija.hr\/?p=43829"},"modified":"2024-12-09T14:06:36","modified_gmt":"2024-12-09T14:06:36","slug":"predstavljanje-monografije-ecclesia-nonensis-o-proslosti-ninske-biskupije","status":"publish","type":"post","link":"https:\/\/historiografija.hr\/?p=43829","title":{"rendered":"Predstavljanje monografije &#8220;Ecclesia Nonensis: o pro\u0161losti Ninske biskupije&#8221;"},"content":{"rendered":"\n<p>Teolo\u0161ko-katehetski odjel Sveu\u010dili\u0161ta u Zadru i Dru\u0161tvo za povjesnicu Zadarske nadbiskupije &#8220;Zmajevi\u0107&#8221; priredili su predstavljanje monografije &#8220;Ecclesia Nonensis: o pro\u0161losti Ninske biskupije&#8221;.<\/p>\n\n\n\n<p>Predstavljanje je odr\u017eano u \u017dupnoj dvorani \u017eupe sv. Anselma u Ninu u \u010detvrtak, 5. prosinca 2024. godine s po\u010detkom u 19 sati. Predstavlja\u010di su: prof. dr. sc. Josip Fari\u010di\u0107, rektor Sveu\u010dili\u0161ta u Zadru, doc. dr. sc. Ante Gveri\u0107, ravnatelj Dr\u017eavnog arhiva u Zadru i izv. prof. dr. sc. Zdenko Dundovi\u0107, pro\u010delnik Teolo\u0161ko &#8211; katehetskog odjela u Zadru. Pozdravnu rije\u010d uputio je mons. Milan Zgrablji\u0107, zadarski nadbiskup.\u00a0<\/p>\n\n\n\n<hr class=\"wp-block-separator\"\/>\n\n\n\n<p>Izvori i dodatne obavijesti:<\/p>\n\n\n\n<p><a href=\"https:\/\/www.unizd.hr\/obavijesti\/view\/predstavljanje-monografije-ecclesia-nonensis-o-proslosti-ninske-biskupije\">https:\/\/www.unizd.hr\/obavijesti\/view\/predstavljanje-monografije-ecclesia-nonensis-o-proslosti-ninske-biskupije<\/a><\/p>\n\n\n\n<p><a href=\"https:\/\/shop-hr.unizd.hr\/detalji_proizvoda.870b8c54c33d41659c1ad1a2049df3a6.ecclesia-nonensis-o-proslosti-ninske-biskupije.aspx\">https:\/\/shop-hr.unizd.hr\/detalji_proizvoda.870b8c54c33d41659c1ad1a2049df3a6.ecclesia-nonensis-o-proslosti-ninske-biskupije.aspx<\/a><\/p>\n\n\n\n<p><a href=\"https:\/\/radio.hrt.hr\/radio-zadar\/kultura\/monografija-o-proslosti-ninske-biskupije-11891294\">https:\/\/radio.hrt.hr\/radio-zadar\/kultura\/monografija-o-proslosti-ninske-biskupije-11891294<\/a><\/p>\n\n\n\n<hr class=\"wp-block-separator\"\/>\n","protected":false},"excerpt":{"rendered":"","protected":false},"author":2,"featured_media":43830,"comment_status":"open","ping_status":"open","sticky":false,"template":"","format":"standard","meta":{"_acf_changed":false,"jetpack_post_was_ever_published":false,"_jetpack_newsletter_access":"","_jetpack_dont_email_post_to_subs":false,"_jetpack_newsletter_tier_id":0,"_jetpack_memberships_contains_paywalled_content":false,"_jetpack_memberships_contains_paid_content":false,"footnotes":"","jetpack_publicize_message":"","jetpack_publicize_feature_enabled":true,"jetpack_social_post_already_shared":true,"jetpack_social_options":{"image_generator_settings":{"template":"highway","default_image_id":0,"font":"","enabled":false},"version":2}},"categories":[3],"tags":[],"class_list":["post-43829","post","type-post","status-publish","format-standard","has-post-thumbnail","hentry","category-novosti"],"acf":{"facebook_opis":""},"jetpack_publicize_connections":[],"jetpack_featured_media_url":"https:\/\/i0.wp.com\/historiografija.hr\/wp-content\/uploads\/2024\/12\/Ninska_biskupija.jpg?fit=800%2C800&ssl=1","jetpack_sharing_enabled":true,"jetpack-related-posts":[],"_links":{"self":[{"href":"https:\/\/historiografija.hr\/index.php?rest_route=\/wp\/v2\/posts\/43829","targetHints":{"allow":["GET"]}}],"collection":[{"href":"https:\/\/historiografija.hr\/index.php?rest_route=\/wp\/v2\/posts"}],"about":[{"href":"https:\/\/historiografija.hr\/index.php?rest_route=\/wp\/v2\/types\/post"}],"author":[{"embeddable":true,"href":"https:\/\/historiografija.hr\/index.php?rest_route=\/wp\/v2\/users\/2"}],"replies":[{"embeddable":true,"href":"https:\/\/historiografija.hr\/index.php?rest_route=%2Fwp%2Fv2%2Fcomments&post=43829"}],"version-history":[{"count":1,"href":"https:\/\/historiografija.hr\/index.php?rest_route=\/wp\/v2\/posts\/43829\/revisions"}],"predecessor-version":[{"id":43831,"href":"https:\/\/historiografija.hr\/index.php?rest_route=\/wp\/v2\/posts\/43829\/revisions\/43831"}],"wp:featuredmedia":[{"embeddable":true,"href":"https:\/\/historiografija.hr\/index.php?rest_route=\/wp\/v2\/media\/43830"}],"wp:attachment":[{"href":"https:\/\/historiografija.hr\/index.php?rest_route=%2Fwp%2Fv2%2Fmedia&parent=43829"}],"wp:term":[{"taxonomy":"category","embeddable":true,"href":"https:\/\/historiografija.hr\/index.php?rest_route=%2Fwp%2Fv2%2Fcategories&post=43829"},{"taxonomy":"post_tag","embeddable":true,"href":"https:\/\/historiografija.hr\/index.php?rest_route=%2Fwp%2Fv2%2Ftags&post=43829"}],"curies":[{"name":"wp","href":"https:\/\/api.w.org\/{rel}","templated":true}]}}