{"id":43820,"date":"2024-12-09T13:45:41","date_gmt":"2024-12-09T13:45:41","guid":{"rendered":"http:\/\/historiografija.hr\/?p=43820"},"modified":"2024-12-09T13:45:41","modified_gmt":"2024-12-09T13:45:41","slug":"medunarodni-skup-i-radionica-otkrivanje-dalmacije-x","status":"publish","type":"post","link":"https:\/\/historiografija.hr\/?p=43820","title":{"rendered":"Me\u0111unarodni skup i radionica \u201eOtkrivanje Dalmacije X\u201c"},"content":{"rendered":"\n<p>Institut za povijest umjetnosti i Muzej grada Splita vas srda\u010dno pozivaju na<\/p>\n\n\n\n<p><strong>OTKRIVANJE DALMACIJE X<\/strong><\/p>\n\n\n\n<p><strong>Tjedan znanstvenih i stru\u010dnih doga\u0111anja<br>9\u201314\/12\/24<br>Institut za povijest umjetnosti \u2013 Centar Cvito Fiskovi\u0107 u Splitu<br>Muzej grada Splita, Stara gradska vije\u0107nica<\/strong><\/p>\n\n\n\n<p><em>Me\u0111unarodna radionica<\/em><br><strong>From Constantinople to the Adriatic, and Back<\/strong><br>koju su koncipirali i organizirali dr. sc. Jo\u0161ko Belamari\u0107 i dr. sc. Ana \u0160verko u sklopu znanstvenog projekta Instituta za povijest umjetnosti <a href=\"https:\/\/ipu.hr\/article\/hr\/1609\/UrbArh\">UrbArh<\/a>, koji vodi dr. sc. Matko Maru\u0161i\u0107, a financira Europska unija \u2013 NextGenerationEU<\/p>\n\n\n\n<p><em>Me\u0111unarodni znanstveni skup<\/em><\/p>\n\n\n\n<p><strong>Putopisni narativi i stvaranje slike o umjetni\u010dkoj ba\u0161tini Dalmacije u modernoj Europi (c. 1675. \u2013 c. 1941.)<\/strong><\/p>\n\n\n\n<p>koncipiran i organiziran u sklopu HRZZ projekta Instituta za povijest umjetnosti <a href=\"https:\/\/ipu.hr\/article\/hr\/1615\/TraveloguesDalmatia\">TraveloguesDalmatia<\/a>, koji vodi dr. sc. Ana \u0160verko<\/p>\n\n\n\n<p><strong>Znanstveni odbor<\/strong><br>Basile Baudez (Princeton University, Department of Art and Archaeology)<br>Jo\u0161ko Belamari\u0107 (Institut za povijest umjetnosti \u2013 Centar Cvito Fiskovi\u0107 Split)<br>Mateo Bratani\u0107 (Odjel za povijest Sveu\u010dili\u0161ta u Zadru)<br>Iain Gordon Brown (Honorary Fellow, National Library of Scotland)<br>Hrvoje Gr\u017eina (Hrvatski dr\u017eavni arhiv)<br>Katrina O\u2019Loughlin (Brunel University London)<br>Cvijeta Pavlovi\u0107 (Filozofski fakultet Sveu\u010dili\u0161ta u Zagrebu, Odsjek za komparativnu knji\u017eevnost)<br>Frances Sands (Sir John Soane\u2019s Museum)<br>Marko \u0160piki\u0107 (Filozofski fakultet Sveu\u010dili\u0161ta u Zagrebu, Odsjek za povijest umjetnosti)<br>Ana \u0160verko (Institut za povijest umjetnosti \u2013 Centar Cvito Fiskovi\u0107 Split)<br>Elke Katharina Wittich (Leibniz Universit\u00e4t Hannover)<\/p>\n\n\n\n<p><strong>Organizacijski odbor<\/strong><br>Jo\u0161ko Belamari\u0107 (Institut za povijest umjetnosti \u2013 Centar Cvito Fiskovi\u0107 Split)<br>Tomislav Bosni\u0107 (Institut za povijest umjetnosti \u2013 Centar Cvito Fiskovi\u0107 Split)<br>Mateo Bratani\u0107 (Odjel za povijest Sveu\u010dili\u0161ta u Zadru)<br>Ana \u0106uri\u0107 (Institut za povijest umjetnosti)<br>Matko Matija Maru\u0161i\u0107 (Institut za povijest umjetnosti)<br>Katrina O\u2019Loughlin (Brunel University London)<br>Cvijeta Pavlovi\u0107 (Filozofski fakultet Sveu\u010dili\u0161ta u Zagrebu, Odsjek za komparativnu knji\u017eevnost)<br>Ana \u0160verko (Institut za povijest umjetnosti \u2013 Centar Cvito Fiskovi\u0107 Split)<\/p>\n\n\n\n<hr class=\"wp-block-separator\"\/>\n\n\n\n<p><strong>PROGRAM I KNJI\u017dICA SA\u017dETAKA (pdf):<\/strong><\/p>\n\n\n\n<p><a href=\"https:\/\/ipu.hr\/article\/hr\/1834\/otkrivanje-dalmacije-x\">https:\/\/ipu.hr\/article\/hr\/1834\/otkrivanje-dalmacije-x<\/a><\/p>\n\n\n\n<hr class=\"wp-block-separator\"\/>\n","protected":false},"excerpt":{"rendered":"","protected":false},"author":2,"featured_media":43821,"comment_status":"open","ping_status":"open","sticky":false,"template":"","format":"standard","meta":{"_acf_changed":false,"jetpack_post_was_ever_published":false,"_jetpack_newsletter_access":"","_jetpack_dont_email_post_to_subs":false,"_jetpack_newsletter_tier_id":0,"_jetpack_memberships_contains_paywalled_content":false,"_jetpack_memberships_contains_paid_content":false,"footnotes":"","jetpack_publicize_message":"","jetpack_publicize_feature_enabled":true,"jetpack_social_post_already_shared":true,"jetpack_social_options":{"image_generator_settings":{"template":"highway","default_image_id":0,"font":"","enabled":false},"version":2}},"categories":[3,9],"tags":[],"class_list":["post-43820","post","type-post","status-publish","format-standard","has-post-thumbnail","hentry","category-novosti","category-skupovi"],"acf":{"facebook_opis":""},"jetpack_publicize_connections":[],"jetpack_featured_media_url":"https:\/\/i0.wp.com\/historiografija.hr\/wp-content\/uploads\/2024\/12\/Otkrivanje_Dalmacije.jpg?fit=1889%2C1181&ssl=1","jetpack_sharing_enabled":true,"jetpack-related-posts":[],"_links":{"self":[{"href":"https:\/\/historiografija.hr\/index.php?rest_route=\/wp\/v2\/posts\/43820","targetHints":{"allow":["GET"]}}],"collection":[{"href":"https:\/\/historiografija.hr\/index.php?rest_route=\/wp\/v2\/posts"}],"about":[{"href":"https:\/\/historiografija.hr\/index.php?rest_route=\/wp\/v2\/types\/post"}],"author":[{"embeddable":true,"href":"https:\/\/historiografija.hr\/index.php?rest_route=\/wp\/v2\/users\/2"}],"replies":[{"embeddable":true,"href":"https:\/\/historiografija.hr\/index.php?rest_route=%2Fwp%2Fv2%2Fcomments&post=43820"}],"version-history":[{"count":1,"href":"https:\/\/historiografija.hr\/index.php?rest_route=\/wp\/v2\/posts\/43820\/revisions"}],"predecessor-version":[{"id":43822,"href":"https:\/\/historiografija.hr\/index.php?rest_route=\/wp\/v2\/posts\/43820\/revisions\/43822"}],"wp:featuredmedia":[{"embeddable":true,"href":"https:\/\/historiografija.hr\/index.php?rest_route=\/wp\/v2\/media\/43821"}],"wp:attachment":[{"href":"https:\/\/historiografija.hr\/index.php?rest_route=%2Fwp%2Fv2%2Fmedia&parent=43820"}],"wp:term":[{"taxonomy":"category","embeddable":true,"href":"https:\/\/historiografija.hr\/index.php?rest_route=%2Fwp%2Fv2%2Fcategories&post=43820"},{"taxonomy":"post_tag","embeddable":true,"href":"https:\/\/historiografija.hr\/index.php?rest_route=%2Fwp%2Fv2%2Ftags&post=43820"}],"curies":[{"name":"wp","href":"https:\/\/api.w.org\/{rel}","templated":true}]}}