{"id":43811,"date":"2024-12-09T13:03:36","date_gmt":"2024-12-09T13:03:36","guid":{"rendered":"http:\/\/historiografija.hr\/?p=43811"},"modified":"2025-01-14T22:06:18","modified_gmt":"2025-01-14T22:06:18","slug":"javno-predstavljanje-projekta-erc-a-pravo-na-stan-proizvodnja-prostora-svakodnevnog-zivljenja-u-jugoslaviji-1945-1991","status":"publish","type":"post","link":"https:\/\/historiografija.hr\/?p=43811","title":{"rendered":"Javno predstavljanje projekta ERC-a \u201ePravo na stan: proizvodnja prostora svakodnevnog \u017eivljenja u Jugoslaviji (1945.\u20131991.)\u201c"},"content":{"rendered":"\n<p>Javno predstavljanje projekta <strong>\u201ePravo na stan: proizvodnja prostora svakodnevnog \u017eivljenja u Jugoslaviji (1945. \u2013 1991.)\u201c <\/strong>voditeljice <strong>dr. sc. Tamare Bja\u017ei\u0107 Klarin<\/strong>, koji je podr\u017ean od <strong>Europskoga istra\u017eiva\u010dkog vije\u0107a <\/strong>(ERC), odr\u017eat \u0107e se u <strong>ponedjeljak, 9. prosinca 2024.<\/strong>, s po\u010detkom u <strong>13:00 sati na podestu Instituta za povijest umjetnosti <\/strong>u zgradi Pu\u010dkog otvorenog u\u010dili\u0161ta (Ulica grada Vukovara 68\/3. kat).<\/p>\n\n\n\n<p>Uvodne rije\u010di odr\u017eat \u0107e <strong>doc. dr. sc. Tamara Jurki\u0107 Sviben<\/strong>, predsjednica Upravnog vije\u0107a Instituta i <strong>dr. sc. Katarina Horvat-Levaj<\/strong>, ravnateljica Instituta. U predstavljanju koje \u0107e moderirati <strong>dr. sc. Petar Prelog <\/strong>sudjeluju voditeljica i istra\u017eiva\u010di na projektu: <strong>dr. sc. Tamara Bja\u017ei\u0107 Klarin<\/strong>, <strong>dr. sc. Ljiljana Kole\u0161nik <\/strong>i <strong>Irena \u0160imi\u0107 <\/strong>(Institut za povijest umjetnosti), <strong>dr. sc. Lidija Butkovi\u0107 Mi\u0107in<\/strong> (Odjel za povijest umjetnosti Sveu\u010dili\u0161ta u Zadru), <strong>prof. dr. sc. Igor Duda<\/strong> (Centar za kulturolo\u0161ka i povijesna istra\u017eivanja socijalizma Sveu\u010dili\u0161ta Jurja Dobrile u Puli) i <strong>dr. sc. Martina Male\u0161i\u010d <\/strong>(Muzej za arhitekturo in oblikovanje, Ljubljana).<\/p>\n\n\n\n<p><strong>ERC<\/strong> je u okviru <strong>Obzora Europa <\/strong>jedan od najkonkurentnijih programa financiranja istra\u017eiva\u010dkih projekata, namijenjenih iskusnim znanstvenicima. Projekt <strong>Housing.Yu <\/strong>prvi je hrvatski projekt dobitnik ERC-a u podru\u010dju humanisti\u010dkih znanosti koji \u0107e se provoditi na hrvatskoj znanstvenoj instituciji, Institutu za povijest umjetnosti.<\/p>\n\n\n\n<p>Vi\u0161e informacija:<\/p>\n\n\n\n<p><a href=\"https:\/\/ipu.hr\/article\/hr\/1838\/javno-predstavljanje-projekta-erc-a-pravo-na-stan-proizvodnja-prostora-svakodnevnog-zivljenja-u-jugoslaviji-19451991\">https:\/\/ipu.hr\/article\/hr\/1838\/javno-predstavljanje-projekta-erc-a-pravo-na-stan-proizvodnja-prostora-svakodnevnog-zivljenja-u-jugoslaviji-19451991<\/a><\/p>\n\n\n\n<p><a href=\"https:\/\/ipu.hr\/article\/hr\/1830\/consolidator-grant-europskoga-istrazivackog-vijeca-dodijeljen-dr-sc-tamari-bjazic-klarin-za-istrazivanje-stambene-izgradnje-jugoslavije\">https:\/\/ipu.hr\/article\/hr\/1830\/consolidator-grant-europskoga-istrazivackog-vijeca-dodijeljen-dr-sc-tamari-bjazic-klarin-za-istrazivanje-stambene-izgradnje-jugoslavije<\/a><\/p>\n\n\n\n<p><a href=\"https:\/\/www.unipu.hr\/ckpis\/obavijesti?@=2fk8g\">https:\/\/www.unipu.hr\/ckpis\/obavijesti?@=2fk8g<\/a><\/p>\n\n\n\n<hr class=\"wp-block-separator has-css-opacity\"\/>\n\n\n\n<p>Iz medija:<\/p>\n\n\n\n<p><a href=\"https:\/\/www.culturenet.hr\/tamari-bjazic-klarin-za-istrazivanje-stambene-izgradnje-jugoslavije-dodijeljen-consolidator-grant-europskoga-istrazivackog-vijeca\/215347\">https:\/\/www.culturenet.hr\/tamari-bjazic-klarin-za-istrazivanje-stambene-izgradnje-jugoslavije-dodijeljen-consolidator-grant-europskoga-istrazivackog-vijeca\/215347<\/a><\/p>\n\n\n\n<p><a href=\"https:\/\/www.jutarnji.hr\/life\/znanost\/hrvatica-je-upravo-dobila-znanstvenog-oscara-suocavamo-se-sa-stambenom-krizom-ovaj-projekt-iznimno-je-vazan-15528958\">https:\/\/www.jutarnji.hr\/life\/znanost\/hrvatica-je-upravo-dobila-znanstvenog-oscara-suocavamo-se-sa-stambenom-krizom-ovaj-projekt-iznimno-je-vazan-15528958<\/a><\/p>\n\n\n\n<p><a href=\"https:\/\/www.jutarnji.hr\/kultura\/art\/danas-se-u-zagrebu-grade-slamovi-a-tek-novi-zagreb-a-pogledajte-sto-je-napravila-ratom-razrusena-jugoslavija-15530590\">https:\/\/www.jutarnji.hr\/kultura\/art\/danas-se-u-zagrebu-grade-slamovi-a-tek-novi-zagreb-a-pogledajte-sto-je-napravila-ratom-razrusena-jugoslavija-15530590<\/a><\/p>\n\n\n\n<p><a href=\"https:\/\/www.portalnovosti.com\/tamara-bjazic-klarin-jugoslavija-je-europski-laboratorij-stanogradnje\">https:\/\/www.portalnovosti.com\/tamara-bjazic-klarin-jugoslavija-je-europski-laboratorij-stanogradnje<\/a><\/p>\n\n\n\n<hr class=\"wp-block-separator has-css-opacity\"\/>\n","protected":false},"excerpt":{"rendered":"","protected":false},"author":2,"featured_media":43812,"comment_status":"open","ping_status":"open","sticky":false,"template":"","format":"standard","meta":{"_acf_changed":false,"jetpack_post_was_ever_published":false,"_jetpack_newsletter_access":"","_jetpack_dont_email_post_to_subs":false,"_jetpack_newsletter_tier_id":0,"_jetpack_memberships_contains_paywalled_content":false,"_jetpack_memberships_contains_paid_content":false,"footnotes":"","jetpack_publicize_message":"","jetpack_publicize_feature_enabled":true,"jetpack_social_post_already_shared":true,"jetpack_social_options":{"image_generator_settings":{"template":"highway","default_image_id":0,"font":"","enabled":false},"version":2}},"categories":[3],"tags":[],"class_list":["post-43811","post","type-post","status-publish","format-standard","has-post-thumbnail","hentry","category-novosti"],"acf":{"facebook_opis":""},"jetpack_publicize_connections":[],"jetpack_featured_media_url":"https:\/\/i0.wp.com\/historiografija.hr\/wp-content\/uploads\/2024\/12\/erc-housing-yu.jpg?fit=900%2C562&ssl=1","jetpack_sharing_enabled":true,"jetpack-related-posts":[],"_links":{"self":[{"href":"https:\/\/historiografija.hr\/index.php?rest_route=\/wp\/v2\/posts\/43811","targetHints":{"allow":["GET"]}}],"collection":[{"href":"https:\/\/historiografija.hr\/index.php?rest_route=\/wp\/v2\/posts"}],"about":[{"href":"https:\/\/historiografija.hr\/index.php?rest_route=\/wp\/v2\/types\/post"}],"author":[{"embeddable":true,"href":"https:\/\/historiografija.hr\/index.php?rest_route=\/wp\/v2\/users\/2"}],"replies":[{"embeddable":true,"href":"https:\/\/historiografija.hr\/index.php?rest_route=%2Fwp%2Fv2%2Fcomments&post=43811"}],"version-history":[{"count":3,"href":"https:\/\/historiografija.hr\/index.php?rest_route=\/wp\/v2\/posts\/43811\/revisions"}],"predecessor-version":[{"id":44321,"href":"https:\/\/historiografija.hr\/index.php?rest_route=\/wp\/v2\/posts\/43811\/revisions\/44321"}],"wp:featuredmedia":[{"embeddable":true,"href":"https:\/\/historiografija.hr\/index.php?rest_route=\/wp\/v2\/media\/43812"}],"wp:attachment":[{"href":"https:\/\/historiografija.hr\/index.php?rest_route=%2Fwp%2Fv2%2Fmedia&parent=43811"}],"wp:term":[{"taxonomy":"category","embeddable":true,"href":"https:\/\/historiografija.hr\/index.php?rest_route=%2Fwp%2Fv2%2Fcategories&post=43811"},{"taxonomy":"post_tag","embeddable":true,"href":"https:\/\/historiografija.hr\/index.php?rest_route=%2Fwp%2Fv2%2Ftags&post=43811"}],"curies":[{"name":"wp","href":"https:\/\/api.w.org\/{rel}","templated":true}]}}