{"id":43804,"date":"2024-12-06T22:53:22","date_gmt":"2024-12-06T22:53:22","guid":{"rendered":"http:\/\/historiografija.hr\/?p=43804"},"modified":"2024-12-06T22:53:22","modified_gmt":"2024-12-06T22:53:22","slug":"gideon-levy-the-killing-of-gaza-reports-on-a-catastrophe","status":"publish","type":"post","link":"https:\/\/historiografija.hr\/?p=43804","title":{"rendered":"Gideon Levy, &#8220;The Killing of Gaza: Reports on a Catastrophe&#8221;"},"content":{"rendered":"\n<p>Izdava\u010d Verso objavio je 2024. okupljene tekstove izraelskog novinara Gideona Levyja, \u010diji se brojni \u010dlanci iz izraelskih novina \u201eHaaretz\u201c u prijevodu s hebrejskog Alme Ferhat redovito objavljuju na portalu \u201ePe\u0161\u010danik\u201c.<\/p>\n\n\n\n<hr class=\"wp-block-separator\"\/>\n\n\n\n<p><strong>Gideon Levy<\/strong><\/p>\n\n\n\n<p><em>Pe\u0161\u010danik<\/em><\/p>\n\n\n\n<p><a href=\"https:\/\/pescanik.net\/author\/gideonlevi\/\">https:\/\/pescanik.net\/author\/gideonlevi\/<\/a><\/p>\n\n\n\n<hr class=\"wp-block-separator\"\/>\n\n\n\n<p><strong>The Killing of Gaza: Reports on a Catastrophe<\/strong><\/p>\n\n\n\n<p>by Gideon Levy<\/p>\n\n\n\n<p>Translated by David B. Green<\/p>\n\n\n\n<p><strong>Reportage from the frontline of the crisis, from the leading Israeli journalist<\/strong><\/p>\n\n\n\n<p>Gideon Levy is one of the most respected critics of Israel&#8217;s apartheid policies against the Palestinian people. He is the outspoken award-winning journalist who has been writing on the conflict for decades. In <em>The Killing of Gaza<\/em>, he brings together his on-the-ground perspectives of the events leading up to the 7th October and the ensuing devastation of Gaza. His clear-eyed analysis is a vital aperture into current events but he also brings essential historical and political context to the moment. He is unafraid to speak truth to power, and his work is an urgent rebuttal to the propaganda that is distributed through the mainstream liberal press, throughout the world. Levy&#8217;s words should be read by anyone who wants to get the heart of this most brutal conflict and see for themselves that silence is no longer possible in the face of such atrocity.<\/p>\n\n\n\n<hr class=\"wp-block-separator\"\/>\n\n\n\n<p><strong>Gideon Levy<\/strong><\/p>\n\n\n\n<p>Described by <em>Le Monde<\/em> as a \u201cthorn in Israel\u2019s flank\u201d, <strong>Gideon Levy<\/strong> is a prominent Israeli journalist. For over twenty years he has covered the Israel\u2013Palestine conflict, in particular the occupation of Gaza and the West Bank, for the Israeli newspaper <em>Ha\u2019aretz<\/em> in his column \u201cTwilight Zone.\u201d<\/p>\n\n\n\n<hr class=\"wp-block-separator\"\/>\n\n\n\n<p><strong>Reviews<\/strong><\/p>\n\n\n\n<p>Levy is a rare voice of dissent. A humane and courageous Israeli journalist who weekly documents the moral degradation of colonisation on the Jewish state and its disastrous impact on the Palestinian people. This book represents a compelling collection of his writings at a time when his bravery is more needed than ever.<\/p>\n\n\n\n<p><em>Antony Loewenstein, author of The Palestine Laboratory<\/em><\/p>\n\n\n\n<hr class=\"wp-block-separator\"\/>\n\n\n\n<p>[<em>The Killing of Gaza<\/em>] shines an important light on a brutal conflict, without pretending to have a resolution for it.<\/p>\n\n\n\n<p><em>Kirkus Reviews<\/em><\/p>\n\n\n\n<hr class=\"wp-block-separator\"\/>\n\n\n\n<p><em>The Killing of Gaza: Reports on a Catastrophe<\/em> is perhaps the harshest condemnation of Israel&#8217;s war on Gaza from any Israeli.<\/p>\n\n\n\n<p><em>Nathan Robinson,\u00a0 Current Affairs<\/em><\/p>\n\n\n\n<hr class=\"wp-block-separator\"\/>\n\n\n\n<p>In <em>The Killing of Gaza<\/em>, Levy shows how Israel\u2019s routine debasement of Gazans, now intensified by its war against Hamas, has become a primary cause of violence in the region&#8230;It\u2019s fortunate that a few journalists in Haaretz are still able to deliver Israeli readers a powerful critique of the regime\u2019s propaganda\u2014one based on direct Palestinian testimony.<\/p>\n\n\n\n<p><em>Benoit Challand,\u00a0 Public Seminar<\/em><\/p>\n\n\n\n<hr class=\"wp-block-separator\"\/>\n\n\n\n<p>[Levy is] a fierce critic of the occupation &#8230; The chapters describing the harsh daily reality of life under occupation are an eye-opener.<\/p>\n\n\n\n<p><em>Mark Weiss,\u00a0 Irish Times<\/em><\/p>\n\n\n\n<hr class=\"wp-block-separator\"\/>\n\n\n\n<figure class=\"wp-block-embed is-type-link\"><div class=\"wp-block-embed__wrapper\">\n<a href=\"https:\/\/www.versobooks.com\/products\/3297-the-killing-of-gaza\">The Killing of Gaza<\/a>\n<\/div><\/figure>\n\n\n\n<hr class=\"wp-block-separator\"\/>\n","protected":false},"excerpt":{"rendered":"","protected":false},"author":2,"featured_media":43805,"comment_status":"open","ping_status":"open","sticky":false,"template":"","format":"standard","meta":{"_acf_changed":false,"jetpack_post_was_ever_published":false,"_jetpack_newsletter_access":"","_jetpack_dont_email_post_to_subs":false,"_jetpack_newsletter_tier_id":0,"_jetpack_memberships_contains_paywalled_content":false,"_jetpack_memberships_contains_paid_content":false,"footnotes":"","jetpack_publicize_message":"","jetpack_publicize_feature_enabled":true,"jetpack_social_post_already_shared":true,"jetpack_social_options":{"image_generator_settings":{"template":"highway","default_image_id":0,"font":"","enabled":false},"version":2}},"categories":[8,3],"tags":[],"class_list":["post-43804","post","type-post","status-publish","format-standard","has-post-thumbnail","hentry","category-knjige","category-novosti"],"acf":{"facebook_opis":""},"jetpack_publicize_connections":[],"jetpack_featured_media_url":"https:\/\/i0.wp.com\/historiografija.hr\/wp-content\/uploads\/2024\/12\/Gideon_Levy.jpeg?fit=262%2C400&ssl=1","jetpack_sharing_enabled":true,"jetpack-related-posts":[],"_links":{"self":[{"href":"https:\/\/historiografija.hr\/index.php?rest_route=\/wp\/v2\/posts\/43804","targetHints":{"allow":["GET"]}}],"collection":[{"href":"https:\/\/historiografija.hr\/index.php?rest_route=\/wp\/v2\/posts"}],"about":[{"href":"https:\/\/historiografija.hr\/index.php?rest_route=\/wp\/v2\/types\/post"}],"author":[{"embeddable":true,"href":"https:\/\/historiografija.hr\/index.php?rest_route=\/wp\/v2\/users\/2"}],"replies":[{"embeddable":true,"href":"https:\/\/historiografija.hr\/index.php?rest_route=%2Fwp%2Fv2%2Fcomments&post=43804"}],"version-history":[{"count":1,"href":"https:\/\/historiografija.hr\/index.php?rest_route=\/wp\/v2\/posts\/43804\/revisions"}],"predecessor-version":[{"id":43806,"href":"https:\/\/historiografija.hr\/index.php?rest_route=\/wp\/v2\/posts\/43804\/revisions\/43806"}],"wp:featuredmedia":[{"embeddable":true,"href":"https:\/\/historiografija.hr\/index.php?rest_route=\/wp\/v2\/media\/43805"}],"wp:attachment":[{"href":"https:\/\/historiografija.hr\/index.php?rest_route=%2Fwp%2Fv2%2Fmedia&parent=43804"}],"wp:term":[{"taxonomy":"category","embeddable":true,"href":"https:\/\/historiografija.hr\/index.php?rest_route=%2Fwp%2Fv2%2Fcategories&post=43804"},{"taxonomy":"post_tag","embeddable":true,"href":"https:\/\/historiografija.hr\/index.php?rest_route=%2Fwp%2Fv2%2Ftags&post=43804"}],"curies":[{"name":"wp","href":"https:\/\/api.w.org\/{rel}","templated":true}]}}