{"id":43798,"date":"2024-12-06T22:18:38","date_gmt":"2024-12-06T22:18:38","guid":{"rendered":"http:\/\/historiografija.hr\/?p=43798"},"modified":"2024-12-31T16:28:12","modified_gmt":"2024-12-31T16:28:12","slug":"komentari-povjesnicarki-i-povjesnicara-povodom-prijepora-oko-bozicnih-kuglica-inicijative-mladih-za-ljudska-prava","status":"publish","type":"post","link":"https:\/\/historiografija.hr\/?p=43798","title":{"rendered":"Komentari povjesni\u010darki i povjesni\u010dara povodom prijepora oko bo\u017ei\u0107nih kuglica Inicijative mladih za ljudska prava"},"content":{"rendered":"\n<p>Slu\u010daj postavljanja bo\u017ei\u0107nih kuglica s aktivisti\u010dkim porukama Inicijative mladih za ljudska prava izazvao je veliku buru u hrvatskoj javnosti. Uz niz o\u010ditovanja povjesni\u010darki iz Inicijative mladih za ljudska prava, u javne polemike o tom \u010dinu uklju\u010dili su se svojim komentarima i izjavama i povjesni\u010dari Ante Nazor, Dragan Markovina, Tvrtko Jakovina, Branimir Jankovi\u0107 i Hrvoje Klasi\u0107.<\/p>\n\n\n\n<hr class=\"wp-block-separator has-css-opacity\"\/>\n\n\n\n<p><strong>Inicijativa mladih za ljudska prava<\/strong><\/p>\n\n\n\n<p><a href=\"https:\/\/www.yihr.hr\/hr\/iza-postavljanja-kuglica-na-trg-bana-josipa-jelacica-stoji-yihr\">https:\/\/www.yihr.hr\/hr\/iza-postavljanja-kuglica-na-trg-bana-josipa-jelacica-stoji-yihr<\/a><\/p>\n\n\n\n<figure class=\"wp-block-embed-wordpress wp-block-embed is-type-wp-embed is-provider-n-1\"><div class=\"wp-block-embed__wrapper\">\n<blockquote class=\"wp-embedded-content\" data-secret=\"kI3rpYCWoh\"><a href=\"https:\/\/n1info.hr\/vijesti\/inicijativa-mladih-za-ljudska-prava-kuglice\/\">FOTO \/ Oglasila se inicijativa koja stoji iza poruka na bo\u017ei\u0107nom drvcu: Ve\u0107i su problem kuglice nego ratni zlo\u010dinci<\/a><\/blockquote><iframe loading=\"lazy\" class=\"wp-embedded-content\" sandbox=\"allow-scripts\" security=\"restricted\" style=\"position: absolute; visibility: hidden;\" title=\"&#8220;FOTO \/ Oglasila se inicijativa koja stoji iza poruka na bo\u017ei\u0107nom drvcu: Ve\u0107i su problem kuglice nego ratni zlo\u010dinci&#8221; &#8212; N1\" src=\"https:\/\/n1info.hr\/vijesti\/inicijativa-mladih-za-ljudska-prava-kuglice\/embed\/#?secret=7X2v5t2Y4E#?secret=kI3rpYCWoh\" data-secret=\"kI3rpYCWoh\" width=\"600\" height=\"338\" frameborder=\"0\" marginwidth=\"0\" marginheight=\"0\" scrolling=\"no\"><\/iframe>\n<\/div><\/figure>\n\n\n\n<figure class=\"wp-block-embed-wordpress wp-block-embed is-type-wp-embed is-provider-h-alter\"><div class=\"wp-block-embed__wrapper\">\n<blockquote class=\"wp-embedded-content\" data-secret=\"KP0ln0bncU\"><a href=\"https:\/\/h-alter.org\/vijesti\/sto-je-veci-problem-kuglice-na-boru-ili-ratni-zlocini\/\">\u0160to je ve\u0107i problem: kuglice na boru ili ratni zlo\u010dini?<\/a><\/blockquote><iframe loading=\"lazy\" class=\"wp-embedded-content\" sandbox=\"allow-scripts\" security=\"restricted\" style=\"position: absolute; visibility: hidden;\" title=\"&#8220;\u0160to je ve\u0107i problem: kuglice na boru ili ratni zlo\u010dini?&#8221; &#8212; H-Alter\" src=\"https:\/\/h-alter.org\/vijesti\/sto-je-veci-problem-kuglice-na-boru-ili-ratni-zlocini\/embed\/#?secret=DFkr3avkQQ#?secret=KP0ln0bncU\" data-secret=\"KP0ln0bncU\" width=\"600\" height=\"338\" frameborder=\"0\" marginwidth=\"0\" marginheight=\"0\" scrolling=\"no\"><\/iframe>\n<\/div><\/figure>\n\n\n\n<p><a href=\"https:\/\/slobodnadalmacija.hr\/vijesti\/hrvatska\/cast-i-ugled-hrvatske-ne-ruse-nase-kuglice-s-porukama-ruse-ih-odlikovanja-ratnim-zlocincima-i-treba-im-ih-oduzeti-1437628\">https:\/\/slobodnadalmacija.hr\/vijesti\/hrvatska\/cast-i-ugled-hrvatske-ne-ruse-nase-kuglice-s-porukama-ruse-ih-odlikovanja-ratnim-zlocincima-i-treba-im-ih-oduzeti-1437628<\/a><\/p>\n\n\n\n<p><a href=\"https:\/\/www.vecernji.hr\/zagreb\/oglasio-se-yihr-iza-postavljanja-kuglica-na-bor-ne-stoji-nikakav-govor-mrznje-vec-zelja-za-poticanjem-dijaloga-1820543\">https:\/\/www.vecernji.hr\/zagreb\/oglasio-se-yihr-iza-postavljanja-kuglica-na-bor-ne-stoji-nikakav-govor-mrznje-vec-zelja-za-poticanjem-dijaloga-1820543<\/a><\/p>\n\n\n\n<p><a href=\"https:\/\/dnevnik.hr\/vijesti\/hrvatska\/braniteljske-udruge-kazneno-ce-prijaviti-udrugu-koja-stoji-iza-politickih-poruka-na-jelci---883639.html\">https:\/\/dnevnik.hr\/vijesti\/hrvatska\/braniteljske-udruge-kazneno-ce-prijaviti-udrugu-koja-stoji-iza-politickih-poruka-na-jelci&#8212;883639.html<\/a><\/p>\n\n\n\n<figure class=\"wp-block-embed-wordpress wp-block-embed is-type-wp-embed is-provider-h-alter\"><div class=\"wp-block-embed__wrapper\">\n<blockquote class=\"wp-embedded-content\" data-secret=\"47TNeVU4pG\"><a href=\"https:\/\/h-alter.org\/ljudska-prava\/adventska-hajka\/\">Adventska hajka<\/a><\/blockquote><iframe loading=\"lazy\" class=\"wp-embedded-content\" sandbox=\"allow-scripts\" security=\"restricted\" style=\"position: absolute; visibility: hidden;\" title=\"&#8220;Adventska hajka&#8221; &#8212; H-Alter\" src=\"https:\/\/h-alter.org\/ljudska-prava\/adventska-hajka\/embed\/#?secret=Jqj8fDE6m4#?secret=47TNeVU4pG\" data-secret=\"47TNeVU4pG\" width=\"600\" height=\"338\" frameborder=\"0\" marginwidth=\"0\" marginheight=\"0\" scrolling=\"no\"><\/iframe>\n<\/div><\/figure>\n\n\n\n<figure class=\"wp-block-embed-wordpress wp-block-embed is-type-wp-embed is-provider-n-1\"><div class=\"wp-block-embed__wrapper\">\n<blockquote class=\"wp-embedded-content\" data-secret=\"RdvgX1ncVj\"><a href=\"https:\/\/n1info.ba\/video\/dan-uzivo\/bozicne-kuglice-u-zagrebu-koje-su-izazvale-ogromnu-paznju-javnosti\/\">Bo\u017ei\u0107ne kuglice u Zagrebu koje su izazvale ogromnu pa\u017enju javnosti<\/a><\/blockquote><iframe loading=\"lazy\" class=\"wp-embedded-content\" sandbox=\"allow-scripts\" security=\"restricted\" style=\"position: absolute; visibility: hidden;\" title=\"&#8220;Bo\u017ei\u0107ne kuglice u Zagrebu koje su izazvale ogromnu pa\u017enju javnosti&#8221; &#8212; N1\" src=\"https:\/\/n1info.ba\/video\/dan-uzivo\/bozicne-kuglice-u-zagrebu-koje-su-izazvale-ogromnu-paznju-javnosti\/embed\/#?secret=zC4WM2QqlT#?secret=RdvgX1ncVj\" data-secret=\"RdvgX1ncVj\" width=\"600\" height=\"338\" frameborder=\"0\" marginwidth=\"0\" marginheight=\"0\" scrolling=\"no\"><\/iframe>\n<\/div><\/figure>\n\n\n\n<hr class=\"wp-block-separator has-css-opacity\"\/>\n\n\n\n<p><strong>Ante Nazor<\/strong><\/p>\n\n\n\n<p><a href=\"https:\/\/www.jutarnji.hr\/vijesti\/zagreb\/novi-detalji-oko-kontroverznih-kuglica-na-boru-oglasio-se-tomasevic-aktivistima-ostru-poruku-uputio-i-ante-nazor-15529104\">https:\/\/www.jutarnji.hr\/vijesti\/zagreb\/novi-detalji-oko-kontroverznih-kuglica-na-boru-oglasio-se-tomasevic-aktivistima-ostru-poruku-uputio-i-ante-nazor-15529104<\/a><\/p>\n\n\n\n<p><a href=\"https:\/\/direktno.hr\/domovina\/povjesnicar-odgovorio-aktivistima-s-kuglicama-spomenuo-stepinca-i-tudmana-360275\/\">https:\/\/direktno.hr\/domovina\/povjesnicar-odgovorio-aktivistima-s-kuglicama-spomenuo-stepinca-i-tudmana-360275\/<\/a><\/p>\n\n\n\n<hr class=\"wp-block-separator has-css-opacity\"\/>\n\n\n\n<p><strong>Dragan Markovina<\/strong><\/p>\n\n\n\n<figure class=\"wp-block-embed-wordpress wp-block-embed is-type-wp-embed is-provider-pescanik\"><div class=\"wp-block-embed__wrapper\">\n<blockquote class=\"wp-embedded-content\" data-secret=\"gnYAhJNTUU\"><a href=\"https:\/\/pescanik.net\/bozicno-novogodisnja-jelka-kao-politicko-pitanje\/\">Bo\u017ei\u0107no-novogodi\u0161nja jelka kao politi\u010dko pitanje<\/a><\/blockquote><iframe loading=\"lazy\" class=\"wp-embedded-content\" sandbox=\"allow-scripts\" security=\"restricted\" style=\"position: absolute; visibility: hidden;\" title=\"&#8220;Bo\u017ei\u0107no-novogodi\u0161nja jelka kao politi\u010dko pitanje&#8221; &#8212; Pe\u0161\u010danik\" src=\"https:\/\/pescanik.net\/bozicno-novogodisnja-jelka-kao-politicko-pitanje\/embed\/#?secret=lckSu2Gz3E#?secret=gnYAhJNTUU\" data-secret=\"gnYAhJNTUU\" width=\"600\" height=\"338\" frameborder=\"0\" marginwidth=\"0\" marginheight=\"0\" scrolling=\"no\"><\/iframe>\n<\/div><\/figure>\n\n\n\n<hr class=\"wp-block-separator has-css-opacity\"\/>\n\n\n\n<p><strong>Tvrtko Jakovina<\/strong><\/p>\n\n\n\n<p><a href=\"https:\/\/www.24sata.hr\/news\/kuglice-donose-razdor-nove-poruke-s-jelke-na-zagrebackom-trgu-uklonili-komunalni-redari-1019706\">https:\/\/www.24sata.hr\/news\/kuglice-donose-razdor-nove-poruke-s-jelke-na-zagrebackom-trgu-uklonili-komunalni-redari-1019706<\/a><\/p>\n\n\n\n<hr class=\"wp-block-separator has-css-opacity\"\/>\n\n\n\n<p><strong>Branimir Jankovi\u0107<\/strong><\/p>\n\n\n\n<figure class=\"wp-block-embed-wordpress wp-block-embed is-type-wp-embed is-provider-h-alter\"><div class=\"wp-block-embed__wrapper\">\n<blockquote class=\"wp-embedded-content\" data-secret=\"47TNeVU4pG\"><a href=\"https:\/\/h-alter.org\/ljudska-prava\/adventska-hajka\/\">Adventska hajka<\/a><\/blockquote><iframe loading=\"lazy\" class=\"wp-embedded-content\" sandbox=\"allow-scripts\" security=\"restricted\" style=\"position: absolute; visibility: hidden;\" title=\"&#8220;Adventska hajka&#8221; &#8212; H-Alter\" src=\"https:\/\/h-alter.org\/ljudska-prava\/adventska-hajka\/embed\/#?secret=Jqj8fDE6m4#?secret=47TNeVU4pG\" data-secret=\"47TNeVU4pG\" width=\"600\" height=\"338\" frameborder=\"0\" marginwidth=\"0\" marginheight=\"0\" scrolling=\"no\"><\/iframe>\n<\/div><\/figure>\n\n\n\n<hr class=\"wp-block-separator has-css-opacity\"\/>\n\n\n\n<p><strong>Hrvoje Klasi\u0107<\/strong><\/p>\n\n\n\n<p><a href=\"https:\/\/www.portalnovosti.com\/ljudska-prava-pod-bor\">https:\/\/www.portalnovosti.com\/ljudska-prava-pod-bor<\/a><\/p>\n\n\n\n<hr class=\"wp-block-separator has-alpha-channel-opacity\"\/>\n\n\n\n<p><strong>Iz medija:<\/strong><\/p>\n\n\n\n<figure class=\"wp-block-embed is-type-wp-embed is-provider-faktograf-hr wp-block-embed-faktograf-hr\"><div class=\"wp-block-embed__wrapper\">\n<blockquote class=\"wp-embedded-content\" data-secret=\"sI9wSDG9EN\"><a href=\"https:\/\/faktograf.hr\/2024\/12\/06\/sto-je-govor-mrznje\/\">\u0160to je govor mr\u017enje?<\/a><\/blockquote><iframe loading=\"lazy\" class=\"wp-embedded-content\" sandbox=\"allow-scripts\" security=\"restricted\" style=\"position: absolute; visibility: hidden;\" title=\"&#8220;\u0160to je govor mr\u017enje?&#8221; &#8212; Faktograf.hr\" src=\"https:\/\/faktograf.hr\/2024\/12\/06\/sto-je-govor-mrznje\/embed\/#?secret=OPP7OAd20g#?secret=sI9wSDG9EN\" data-secret=\"sI9wSDG9EN\" width=\"600\" height=\"338\" frameborder=\"0\" marginwidth=\"0\" marginheight=\"0\" scrolling=\"no\"><\/iframe>\n<\/div><\/figure>\n\n\n\n<p><a href=\"https:\/\/portalnovosti.com\/antifasisticka-liga-poruke-inicijative-mladih-ne-sire-mrznju\">https:\/\/portalnovosti.com\/antifasisticka-liga-poruke-inicijative-mladih-ne-sire-mrznju<\/a><\/p>\n\n\n\n<p><a href=\"https:\/\/www.24sata.hr\/news\/antifasisticka-liga-o-spornim-kuglicama-iz-zagreba-te-poruke-nazalost-ne-govore-nista-novo-1019719\">https:\/\/www.24sata.hr\/news\/antifasisticka-liga-o-spornim-kuglicama-iz-zagreba-te-poruke-nazalost-ne-govore-nista-novo-1019719<\/a><\/p>\n\n\n\n<figure class=\"wp-block-embed is-type-wp-embed is-provider-h-alter wp-block-embed-h-alter\"><div class=\"wp-block-embed__wrapper\">\n<blockquote class=\"wp-embedded-content\" data-secret=\"SzPemMLTv9\"><a href=\"https:\/\/h-alter.org\/vijesti\/trag-izvornog-krscanstva-u-sveopcem-prenemaganju-reakcija-antifasisticke-lige-na-napade-na-yihr\/\">Trag izvornog kr\u0161\u0107anstva u sveop\u0107em prenemaganju &#8211; reakcija Antifa\u0161isti\u010dke lige na napade na YIHR<\/a><\/blockquote><iframe loading=\"lazy\" class=\"wp-embedded-content\" sandbox=\"allow-scripts\" security=\"restricted\" style=\"position: absolute; visibility: hidden;\" title=\"&#8220;Trag izvornog kr\u0161\u0107anstva u sveop\u0107em prenemaganju &#8211; reakcija Antifa\u0161isti\u010dke lige na napade na YIHR&#8221; &#8212; H-Alter\" src=\"https:\/\/h-alter.org\/vijesti\/trag-izvornog-krscanstva-u-sveopcem-prenemaganju-reakcija-antifasisticke-lige-na-napade-na-yihr\/embed\/#?secret=5KILuveZam#?secret=SzPemMLTv9\" data-secret=\"SzPemMLTv9\" width=\"600\" height=\"338\" frameborder=\"0\" marginwidth=\"0\" marginheight=\"0\" scrolling=\"no\"><\/iframe>\n<\/div><\/figure>\n\n\n\n<p><a href=\"https:\/\/lupiga.com\/kolumne\/od-kartona-napravili-slona-kako-su-benigne-bozicne-kuglice-potresle-hrvatsku\">https:\/\/lupiga.com\/kolumne\/od-kartona-napravili-slona-kako-su-benigne-bozicne-kuglice-potresle-hrvatsku<\/a><\/p>\n\n\n\n<p><a href=\"https:\/\/forum.tm\/vijesti\/tko-ovdje-siri-govor-mrznje-8153\">https:\/\/forum.tm\/vijesti\/tko-ovdje-siri-govor-mrznje-8153<\/a><\/p>\n\n\n\n<hr class=\"wp-block-separator has-css-opacity\"\/>\n\n\n\n<p><a href=\"https:\/\/dnevnik.hr\/vijesti\/hrvatska\/ured-za-udruge-vlade-rh-ne-financira-inicijativu-mladih-za-ljudska-prava---884026.html\">https:\/\/dnevnik.hr\/vijesti\/hrvatska\/ured-za-udruge-vlade-rh-ne-financira-inicijativu-mladih-za-ljudska-prava&#8212;884026.html<\/a><\/p>\n\n\n\n<p><a href=\"https:\/\/www.tportal.hr\/vijesti\/clanak\/ured-za-udruge-vlade-rh-ne-financira-inicijativu-mladih-za-ljudska-prava-20241205\">https:\/\/www.tportal.hr\/vijesti\/clanak\/ured-za-udruge-vlade-rh-ne-financira-inicijativu-mladih-za-ljudska-prava-20241205<\/a><\/p>\n\n\n\n<p><a href=\"https:\/\/www.index.hr\/vijesti\/clanak\/vlada-tvrdi-da-ne-financira-udrugu-mladih-koja-je-postavila-ukrase-na-bor-u-zagrebu\/2621694.aspx\">https:\/\/www.index.hr\/vijesti\/clanak\/vlada-tvrdi-da-ne-financira-udrugu-mladih-koja-je-postavila-ukrase-na-bor-u-zagrebu\/2621694.aspx<\/a><\/p>\n\n\n\n<hr class=\"wp-block-separator has-css-opacity\"\/>\n\n\n\n<figure class=\"wp-block-embed is-type-wp-embed is-provider-narod-hr wp-block-embed-narod-hr\"><div class=\"wp-block-embed__wrapper\">\n<blockquote class=\"wp-embedded-content\" data-secret=\"f0cW0TqapR\"><a href=\"https:\/\/narod.hr\/hrvatska\/pogledajte-kuglice-koje-su-osvanule-na-jelki-u-zagrebackoj-gradskoj-skupstini\">Pogledajte kuglice koje su osvanule na jelki u zagreba\u010dkoj Gradskoj skup\u0161tini!<\/a><\/blockquote><iframe loading=\"lazy\" class=\"wp-embedded-content\" sandbox=\"allow-scripts\" security=\"restricted\" style=\"position: absolute; visibility: hidden;\" title=\"&#8220;Pogledajte kuglice koje su osvanule na jelki u zagreba\u010dkoj Gradskoj skup\u0161tini!&#8221; &#8212; narod.hr\" src=\"https:\/\/narod.hr\/hrvatska\/pogledajte-kuglice-koje-su-osvanule-na-jelki-u-zagrebackoj-gradskoj-skupstini\/embed#?secret=dq56xRRjAU#?secret=f0cW0TqapR\" data-secret=\"f0cW0TqapR\" width=\"600\" height=\"338\" frameborder=\"0\" marginwidth=\"0\" marginheight=\"0\" scrolling=\"no\"><\/iframe>\n<\/div><\/figure>\n\n\n\n<figure class=\"wp-block-embed is-type-wp-embed is-provider-narod-hr wp-block-embed-narod-hr\"><div class=\"wp-block-embed__wrapper\">\n<blockquote class=\"wp-embedded-content\" data-secret=\"ceNOzqdnGM\"><a href=\"https:\/\/narod.hr\/hrvatska\/osvanule-nove-kuglice-na-zagrebackoj-jelki-s-porukama-o-bleiburgu-vukovaru-brestovcu\">Osvanule nove kuglice na zagreba\u010dkoj jelki s porukama o Bleiburgu, Vukovaru, Brestovcu&#8230;<\/a><\/blockquote><iframe loading=\"lazy\" class=\"wp-embedded-content\" sandbox=\"allow-scripts\" security=\"restricted\" style=\"position: absolute; visibility: hidden;\" title=\"&#8220;Osvanule nove kuglice na zagreba\u010dkoj jelki s porukama o Bleiburgu, Vukovaru, Brestovcu&#8230;&#8221; &#8212; narod.hr\" src=\"https:\/\/narod.hr\/hrvatska\/osvanule-nove-kuglice-na-zagrebackoj-jelki-s-porukama-o-bleiburgu-vukovaru-brestovcu\/embed#?secret=6LK7532OCr#?secret=ceNOzqdnGM\" data-secret=\"ceNOzqdnGM\" width=\"600\" height=\"338\" frameborder=\"0\" marginwidth=\"0\" marginheight=\"0\" scrolling=\"no\"><\/iframe>\n<\/div><\/figure>\n\n\n\n<figure class=\"wp-block-embed-wordpress wp-block-embed is-type-wp-embed is-provider-narod-hr\"><div class=\"wp-block-embed__wrapper\">\n<blockquote class=\"wp-embedded-content\" data-secret=\"ZviaM3rGyv\"><a href=\"https:\/\/narod.hr\/hrvatska\/inicijativa-mladih-redovno-blati-rh-i-domovinski-rat-evo-koliko-novca-dobivaju-za-to\">Inicijativa mladih redovno blati RH i Domovinski rat: Evo koliko novca dobivaju za to<\/a><\/blockquote><iframe loading=\"lazy\" class=\"wp-embedded-content\" sandbox=\"allow-scripts\" security=\"restricted\" style=\"position: absolute; visibility: hidden;\" title=\"&#8220;Inicijativa mladih redovno blati RH i Domovinski rat: Evo koliko novca dobivaju za to&#8221; &#8212; narod.hr\" src=\"https:\/\/narod.hr\/hrvatska\/inicijativa-mladih-redovno-blati-rh-i-domovinski-rat-evo-koliko-novca-dobivaju-za-to\/embed#?secret=MQfPckgOVo#?secret=ZviaM3rGyv\" data-secret=\"ZviaM3rGyv\" width=\"600\" height=\"338\" frameborder=\"0\" marginwidth=\"0\" marginheight=\"0\" scrolling=\"no\"><\/iframe>\n<\/div><\/figure>\n\n\n\n<figure class=\"wp-block-embed-wordpress wp-block-embed is-type-wp-embed is-provider-narod-hr\"><div class=\"wp-block-embed__wrapper\">\n<blockquote class=\"wp-embedded-content\" data-secret=\"4CyfHPqnwu\"><a href=\"https:\/\/narod.hr\/hrvatska\/bulj-o-kuglicama-ta-inicijativa-konstantno-relativizira-agresiju-na-hrvatsku-i-blati-domovinski-rat\">Bulj o kuglicama: Ta Inicijativa konstantno relativizira agresiju na Hrvatsku i blati Domovinski rat<\/a><\/blockquote><iframe loading=\"lazy\" class=\"wp-embedded-content\" sandbox=\"allow-scripts\" security=\"restricted\" style=\"position: absolute; visibility: hidden;\" title=\"&#8220;Bulj o kuglicama: Ta Inicijativa konstantno relativizira agresiju na Hrvatsku i blati Domovinski rat&#8221; &#8212; narod.hr\" src=\"https:\/\/narod.hr\/hrvatska\/bulj-o-kuglicama-ta-inicijativa-konstantno-relativizira-agresiju-na-hrvatsku-i-blati-domovinski-rat\/embed#?secret=DPi7Dcf7WY#?secret=4CyfHPqnwu\" data-secret=\"4CyfHPqnwu\" width=\"600\" height=\"338\" frameborder=\"0\" marginwidth=\"0\" marginheight=\"0\" scrolling=\"no\"><\/iframe>\n<\/div><\/figure>\n\n\n\n<figure class=\"wp-block-embed-wordpress wp-block-embed is-type-wp-embed is-provider-narod-hr\"><div class=\"wp-block-embed__wrapper\">\n<blockquote class=\"wp-embedded-content\" data-secret=\"gwSfNoDpwq\"><a href=\"https:\/\/narod.hr\/hrvatska\/inicijativa-mladih-za-ljudska-prava-preuzela-odgovornost-za-bozicne-kuglice-na-trgu\">Inicijativa mladih za ljudska prava preuzela odgovornost za &#8216;bo\u017ei\u0107ne&#8217; kuglice na Trgu<\/a><\/blockquote><iframe loading=\"lazy\" class=\"wp-embedded-content\" sandbox=\"allow-scripts\" security=\"restricted\" style=\"position: absolute; visibility: hidden;\" title=\"&#8220;Inicijativa mladih za ljudska prava preuzela odgovornost za &#8216;bo\u017ei\u0107ne&#8217; kuglice na Trgu&#8221; &#8212; narod.hr\" src=\"https:\/\/narod.hr\/hrvatska\/inicijativa-mladih-za-ljudska-prava-preuzela-odgovornost-za-bozicne-kuglice-na-trgu\/embed#?secret=QyhBeOTCP9#?secret=gwSfNoDpwq\" data-secret=\"gwSfNoDpwq\" width=\"600\" height=\"338\" frameborder=\"0\" marginwidth=\"0\" marginheight=\"0\" scrolling=\"no\"><\/iframe>\n<\/div><\/figure>\n\n\n\n<figure class=\"wp-block-embed-wordpress wp-block-embed is-type-wp-embed is-provider-narod-hr\"><div class=\"wp-block-embed__wrapper\">\n<blockquote class=\"wp-embedded-content\" data-secret=\"M1YRgzm7hZ\"><a href=\"https:\/\/narod.hr\/sport\/otkriveni-krivci-za-kuglice-medu-njima-i-covjek-koji-je-trazio-zabranu-thompsonove-pjesme-na-euru-2016\">Otkriveni krivci za kuglice: Me\u0111u njima i \u010dovjek koji je tra\u017eio zabranu Thompsonove pjesme na EURU 2016.<\/a><\/blockquote><iframe loading=\"lazy\" class=\"wp-embedded-content\" sandbox=\"allow-scripts\" security=\"restricted\" style=\"position: absolute; visibility: hidden;\" title=\"&#8220;Otkriveni krivci za kuglice: Me\u0111u njima i \u010dovjek koji je tra\u017eio zabranu Thompsonove pjesme na EURU 2016.&#8221; &#8212; narod.hr\" src=\"https:\/\/narod.hr\/sport\/otkriveni-krivci-za-kuglice-medu-njima-i-covjek-koji-je-trazio-zabranu-thompsonove-pjesme-na-euru-2016\/embed#?secret=Aqf7WVCmGH#?secret=M1YRgzm7hZ\" data-secret=\"M1YRgzm7hZ\" width=\"600\" height=\"338\" frameborder=\"0\" marginwidth=\"0\" marginheight=\"0\" scrolling=\"no\"><\/iframe>\n<\/div><\/figure>\n\n\n\n<figure class=\"wp-block-embed-wordpress wp-block-embed is-type-wp-embed is-provider-narod-hr\"><div class=\"wp-block-embed__wrapper\">\n<blockquote class=\"wp-embedded-content\" data-secret=\"MaqJgcsSfN\"><a href=\"https:\/\/narod.hr\/hrvatska\/kuglice-s-bora-na-glavnom-zagrebackom-trgu-izazvale-pomutnju-evo-sto-kazu-iz-grada\">Kuglice s bora na glavnom zagreba\u010dkom Trgu izazvale pomutnju: Evo \u0161to ka\u017eu iz Grada<\/a><\/blockquote><iframe loading=\"lazy\" class=\"wp-embedded-content\" sandbox=\"allow-scripts\" security=\"restricted\" style=\"position: absolute; visibility: hidden;\" title=\"&#8220;Kuglice s bora na glavnom zagreba\u010dkom Trgu izazvale pomutnju: Evo \u0161to ka\u017eu iz Grada&#8221; &#8212; narod.hr\" src=\"https:\/\/narod.hr\/hrvatska\/kuglice-s-bora-na-glavnom-zagrebackom-trgu-izazvale-pomutnju-evo-sto-kazu-iz-grada\/embed#?secret=lr4ICoxPd9#?secret=MaqJgcsSfN\" data-secret=\"MaqJgcsSfN\" width=\"600\" height=\"338\" frameborder=\"0\" marginwidth=\"0\" marginheight=\"0\" scrolling=\"no\"><\/iframe>\n<\/div><\/figure>\n\n\n\n<p><a href=\"https:\/\/www.zagreb.info\/vijesti\/popularni-svecenik-o-adventskom-skandalu-u-zagrebu-reci-cu-toj-osobi-da-ode-na-ovcaru\/686384\/\">https:\/\/www.zagreb.info\/vijesti\/popularni-svecenik-o-adventskom-skandalu-u-zagrebu-reci-cu-toj-osobi-da-ode-na-ovcaru\/686384\/<\/a><\/p>\n\n\n\n<figure class=\"wp-block-embed-wordpress wp-block-embed is-type-wp-embed is-provider-crodex-net\"><div class=\"wp-block-embed__wrapper\">\n<blockquote class=\"wp-embedded-content\" data-secret=\"nHCSnidsLZ\"><a href=\"https:\/\/crodex.net\/sapere-aude-uputio-javni-poziv-na-suceljavanje-celnicima-udruge-inicijativa-za-ljudska-prava\/\">Sapere Aude uputio javni poziv na su\u010deljavanje \u010delnicima udruge  &#8220;Inicijativa za ljudska prava&#8221;<\/a><\/blockquote><iframe loading=\"lazy\" class=\"wp-embedded-content\" sandbox=\"allow-scripts\" security=\"restricted\" style=\"position: absolute; visibility: hidden;\" title=\"&#8220;Sapere Aude uputio javni poziv na su\u010deljavanje \u010delnicima udruge  &#8220;Inicijativa za ljudska prava&#8221;&#8221; &#8212; CRODEX.NET\" src=\"https:\/\/crodex.net\/sapere-aude-uputio-javni-poziv-na-suceljavanje-celnicima-udruge-inicijativa-za-ljudska-prava\/embed\/#?secret=rzN2Pzjak7#?secret=nHCSnidsLZ\" data-secret=\"nHCSnidsLZ\" width=\"600\" height=\"338\" frameborder=\"0\" marginwidth=\"0\" marginheight=\"0\" scrolling=\"no\"><\/iframe>\n<\/div><\/figure>\n\n\n\n<p><a href=\"https:\/\/direktno.hr\/kolumne\/zamislite-ivanu-kekin-na-pantovcaku-njen-savjetnik-za-obranu-bio-bi-onaj-ciji-su-pobijedili-45-360603\/\">https:\/\/direktno.hr\/kolumne\/zamislite-ivanu-kekin-na-pantovcaku-njen-savjetnik-za-obranu-bio-bi-onaj-ciji-su-pobijedili-45-360603\/<\/a><\/p>\n\n\n\n<hr class=\"wp-block-separator has-css-opacity\"\/>\n\n\n\n<figure class=\"wp-block-embed-wordpress wp-block-embed is-type-wp-embed is-provider-6-yka\"><div class=\"wp-block-embed__wrapper\">\n<blockquote class=\"wp-embedded-content\" data-secret=\"buKumNSgQa\"><a href=\"https:\/\/6yka.com\/region\/kako-su-ukrasi-na-jelci-na-glavnom-zagrebackom-trgu-podijelili-hrvatsku-javnost\/\">Kako su ukrasi na jelci na glavnom zagreba\u010dkom trgu podijelili hrvatsku javnost<\/a><\/blockquote><iframe loading=\"lazy\" class=\"wp-embedded-content\" sandbox=\"allow-scripts\" security=\"restricted\" style=\"position: absolute; visibility: hidden;\" title=\"&#8220;Kako su ukrasi na jelci na glavnom zagreba\u010dkom trgu podijelili hrvatsku javnost&#8221; &#8212; 6yka\" src=\"https:\/\/6yka.com\/region\/kako-su-ukrasi-na-jelci-na-glavnom-zagrebackom-trgu-podijelili-hrvatsku-javnost\/embed\/#?secret=xIkySAl8h8#?secret=buKumNSgQa\" data-secret=\"buKumNSgQa\" width=\"600\" height=\"338\" frameborder=\"0\" marginwidth=\"0\" marginheight=\"0\" scrolling=\"no\"><\/iframe>\n<\/div><\/figure>\n\n\n\n<p><a href=\"https:\/\/www.srednja.hr\/novosti\/ukrasi-na-trgu-s-porukama-o-domovinskom-ratu-mnoge-su-uznemirili-evo-tko-stoji-iza-toga\/\">https:\/\/www.srednja.hr\/novosti\/ukrasi-na-trgu-s-porukama-o-domovinskom-ratu-mnoge-su-uznemirili-evo-tko-stoji-iza-toga\/<\/a><\/p>\n\n\n\n<p><a href=\"https:\/\/www.telegram.hr\/politika-kriminal\/nove-poruke-na-bozicnoj-jelki-u-centru-zagreba-zelim-da-moje-dijete-ne-mora-gledati-dlakavog-muskarca-u-halterima-koji-tvrdi-da-je-zvoncica\/\">https:\/\/www.telegram.hr\/politika-kriminal\/nove-poruke-na-bozicnoj-jelki-u-centru-zagreba-zelim-da-moje-dijete-ne-mora-gledati-dlakavog-muskarca-u-halterima-koji-tvrdi-da-je-zvoncica\/<\/a><\/p>\n\n\n\n<p><a href=\"https:\/\/direktno.hr\/direkt\/pavlicek-reagirao-na-sporne-poruke-na-kuglicama-ocekujem-reakciju-institucija-360301\/\">https:\/\/direktno.hr\/direkt\/pavlicek-reagirao-na-sporne-poruke-na-kuglicama-ocekujem-reakciju-institucija-360301\/<\/a><\/p>\n\n\n\n<p><a href=\"https:\/\/net.hr\/danas\/rtl-danas\/rat-porukama-na-zagrebackom-adventu-najavljuju-se-i-kaznene-prijave-b6eb4f8e-b272-11ef-a9d6-829ff0affdfc\">https:\/\/net.hr\/danas\/rtl-danas\/rat-porukama-na-zagrebackom-adventu-najavljuju-se-i-kaznene-prijave-b6eb4f8e-b272-11ef-a9d6-829ff0affdfc<\/a><\/p>\n\n\n\n<p><a href=\"https:\/\/net.hr\/danas\/rtl-danas\/ukrasi-s-porukama-o-ratu-u-bih-podignuli-prasinu-u-zagrebu-2724de0a-b1a6-11ef-b0a6-829ff0affdfc\">https:\/\/net.hr\/danas\/rtl-danas\/ukrasi-s-porukama-o-ratu-u-bih-podignuli-prasinu-u-zagrebu-2724de0a-b1a6-11ef-b0a6-829ff0affdfc<\/a><\/p>\n\n\n\n<p><a href=\"https:\/\/www.portalnovosti.com\/buljenje-u-proslost\">https:\/\/www.portalnovosti.com\/buljenje-u-proslost<\/a><\/p>\n\n\n\n<p><a href=\"https:\/\/dnevnik.hr\/vijesti\/hrvatska\/braniteljske-udruge-kazneno-ce-prijaviti-udrugu-koja-stoji-iza-politickih-poruka-na-jelci---883639.html\">https:\/\/dnevnik.hr\/vijesti\/hrvatska\/braniteljske-udruge-kazneno-ce-prijaviti-udrugu-koja-stoji-iza-politickih-poruka-na-jelci&#8212;883639.html<\/a><\/p>\n\n\n\n<p><a href=\"https:\/\/dnevnik.hr\/vijesti\/hrvatska\/iza-poruka-na-jelki-na-trgu-bana-josipa-jelacica-stoji-inicijativa-mladih-za-ljudska-prava---883428.html\">https:\/\/dnevnik.hr\/vijesti\/hrvatska\/iza-poruka-na-jelki-na-trgu-bana-josipa-jelacica-stoji-inicijativa-mladih-za-ljudska-prava&#8212;883428.html<\/a><\/p>\n\n\n\n<p><a href=\"https:\/\/www.24sata.hr\/news\/kontroverzne-kuglice-na-boru-tomasevic-otkrio-tko-financira-spornu-udrugu-iz-zagreba-1019513\">https:\/\/www.24sata.hr\/news\/kontroverzne-kuglice-na-boru-tomasevic-otkrio-tko-financira-spornu-udrugu-iz-zagreba-1019513<\/a><\/p>\n\n\n\n<p><a href=\"https:\/\/www.tportal.hr\/vijesti\/clanak\/evo-tko-stoji-iza-kuglica-s-nezgodnim-porukama-zelim-popis-gdje-je-tko-bio-91-20241202\">https:\/\/www.tportal.hr\/vijesti\/clanak\/evo-tko-stoji-iza-kuglica-s-nezgodnim-porukama-zelim-popis-gdje-je-tko-bio-91-20241202<\/a><\/p>\n\n\n\n<p><a href=\"https:\/\/www.jutarnji.hr\/vijesti\/zagreb\/novi-detalji-oko-kontroverznih-kuglica-na-boru-oglasio-se-tomasevic-aktivistima-ostru-poruku-uputio-i-ante-nazor-15529104\">https:\/\/www.jutarnji.hr\/vijesti\/zagreb\/novi-detalji-oko-kontroverznih-kuglica-na-boru-oglasio-se-tomasevic-aktivistima-ostru-poruku-uputio-i-ante-nazor-15529104<\/a><\/p>\n\n\n\n<p><a href=\"https:\/\/www.jutarnji.hr\/vijesti\/hrvatska\/bulj-jos-sam-u-nedjelju-pretpostavio-tko-se-skriva-iza-kartonskih-kuglica-na-jelacicevom-trgu-15528852\">https:\/\/www.jutarnji.hr\/vijesti\/hrvatska\/bulj-jos-sam-u-nedjelju-pretpostavio-tko-se-skriva-iza-kartonskih-kuglica-na-jelacicevom-trgu-15528852<\/a><\/p>\n\n\n\n<p><a href=\"https:\/\/www.telegram.hr\/vijesti\/ljudi-nisu-bas-odusevljeni-kuglicama-koje-su-osvanule-na-zagrebackom-trgu-za-bozic-zelim-stvarno-znati-sto-je-bilo-1991\/\">https:\/\/www.telegram.hr\/vijesti\/ljudi-nisu-bas-odusevljeni-kuglicama-koje-su-osvanule-na-zagrebackom-trgu-za-bozic-zelim-stvarno-znati-sto-je-bilo-1991\/<\/a><\/p>\n\n\n\n<figure class=\"wp-block-embed-wordpress wp-block-embed is-type-wp-embed is-provider-n-1\"><div class=\"wp-block-embed__wrapper\">\n<blockquote class=\"wp-embedded-content\" data-secret=\"FcB3NB06ie\"><a href=\"https:\/\/n1info.hr\/vijesti\/kuglice-s-politickim-porukama\/\">Otkriveno tko je na jelku na glavnom zagreba\u010dkom trgu objesio kuglice s politi\u010dkim porukama<\/a><\/blockquote><iframe loading=\"lazy\" class=\"wp-embedded-content\" sandbox=\"allow-scripts\" security=\"restricted\" style=\"position: absolute; visibility: hidden;\" title=\"&#8220;Otkriveno tko je na jelku na glavnom zagreba\u010dkom trgu objesio kuglice s politi\u010dkim porukama&#8221; &#8212; N1\" src=\"https:\/\/n1info.hr\/vijesti\/kuglice-s-politickim-porukama\/embed\/#?secret=viK2bKVdll#?secret=FcB3NB06ie\" data-secret=\"FcB3NB06ie\" width=\"600\" height=\"338\" frameborder=\"0\" marginwidth=\"0\" marginheight=\"0\" scrolling=\"no\"><\/iframe>\n<\/div><\/figure>\n\n\n\n<p><a href=\"https:\/\/direktno.hr\/domovina\/kontroverzna-udruga-krivac-je-za-kuglice-na-trgu-smeta-im-thompson-i-poznati-povjesnicar-360191\/\">https:\/\/direktno.hr\/domovina\/kontroverzna-udruga-krivac-je-za-kuglice-na-trgu-smeta-im-thompson-i-poznati-povjesnicar-360191\/<\/a><\/p>\n\n\n\n<p><a href=\"https:\/\/direktno.hr\/direkt\/zagrepcani-ogorceni-na-bozicne-ukrase-najblaze-receno-lijevi-ekstremizam-360135\/\">https:\/\/direktno.hr\/direkt\/zagrepcani-ogorceni-na-bozicne-ukrase-najblaze-receno-lijevi-ekstremizam-360135\/<\/a><\/p>\n\n\n\n<p><a href=\"https:\/\/www.index.hr\/vijesti\/clanak\/na-bor-na-trgu-bana-jelacica-postavljeni-ukrasi-s-porukom-gdje-je-tko-bio-91\/2620708.aspx\">https:\/\/www.index.hr\/vijesti\/clanak\/na-bor-na-trgu-bana-jelacica-postavljeni-ukrasi-s-porukom-gdje-je-tko-bio-91\/2620708.aspx<\/a><\/p>\n\n\n\n<p><a href=\"https:\/\/slobodnadalmacija.hr\/vijesti\/hrvatska\/otkriveno-tko-je-postavio-kuglice-s-porukama-o-domovinskom-ratu-i-hrvatskim-ratnim-zlocincima-na-trg-1437384\">https:\/\/slobodnadalmacija.hr\/vijesti\/hrvatska\/otkriveno-tko-je-postavio-kuglice-s-porukama-o-domovinskom-ratu-i-hrvatskim-ratnim-zlocincima-na-trg-1437384<\/a><\/p>\n\n\n\n<p><a href=\"https:\/\/www.jutarnji.hr\/vijesti\/zagreb\/obrusili-se-na-hrvatske-ratne-zlocince-doznali-smo-tko-je-na-glavni-bor-na-trgu-bana-jelacica-postavio-kontroverzne-kuglice-15528751\">https:\/\/www.jutarnji.hr\/vijesti\/zagreb\/obrusili-se-na-hrvatske-ratne-zlocince-doznali-smo-tko-je-na-glavni-bor-na-trgu-bana-jelacica-postavio-kontroverzne-kuglice-15528751<\/a><\/p>\n\n\n\n<hr class=\"wp-block-separator has-css-opacity\"\/>\n\n\n\n<p><a href=\"https:\/\/www.jutarnji.hr\/vijesti\/zagreb\/na-najveci-bor-u-zagrebu-objesili-kuglice-zbog-kojih-su-im-prijetili-istrazili-smo-tko-su-novac-su-im-donirali-i-rockefelleri-15538190\">https:\/\/www.jutarnji.hr\/vijesti\/zagreb\/na-najveci-bor-u-zagrebu-objesili-kuglice-zbog-kojih-su-im-prijetili-istrazili-smo-tko-su-novac-su-im-donirali-i-rockefelleri-15538190<\/a><\/p>\n\n\n\n<hr class=\"wp-block-separator has-alpha-channel-opacity\"\/>\n","protected":false},"excerpt":{"rendered":"","protected":false},"author":2,"featured_media":43800,"comment_status":"open","ping_status":"open","sticky":false,"template":"","format":"standard","meta":{"_acf_changed":false,"jetpack_post_was_ever_published":false,"_jetpack_newsletter_access":"","_jetpack_dont_email_post_to_subs":false,"_jetpack_newsletter_tier_id":0,"_jetpack_memberships_contains_paywalled_content":false,"_jetpack_memberships_contains_paid_content":false,"footnotes":"","jetpack_publicize_message":"","jetpack_publicize_feature_enabled":true,"jetpack_social_post_already_shared":true,"jetpack_social_options":{"image_generator_settings":{"template":"highway","default_image_id":0,"font":"","enabled":false},"version":2}},"categories":[3,17],"tags":[],"class_list":["post-43798","post","type-post","status-publish","format-standard","has-post-thumbnail","hentry","category-novosti","category-rasprave"],"acf":{"facebook_opis":""},"jetpack_publicize_connections":[],"jetpack_featured_media_url":"https:\/\/i0.wp.com\/historiografija.hr\/wp-content\/uploads\/2024\/12\/Kuglice_Inicijativa.png?fit=592%2C792&ssl=1","jetpack_sharing_enabled":true,"jetpack-related-posts":[],"_links":{"self":[{"href":"https:\/\/historiografija.hr\/index.php?rest_route=\/wp\/v2\/posts\/43798","targetHints":{"allow":["GET"]}}],"collection":[{"href":"https:\/\/historiografija.hr\/index.php?rest_route=\/wp\/v2\/posts"}],"about":[{"href":"https:\/\/historiografija.hr\/index.php?rest_route=\/wp\/v2\/types\/post"}],"author":[{"embeddable":true,"href":"https:\/\/historiografija.hr\/index.php?rest_route=\/wp\/v2\/users\/2"}],"replies":[{"embeddable":true,"href":"https:\/\/historiografija.hr\/index.php?rest_route=%2Fwp%2Fv2%2Fcomments&post=43798"}],"version-history":[{"count":9,"href":"https:\/\/historiografija.hr\/index.php?rest_route=\/wp\/v2\/posts\/43798\/revisions"}],"predecessor-version":[{"id":44168,"href":"https:\/\/historiografija.hr\/index.php?rest_route=\/wp\/v2\/posts\/43798\/revisions\/44168"}],"wp:featuredmedia":[{"embeddable":true,"href":"https:\/\/historiografija.hr\/index.php?rest_route=\/wp\/v2\/media\/43800"}],"wp:attachment":[{"href":"https:\/\/historiografija.hr\/index.php?rest_route=%2Fwp%2Fv2%2Fmedia&parent=43798"}],"wp:term":[{"taxonomy":"category","embeddable":true,"href":"https:\/\/historiografija.hr\/index.php?rest_route=%2Fwp%2Fv2%2Fcategories&post=43798"},{"taxonomy":"post_tag","embeddable":true,"href":"https:\/\/historiografija.hr\/index.php?rest_route=%2Fwp%2Fv2%2Ftags&post=43798"}],"curies":[{"name":"wp","href":"https:\/\/api.w.org\/{rel}","templated":true}]}}