{"id":43787,"date":"2024-12-06T20:04:26","date_gmt":"2024-12-06T20:04:26","guid":{"rendered":"http:\/\/historiografija.hr\/?p=43787"},"modified":"2024-12-06T20:04:26","modified_gmt":"2024-12-06T20:04:26","slug":"buchprasentation-ankommen-von-vedran-dzihic","status":"publish","type":"post","link":"https:\/\/historiografija.hr\/?p=43787","title":{"rendered":"Buchpr\u00e4sentation: Ankommen von Vedran D\u017eihi\u0107"},"content":{"rendered":"\n<p>Ankommen &#8211; eine pers\u00f6nliche Geschichte zum brennenden \u00f6ffentlichen Thema<\/p>\n\n\n\n<p>\u201eFlucht und Migration\u201c<\/p>\n\n\n\n<hr class=\"wp-block-separator\"\/>\n\n\n\n<p>09.12.2024 &#8211; 19:00<\/p>\n\n\n\n<p>Zentrum f\u00fcr S\u00fcdosteuropastudien &amp; S\u00fcdosteuropa-Gesellschaft<\/p>\n\n\n\n<p>Literaturhaus Elisabethstra\u00dfe 30 8010 Graz<\/p>\n\n\n\n<hr class=\"wp-block-separator\"\/>\n\n\n\n<p>Vedran D\u017eihi\u0107 im Gespr\u00e4ch mit Florian Bieber.<\/p>\n\n\n\n<hr class=\"wp-block-separator\"\/>\n\n\n\n<p>Die Erfolgsgeschichte von Vedran D\u017eihi\u0107 \u2013 &nbsp;vom Fl\u00fcchtling zum etablierten Wissenschaftler.<br>Aber was sind die Voraussetzungen f\u00fcr einen Neuanfang? Wann f\u00fchlen wir uns wirklich als Teil einer Gesellschaft?<\/p>\n\n\n\n<p>Im Januar 1993 erreicht Vedran D\u017eihi\u0107 bei seiner Flucht vor dem Bosnienkrieg Traiskirchen bei Wien. Obwohl er sich in \u00d6sterreich sicher f\u00fchlt, erf\u00e4hrt er auch Gleichg\u00fcltigkeit und Benachteiligung. W\u00e4hrend er einen beeindruckenden Bildungsweg einschl\u00e4gt, breiten sich in Europa Populismus und Nationalismus aus. Gefl\u00fcchtete und Migrant:innen werden zunehmend als Bedrohung dargestellt.<\/p>\n\n\n\n<p>In seinem neuen Buch \u201eAnkommen\u201c ordnet Vedran D\u017eihi\u0107 entlang seiner eigenen Lebensgeschichte die \u00f6ffentlichen Debatten um Flucht und Migration ein, bringt pers\u00f6nlich Erlebtes und Gesp\u00fcrtes mit analytischen Kategorien zusammen.<\/p>\n\n\n\n<p>Vedran D\u017eihi\u0107 \u00a0wurde 1976 in Prijedor, \u00a0Bosnien und Herzegowina, geboren. 2009 schloss er sein Doktorat in Politikwissenschaften an der Universit\u00e4t \u00a0Wien ab. Heute ist er Senior Researcher am \u00d6sterreichischen Institut f\u00fcr Internationale Politik (oiip) und unterrichtet an der Universit\u00e4t Wien.\u00a0<\/p>\n\n\n\n<hr class=\"wp-block-separator\"\/>\n\n\n\n<p><a href=\"https:\/\/suedosteuropa.uni-graz.at\/de\/veranstaltungen\/buchpraesentation-ankommen-von-vedran-dzihic\/\">https:\/\/suedosteuropa.uni-graz.at\/de\/veranstaltungen\/buchpraesentation-ankommen-von-vedran-dzihic\/<\/a><\/p>\n\n\n\n<hr class=\"wp-block-separator\"\/>\n","protected":false},"excerpt":{"rendered":"","protected":false},"author":2,"featured_media":43788,"comment_status":"open","ping_status":"open","sticky":false,"template":"","format":"standard","meta":{"_acf_changed":false,"jetpack_post_was_ever_published":false,"_jetpack_newsletter_access":"","_jetpack_dont_email_post_to_subs":false,"_jetpack_newsletter_tier_id":0,"_jetpack_memberships_contains_paywalled_content":false,"_jetpack_memberships_contains_paid_content":false,"footnotes":"","jetpack_publicize_message":"","jetpack_publicize_feature_enabled":true,"jetpack_social_post_already_shared":true,"jetpack_social_options":{"image_generator_settings":{"template":"highway","default_image_id":0,"font":"","enabled":false},"version":2}},"categories":[3],"tags":[],"class_list":["post-43787","post","type-post","status-publish","format-standard","has-post-thumbnail","hentry","category-novosti"],"acf":{"facebook_opis":""},"jetpack_publicize_connections":[],"jetpack_featured_media_url":"https:\/\/i0.wp.com\/historiografija.hr\/wp-content\/uploads\/2024\/12\/Buchpraes_Flucht-Migration.jpg?fit=1000%2C735&ssl=1","jetpack_sharing_enabled":true,"jetpack-related-posts":[],"_links":{"self":[{"href":"https:\/\/historiografija.hr\/index.php?rest_route=\/wp\/v2\/posts\/43787","targetHints":{"allow":["GET"]}}],"collection":[{"href":"https:\/\/historiografija.hr\/index.php?rest_route=\/wp\/v2\/posts"}],"about":[{"href":"https:\/\/historiografija.hr\/index.php?rest_route=\/wp\/v2\/types\/post"}],"author":[{"embeddable":true,"href":"https:\/\/historiografija.hr\/index.php?rest_route=\/wp\/v2\/users\/2"}],"replies":[{"embeddable":true,"href":"https:\/\/historiografija.hr\/index.php?rest_route=%2Fwp%2Fv2%2Fcomments&post=43787"}],"version-history":[{"count":1,"href":"https:\/\/historiografija.hr\/index.php?rest_route=\/wp\/v2\/posts\/43787\/revisions"}],"predecessor-version":[{"id":43789,"href":"https:\/\/historiografija.hr\/index.php?rest_route=\/wp\/v2\/posts\/43787\/revisions\/43789"}],"wp:featuredmedia":[{"embeddable":true,"href":"https:\/\/historiografija.hr\/index.php?rest_route=\/wp\/v2\/media\/43788"}],"wp:attachment":[{"href":"https:\/\/historiografija.hr\/index.php?rest_route=%2Fwp%2Fv2%2Fmedia&parent=43787"}],"wp:term":[{"taxonomy":"category","embeddable":true,"href":"https:\/\/historiografija.hr\/index.php?rest_route=%2Fwp%2Fv2%2Fcategories&post=43787"},{"taxonomy":"post_tag","embeddable":true,"href":"https:\/\/historiografija.hr\/index.php?rest_route=%2Fwp%2Fv2%2Ftags&post=43787"}],"curies":[{"name":"wp","href":"https:\/\/api.w.org\/{rel}","templated":true}]}}