{"id":43782,"date":"2024-12-06T19:47:45","date_gmt":"2024-12-06T19:47:45","guid":{"rendered":"http:\/\/historiografija.hr\/?p=43782"},"modified":"2024-12-06T19:47:45","modified_gmt":"2024-12-06T19:47:45","slug":"predstavljanje-knjige-liberalizam-teorija-i-povijest-jedne-ideje-u-rijeci","status":"publish","type":"post","link":"https:\/\/historiografija.hr\/?p=43782","title":{"rendered":"Predstavljanje knjige &#8220;Liberalizam: teorija i povijest jedne ideje&#8221; u Rijeci"},"content":{"rendered":"\n<p>Odsjek za povijest FFRI poziva vas <strong>u srijedu 11. prosinca u 12 sati (predavaonica F-450)<\/strong>&nbsp;na predstavljanje knjige <em><strong><a href=\"http:\/\/ckhis.ffzg.unizg.hr\/hr\/novosti\/objavljen-zbornik-radova-liberalizam-teorija-i-povijest-jedne-ideje,73.html\" target=\"_blank\" rel=\"noreferrer noopener\">Liberalizam: teorija i povijest jedne ideje<\/a><\/strong><\/em>&nbsp;(ur. Darko Pol\u0161ek, Bruno \u0160agi, Adrijan \u0160tivi\u0107: FF Press, 2024). Radi se o multidisciplinarnom zborniku koji istra\u017euje odabrane aspekte intelektualne povijesti liberalizma. Tekstovi u knjizi nastali su kao rezultat znanstvenog kolokvija odr\u017eanog u sklopu Kliofesta 2023., povodom obilje\u017eavanja 300. obljetnice ro\u0111enja Adama Smitha, i predstavlja prvi dio vi\u0161egodi\u0161njeg projekta tematskog pristupa velikim politi\u010dkim idejama. Knjiga je nastala kao izdanje Centra za inovativne studije FFZG, a financijski ju podupire zaklada&nbsp;Friedrich-Naumann-Stiftung f\u00fcr die Freiheit.&nbsp;<\/p>\n\n\n\n<p>Jedan od autora tekstova je Neven Petrovi\u0107 s Odsjeka za filozofiju, a urednik Adrijan \u0160tivi\u0107 alumni je Filozofskog fakulteta u Rijeci.<\/p>\n\n\n\n<p>O knjizi \u0107e govoriti urednici Adrijan \u0160tivi\u0107, Bruno \u0160agi i Darko Pol\u0161ek (online), kao i izv. prof. dr. sc. Dubravka Bo\u017ei\u0107 Bogovi\u0107.<\/p>\n\n\n\n<p><strong>Svi ste dobrodo\u0161li!<\/strong><\/p>\n\n\n\n<hr class=\"wp-block-separator\"\/>\n\n\n\n<p>Izvor:<\/p>\n\n\n\n<figure class=\"wp-block-embed-wordpress wp-block-embed is-type-wp-embed is-provider-filozofski-fakultet-u-rijeci\"><div class=\"wp-block-embed__wrapper\">\n<blockquote class=\"wp-embedded-content\" data-secret=\"uXibnZKhEW\"><a href=\"https:\/\/ffri.uniri.hr\/dogadjanja\/predstavljanje-knjige-liberalizam-teorija-i-povijest-jedne-ideje\/\">Predstavljanje knjige &#8216;Liberalizam: teorija i povijest jedne ideje&#8217;<\/a><\/blockquote><iframe loading=\"lazy\" class=\"wp-embedded-content\" sandbox=\"allow-scripts\" security=\"restricted\" style=\"position: absolute; clip: rect(1px, 1px, 1px, 1px);\" title=\"&#8220;Predstavljanje knjige &#8216;Liberalizam: teorija i povijest jedne ideje&#8217;&#8221; &#8212; Filozofski Fakultet u Rijeci\" src=\"https:\/\/ffri.uniri.hr\/dogadjanja\/predstavljanje-knjige-liberalizam-teorija-i-povijest-jedne-ideje\/embed\/#?secret=w9fxfnwm12#?secret=uXibnZKhEW\" data-secret=\"uXibnZKhEW\" width=\"600\" height=\"338\" frameborder=\"0\" marginwidth=\"0\" marginheight=\"0\" scrolling=\"no\"><\/iframe>\n<\/div><\/figure>\n\n\n\n<hr class=\"wp-block-separator\"\/>\n","protected":false},"excerpt":{"rendered":"","protected":false},"author":2,"featured_media":43783,"comment_status":"open","ping_status":"open","sticky":false,"template":"","format":"standard","meta":{"_acf_changed":false,"jetpack_post_was_ever_published":false,"_jetpack_newsletter_access":"","_jetpack_dont_email_post_to_subs":false,"_jetpack_newsletter_tier_id":0,"_jetpack_memberships_contains_paywalled_content":false,"_jetpack_memberships_contains_paid_content":false,"footnotes":"","jetpack_publicize_message":"","jetpack_publicize_feature_enabled":true,"jetpack_social_post_already_shared":true,"jetpack_social_options":{"image_generator_settings":{"template":"highway","default_image_id":0,"font":"","enabled":false},"version":2}},"categories":[3],"tags":[],"class_list":["post-43782","post","type-post","status-publish","format-standard","has-post-thumbnail","hentry","category-novosti"],"acf":{"facebook_opis":""},"jetpack_publicize_connections":[],"jetpack_featured_media_url":"https:\/\/i0.wp.com\/historiografija.hr\/wp-content\/uploads\/2024\/12\/Poziv-Liberalizam.png?fit=1024%2C577&ssl=1","jetpack_sharing_enabled":true,"jetpack-related-posts":[],"_links":{"self":[{"href":"https:\/\/historiografija.hr\/index.php?rest_route=\/wp\/v2\/posts\/43782","targetHints":{"allow":["GET"]}}],"collection":[{"href":"https:\/\/historiografija.hr\/index.php?rest_route=\/wp\/v2\/posts"}],"about":[{"href":"https:\/\/historiografija.hr\/index.php?rest_route=\/wp\/v2\/types\/post"}],"author":[{"embeddable":true,"href":"https:\/\/historiografija.hr\/index.php?rest_route=\/wp\/v2\/users\/2"}],"replies":[{"embeddable":true,"href":"https:\/\/historiografija.hr\/index.php?rest_route=%2Fwp%2Fv2%2Fcomments&post=43782"}],"version-history":[{"count":1,"href":"https:\/\/historiografija.hr\/index.php?rest_route=\/wp\/v2\/posts\/43782\/revisions"}],"predecessor-version":[{"id":43784,"href":"https:\/\/historiografija.hr\/index.php?rest_route=\/wp\/v2\/posts\/43782\/revisions\/43784"}],"wp:featuredmedia":[{"embeddable":true,"href":"https:\/\/historiografija.hr\/index.php?rest_route=\/wp\/v2\/media\/43783"}],"wp:attachment":[{"href":"https:\/\/historiografija.hr\/index.php?rest_route=%2Fwp%2Fv2%2Fmedia&parent=43782"}],"wp:term":[{"taxonomy":"category","embeddable":true,"href":"https:\/\/historiografija.hr\/index.php?rest_route=%2Fwp%2Fv2%2Fcategories&post=43782"},{"taxonomy":"post_tag","embeddable":true,"href":"https:\/\/historiografija.hr\/index.php?rest_route=%2Fwp%2Fv2%2Ftags&post=43782"}],"curies":[{"name":"wp","href":"https:\/\/api.w.org\/{rel}","templated":true}]}}