{"id":43775,"date":"2024-12-06T19:25:36","date_gmt":"2024-12-06T19:25:36","guid":{"rendered":"http:\/\/historiografija.hr\/?p=43775"},"modified":"2024-12-06T19:25:36","modified_gmt":"2024-12-06T19:25:36","slug":"predstavljanje-zbornika-radova-slovenski-svecenici-u-hrvatskoj-istri-u-19-i-20-stoljecu","status":"publish","type":"post","link":"https:\/\/historiografija.hr\/?p=43775","title":{"rendered":"Predstavljanje zbornika radova \u201cSlovenski sve\u0107enici u hrvatskoj Istri u 19. i 20. stolje\u0107u\u201d"},"content":{"rendered":"\n<p>S veseljem Vas pozivamo na predstavljanje zbornika radova <em><strong>Slovenski sve\u0107enici u hrvatskoj Istri<\/strong><\/em>&nbsp;<em><strong>u 19. i 20. stolje\u0107u<\/strong><\/em>.<\/p>\n\n\n\n<p>Predstavljanje \u0107e se odr\u017eati u&nbsp;ponedjeljak,&nbsp;<strong>9. prosinca 2024.<\/strong>, u&nbsp;<strong>12,30&nbsp;<\/strong>sati&nbsp;u In\u0161titutu za narodnostna vpra\u0161anja Ljubljana.<\/p>\n\n\n\n<p>Predstavljanje \u0107e se mo\u0107i pratiti putem ZOOM-a:<\/p>\n\n\n\n<p><a href=\"https:\/\/us02web.zoom.us\/j\/87032972467?pwd=0yaR1wjjZce2GrZyHxoL8Y1wRLZ9Hk.1\">https:\/\/us02web.zoom.us\/j\/87032972467?pwd=0yaR1wjjZce2GrZyHxoL8Y1wRLZ9Hk.1<\/a><\/p>\n\n\n\n<p>Veselimo se Va\u0161em dolasku!<\/p>\n\n\n\n<hr class=\"wp-block-separator\"\/>\n\n\n\n<p>Izvor:<\/p>\n\n\n\n<figure class=\"wp-block-embed-wordpress wp-block-embed is-type-wp-embed is-provider-drzavni-arhiv-u-pazinu\"><div class=\"wp-block-embed__wrapper\">\n<blockquote class=\"wp-embedded-content\" data-secret=\"gKevf0EeVI\"><a href=\"https:\/\/www.dapa.hr\/predstavljanje-zbornika-radova-slovenski-svecenici-u-hrvatskoj-istri-u-19-i-20-stoljecu-pozivnica\/\">Predstavljanje zbornika radova &#8220;Slovenski sve\u0107enici u hrvatskoj Istri u 19. i 20. stolje\u0107u&#8221; &#8211; pozivnica<\/a><\/blockquote><iframe loading=\"lazy\" class=\"wp-embedded-content\" sandbox=\"allow-scripts\" security=\"restricted\" style=\"position: absolute; clip: rect(1px, 1px, 1px, 1px);\" title=\"&#8220;Predstavljanje zbornika radova &#8220;Slovenski sve\u0107enici u hrvatskoj Istri u 19. i 20. stolje\u0107u&#8221; &#8211; pozivnica&#8221; &#8212; Dr\u017eavni arhiv u Pazinu\" src=\"https:\/\/www.dapa.hr\/predstavljanje-zbornika-radova-slovenski-svecenici-u-hrvatskoj-istri-u-19-i-20-stoljecu-pozivnica\/embed\/#?secret=9q2d3bxyhM#?secret=gKevf0EeVI\" data-secret=\"gKevf0EeVI\" width=\"600\" height=\"338\" frameborder=\"0\" marginwidth=\"0\" marginheight=\"0\" scrolling=\"no\"><\/iframe>\n<\/div><\/figure>\n\n\n\n<hr class=\"wp-block-separator\"\/>\n","protected":false},"excerpt":{"rendered":"","protected":false},"author":2,"featured_media":43776,"comment_status":"open","ping_status":"open","sticky":false,"template":"","format":"standard","meta":{"_acf_changed":false,"jetpack_post_was_ever_published":false,"_jetpack_newsletter_access":"","_jetpack_dont_email_post_to_subs":false,"_jetpack_newsletter_tier_id":0,"_jetpack_memberships_contains_paywalled_content":false,"_jetpack_memberships_contains_paid_content":false,"footnotes":"","jetpack_publicize_message":"","jetpack_publicize_feature_enabled":true,"jetpack_social_post_already_shared":true,"jetpack_social_options":{"image_generator_settings":{"template":"highway","default_image_id":0,"font":"","enabled":false},"version":2}},"categories":[3],"tags":[],"class_list":["post-43775","post","type-post","status-publish","format-standard","has-post-thumbnail","hentry","category-novosti"],"acf":{"facebook_opis":""},"jetpack_publicize_connections":[],"jetpack_featured_media_url":"https:\/\/i0.wp.com\/historiografija.hr\/wp-content\/uploads\/2024\/12\/Pozivnica-svecenstvo_web.jpg?fit=1280%2C1823&ssl=1","jetpack_sharing_enabled":true,"jetpack-related-posts":[],"_links":{"self":[{"href":"https:\/\/historiografija.hr\/index.php?rest_route=\/wp\/v2\/posts\/43775","targetHints":{"allow":["GET"]}}],"collection":[{"href":"https:\/\/historiografija.hr\/index.php?rest_route=\/wp\/v2\/posts"}],"about":[{"href":"https:\/\/historiografija.hr\/index.php?rest_route=\/wp\/v2\/types\/post"}],"author":[{"embeddable":true,"href":"https:\/\/historiografija.hr\/index.php?rest_route=\/wp\/v2\/users\/2"}],"replies":[{"embeddable":true,"href":"https:\/\/historiografija.hr\/index.php?rest_route=%2Fwp%2Fv2%2Fcomments&post=43775"}],"version-history":[{"count":1,"href":"https:\/\/historiografija.hr\/index.php?rest_route=\/wp\/v2\/posts\/43775\/revisions"}],"predecessor-version":[{"id":43777,"href":"https:\/\/historiografija.hr\/index.php?rest_route=\/wp\/v2\/posts\/43775\/revisions\/43777"}],"wp:featuredmedia":[{"embeddable":true,"href":"https:\/\/historiografija.hr\/index.php?rest_route=\/wp\/v2\/media\/43776"}],"wp:attachment":[{"href":"https:\/\/historiografija.hr\/index.php?rest_route=%2Fwp%2Fv2%2Fmedia&parent=43775"}],"wp:term":[{"taxonomy":"category","embeddable":true,"href":"https:\/\/historiografija.hr\/index.php?rest_route=%2Fwp%2Fv2%2Fcategories&post=43775"},{"taxonomy":"post_tag","embeddable":true,"href":"https:\/\/historiografija.hr\/index.php?rest_route=%2Fwp%2Fv2%2Ftags&post=43775"}],"curies":[{"name":"wp","href":"https:\/\/api.w.org\/{rel}","templated":true}]}}