{"id":43769,"date":"2024-12-05T13:22:18","date_gmt":"2024-12-05T13:22:18","guid":{"rendered":"http:\/\/historiografija.hr\/?p=43769"},"modified":"2024-12-05T13:22:18","modified_gmt":"2024-12-05T13:22:18","slug":"predstavljanje-knjige-renata-matica-drustvo-i-otpor-fasizmu-istarski-poucak-i-globalni-izazovi-u-zagrebu","status":"publish","type":"post","link":"https:\/\/historiografija.hr\/?p=43769","title":{"rendered":"Predstavljanje knjige Renata Mati\u0107a \u201cDru\u0161tvo i otpor fa\u0161izmu \u2013 istarski pou\u010dak i globalni izazovi\u201d u Zagrebu"},"content":{"rendered":"\n<p>Pozivamo vas na predstavljanje&nbsp;knjige&nbsp;<em><strong>Dru\u0161tvo i otpor fa\u0161izmu \u2013 istarski pou\u010dak i globalni izazovi<\/strong><\/em> autora Renata Mati\u0107a, koje \u0107e se odr\u017eat <strong>u \u010detvrtak 5.12.2024. u&nbsp; 18 sati, Dru\u0161tvo sveu\u010dili\u0161nih nastavnika i drugih znanstvenika u Zagrebu, Frankopanska ul. 5A<\/strong><\/p>\n\n\n\n<p>O knjizi \u0107e govoriti\u00a0prof. dr. sc. Damir Agi\u010di\u0107\u00a0(Filozofski fakultet Sveu\u010dili\u0161ta u Zagrebu),\u00a0izv. prof. dr. sc\u00a0Anita Dremel\u00a0(Filozofski fakultet Sveu\u010dili\u0161ta u Osijeku, glavna urednica Revije za sociologiju),\u00a0doc. dr. sc. Ivan Perkov\u00a0(Fakultet hrvatskih studija Sveu\u010dili\u0161ta u Zagrebu, tajnik Odjela za sociologiju Matice hrvatske), te autor knjige. Predstavljanje \u0107e moderirati\u00a0sociolog Goran Batina\u00a0(glavni urednik Sociolo\u0161ke biblioteke).<\/p>\n\n\n\n<hr class=\"wp-block-separator\"\/>\n\n\n\n<p>Izvor:<\/p>\n\n\n\n<figure class=\"wp-block-embed-wordpress wp-block-embed is-type-wp-embed is-provider-hrvatsko-sociolosko-drustvo\"><div class=\"wp-block-embed__wrapper\">\n<blockquote class=\"wp-embedded-content\" data-secret=\"wJZgTaIgzL\"><a href=\"https:\/\/hsd.hr\/2024\/11\/26\/predstavljanje-knjige-drustvo-i-otpor-fasizmu-istarski-poucak-i-globalni-izazovi\/\">Predstavljanje knjige &#8220;Dru\u0161tvo i otpor fa\u0161izmu \u2013 istarski pou\u010dak i globalni izazovi&#8221;<\/a><\/blockquote><iframe loading=\"lazy\" class=\"wp-embedded-content\" sandbox=\"allow-scripts\" security=\"restricted\" style=\"position: absolute; clip: rect(1px, 1px, 1px, 1px);\" title=\"&#8220;Predstavljanje knjige &#8220;Dru\u0161tvo i otpor fa\u0161izmu \u2013 istarski pou\u010dak i globalni izazovi&#8221;&#8221; &#8212; Hrvatsko sociolo\u0161ko dru\u0161tvo\" src=\"https:\/\/hsd.hr\/2024\/11\/26\/predstavljanje-knjige-drustvo-i-otpor-fasizmu-istarski-poucak-i-globalni-izazovi\/embed\/#?secret=7HkIjaQt4T#?secret=wJZgTaIgzL\" data-secret=\"wJZgTaIgzL\" width=\"600\" height=\"338\" frameborder=\"0\" marginwidth=\"0\" marginheight=\"0\" scrolling=\"no\"><\/iframe>\n<\/div><\/figure>\n\n\n\n<hr class=\"wp-block-separator\"\/>\n","protected":false},"excerpt":{"rendered":"","protected":false},"author":2,"featured_media":34242,"comment_status":"open","ping_status":"open","sticky":false,"template":"","format":"standard","meta":{"_acf_changed":false,"jetpack_post_was_ever_published":false,"_jetpack_newsletter_access":"","_jetpack_dont_email_post_to_subs":false,"_jetpack_newsletter_tier_id":0,"_jetpack_memberships_contains_paywalled_content":false,"_jetpack_memberships_contains_paid_content":false,"footnotes":"","jetpack_publicize_message":"","jetpack_publicize_feature_enabled":true,"jetpack_social_post_already_shared":true,"jetpack_social_options":{"image_generator_settings":{"template":"highway","default_image_id":0,"font":"","enabled":false},"version":2}},"categories":[3],"tags":[],"class_list":["post-43769","post","type-post","status-publish","format-standard","has-post-thumbnail","hentry","category-novosti"],"acf":{"facebook_opis":""},"jetpack_publicize_connections":[],"jetpack_featured_media_url":"https:\/\/i0.wp.com\/historiografija.hr\/wp-content\/uploads\/2023\/01\/Otpor_fasizmu.jpg?fit=450%2C633&ssl=1","jetpack_sharing_enabled":true,"jetpack-related-posts":[],"_links":{"self":[{"href":"https:\/\/historiografija.hr\/index.php?rest_route=\/wp\/v2\/posts\/43769","targetHints":{"allow":["GET"]}}],"collection":[{"href":"https:\/\/historiografija.hr\/index.php?rest_route=\/wp\/v2\/posts"}],"about":[{"href":"https:\/\/historiografija.hr\/index.php?rest_route=\/wp\/v2\/types\/post"}],"author":[{"embeddable":true,"href":"https:\/\/historiografija.hr\/index.php?rest_route=\/wp\/v2\/users\/2"}],"replies":[{"embeddable":true,"href":"https:\/\/historiografija.hr\/index.php?rest_route=%2Fwp%2Fv2%2Fcomments&post=43769"}],"version-history":[{"count":1,"href":"https:\/\/historiografija.hr\/index.php?rest_route=\/wp\/v2\/posts\/43769\/revisions"}],"predecessor-version":[{"id":43770,"href":"https:\/\/historiografija.hr\/index.php?rest_route=\/wp\/v2\/posts\/43769\/revisions\/43770"}],"wp:featuredmedia":[{"embeddable":true,"href":"https:\/\/historiografija.hr\/index.php?rest_route=\/wp\/v2\/media\/34242"}],"wp:attachment":[{"href":"https:\/\/historiografija.hr\/index.php?rest_route=%2Fwp%2Fv2%2Fmedia&parent=43769"}],"wp:term":[{"taxonomy":"category","embeddable":true,"href":"https:\/\/historiografija.hr\/index.php?rest_route=%2Fwp%2Fv2%2Fcategories&post=43769"},{"taxonomy":"post_tag","embeddable":true,"href":"https:\/\/historiografija.hr\/index.php?rest_route=%2Fwp%2Fv2%2Ftags&post=43769"}],"curies":[{"name":"wp","href":"https:\/\/api.w.org\/{rel}","templated":true}]}}