{"id":43753,"date":"2024-12-05T12:22:23","date_gmt":"2024-12-05T12:22:23","guid":{"rendered":"http:\/\/historiografija.hr\/?p=43753"},"modified":"2024-12-05T12:22:23","modified_gmt":"2024-12-05T12:22:23","slug":"znanstveni-kolokvij-u-povodu-530-obljetnice-senjskoga-glagoljskog-misala-1494","status":"publish","type":"post","link":"https:\/\/historiografija.hr\/?p=43753","title":{"rendered":"Znanstveni kolokvij u povodu 530. obljetnice senjskoga glagoljskog Misala (1494.)"},"content":{"rendered":"\n<p>Senjski glagoljski <em>Misal po zakonu rimskoga dvora<\/em> (1494.) prva je od ukupno sedam sa\u010duvanih knjiga koje su tiskane u senjskoj tiskari i prva glagoljska inkunabula za koju je pouzdano utvr\u0111eno da je tiskana na hrvatskom prostoru.<\/p>\n\n\n\n<p>Iz kolofona <em>Misala<\/em> saznajemo najva\u017enije podatke o njegovu tiskanju: da je otisnut 7. kolovoza 1494., u vrijeme hrvatsko-ugarskoga kralja Vladislava II. Jagelovi\u0107a i pape Aleksandra VI., s dopu\u0161tenjem senjskoga biskupa te da su u tom pothvatu, uz utemeljitelja senjske tiskare Bla\u017ea Baromi\u0107a, sudjelovali Silvestar Bedri\u010di\u0107 i Ga\u0161par Tur\u010di\u0107.<\/p>\n\n\n\n<p>Godine 1994. obilje\u017eena je 500. obljetnica toga doga\u0111aja objavljivanjem faksimilnoga pretiska u izdanju Hrvatske akademije znanosti i umjetnosti pod uredni\u0161tvom Milana Mogu\u0161a i Anice Nazor.<\/p>\n\n\n\n<p>Ove se godine obilje\u017eava 530. obljetnica <em>Misala<\/em>. Tim povodom Senjsko muzejsko dru\u0161tvo i Staroslavenski institut pod pokroviteljstvom Grada Senja organiziraju znanstveni kolokvij koji \u0107e se odr\u017eati u \u010detvrtak 5. prosinca 2024. s po\u010detkom u 10 sati u Pu\u010dkome otvorenom u\u010dili\u0161tu Milutina Cihlara Nehajeva u Senju.<\/p>\n\n\n\n<p><strong>PROGRAM KOLOKVIJA<\/strong><\/p>\n\n\n\n<p>10:00-10:15 Pozdravne rije\u010di<\/p>\n\n\n\n<p>10:15-10:45 dr. sc. Tomislav Galovi\u0107: <em>Glagoljska ba\u0161tina grada Senja<\/em><\/p>\n\n\n\n<p>10:45-11:15 dr. sc. Sandra Po\u017ear: <em>Senjski misal u kontekstu glagoljskih misala<\/em><\/p>\n\n\n\n<p>11:15-11:45 akademik Mateo \u017dagar: <em>Uzori glagoljskih slova senjske tiskare<\/em><\/p>\n\n\n\n<p>11:45-12:00 Stanka<\/p>\n\n\n\n<p>12:00-12:30 dr. sc. Tatijana Petri\u0107: <em>Izdanja senjske glagoljske tiskare u digitalnom okru\u017eju<\/em><\/p>\n\n\n\n<p>12:30-13:00 dr. sc. Filip Galovi\u0107: <em>O govoru grada Senja u 20. stolje\u0107u<\/em><\/p>\n\n\n\n<p>13:00-13:30 Rasprava, zaklju\u010dne rije\u010di.<\/p>\n\n\n\n<p>Detaljnije o programu saznajte u <a href=\"https:\/\/stin.hr\/novosti\/znanstveni-kolokvij-u-povodu-530-obljetnice-senjskoga-glagoljskog-misala\/attachment\/programska-knjizica\/\">programskoj knji\u017eici.<\/a><\/p>\n\n\n\n<p>Svi zainteresirani za (senjsku) hrvatskoglagoljsku kulturnu ba\u0161tinu dobrodo\u0161li su pridru\u017eiti nam se. Radujemo se susretu u Senju!<\/p>\n\n\n\n<hr class=\"wp-block-separator\"\/>\n\n\n\n<p>Izvor:<\/p>\n\n\n\n<figure class=\"wp-block-embed-wordpress wp-block-embed is-type-wp-embed is-provider-staroslavenski-institut\"><div class=\"wp-block-embed__wrapper\">\n<blockquote class=\"wp-embedded-content\" data-secret=\"tZEoMfSiIk\"><a href=\"https:\/\/stin.hr\/novosti\/znanstveni-kolokvij-u-povodu-530-obljetnice-senjskoga-glagoljskog-misala\/\">Znanstveni kolokvij u povodu 530. obljetnice senjskoga glagoljskog Misala<\/a><\/blockquote><iframe loading=\"lazy\" class=\"wp-embedded-content\" sandbox=\"allow-scripts\" security=\"restricted\" style=\"position: absolute; clip: rect(1px, 1px, 1px, 1px);\" title=\"&#8220;Znanstveni kolokvij u povodu 530. obljetnice senjskoga glagoljskog Misala&#8221; &#8212; Staroslavenski institut\" src=\"https:\/\/stin.hr\/novosti\/znanstveni-kolokvij-u-povodu-530-obljetnice-senjskoga-glagoljskog-misala\/embed\/#?secret=J6En6WGStx#?secret=tZEoMfSiIk\" data-secret=\"tZEoMfSiIk\" width=\"600\" height=\"338\" frameborder=\"0\" marginwidth=\"0\" marginheight=\"0\" scrolling=\"no\"><\/iframe>\n<\/div><\/figure>\n\n\n\n<hr class=\"wp-block-separator\"\/>\n","protected":false},"excerpt":{"rendered":"","protected":false},"author":2,"featured_media":43754,"comment_status":"open","ping_status":"open","sticky":false,"template":"","format":"standard","meta":{"_acf_changed":false,"jetpack_post_was_ever_published":false,"_jetpack_newsletter_access":"","_jetpack_dont_email_post_to_subs":false,"_jetpack_newsletter_tier_id":0,"_jetpack_memberships_contains_paywalled_content":false,"_jetpack_memberships_contains_paid_content":false,"footnotes":"","jetpack_publicize_message":"","jetpack_publicize_feature_enabled":true,"jetpack_social_post_already_shared":true,"jetpack_social_options":{"image_generator_settings":{"template":"highway","default_image_id":0,"font":"","enabled":false},"version":2}},"categories":[3,9],"tags":[],"class_list":["post-43753","post","type-post","status-publish","format-standard","has-post-thumbnail","hentry","category-novosti","category-skupovi"],"acf":{"facebook_opis":""},"jetpack_publicize_connections":[],"jetpack_featured_media_url":"https:\/\/i0.wp.com\/historiografija.hr\/wp-content\/uploads\/2024\/12\/Senj_plakat.jpg?fit=1008%2C1344&ssl=1","jetpack_sharing_enabled":true,"jetpack-related-posts":[],"_links":{"self":[{"href":"https:\/\/historiografija.hr\/index.php?rest_route=\/wp\/v2\/posts\/43753","targetHints":{"allow":["GET"]}}],"collection":[{"href":"https:\/\/historiografija.hr\/index.php?rest_route=\/wp\/v2\/posts"}],"about":[{"href":"https:\/\/historiografija.hr\/index.php?rest_route=\/wp\/v2\/types\/post"}],"author":[{"embeddable":true,"href":"https:\/\/historiografija.hr\/index.php?rest_route=\/wp\/v2\/users\/2"}],"replies":[{"embeddable":true,"href":"https:\/\/historiografija.hr\/index.php?rest_route=%2Fwp%2Fv2%2Fcomments&post=43753"}],"version-history":[{"count":1,"href":"https:\/\/historiografija.hr\/index.php?rest_route=\/wp\/v2\/posts\/43753\/revisions"}],"predecessor-version":[{"id":43755,"href":"https:\/\/historiografija.hr\/index.php?rest_route=\/wp\/v2\/posts\/43753\/revisions\/43755"}],"wp:featuredmedia":[{"embeddable":true,"href":"https:\/\/historiografija.hr\/index.php?rest_route=\/wp\/v2\/media\/43754"}],"wp:attachment":[{"href":"https:\/\/historiografija.hr\/index.php?rest_route=%2Fwp%2Fv2%2Fmedia&parent=43753"}],"wp:term":[{"taxonomy":"category","embeddable":true,"href":"https:\/\/historiografija.hr\/index.php?rest_route=%2Fwp%2Fv2%2Fcategories&post=43753"},{"taxonomy":"post_tag","embeddable":true,"href":"https:\/\/historiografija.hr\/index.php?rest_route=%2Fwp%2Fv2%2Ftags&post=43753"}],"curies":[{"name":"wp","href":"https:\/\/api.w.org\/{rel}","templated":true}]}}