{"id":43748,"date":"2024-12-05T12:14:06","date_gmt":"2024-12-05T12:14:06","guid":{"rendered":"http:\/\/historiografija.hr\/?p=43748"},"modified":"2024-12-05T12:15:43","modified_gmt":"2024-12-05T12:15:43","slug":"znanstveno-strucni-skup-srednjovjekovni-statuti-istre-i-kvarnera","status":"publish","type":"post","link":"https:\/\/historiografija.hr\/?p=43748","title":{"rendered":"Znanstveno-stru\u010dni skup \u201eSrednjovjekovni statuti Istre i Kvarnera\u201c"},"content":{"rendered":"\n<p>Dr\u017eavni arhiv u Rijeci, Pravni fakultet u Rijeci, Dr\u017eavni arhiv u Pazinu i Pokrajinski arhiv Kopar s veseljem vas pozivaju da sudjelujete na znanstveno-stru\u010dnom skupu <strong>Srednjovjekovni statuti Istre i Kvarnera<\/strong> koji \u0107e se odr\u017eati 5. i 6. prosinca 2024. godine u Dr\u017eavnom arhivu u Rijeci.<\/p>\n\n\n\n<hr class=\"wp-block-separator\"\/>\n\n\n\n<p><a href=\"https:\/\/www.dapa.hr\/wp-content\/uploads\/Zbornik_sazetaka.pdf\">Zbornik sa\u017eetaka<\/a><\/p>\n\n\n\n<hr class=\"wp-block-separator\"\/>\n\n\n\n<p>Izvori:<\/p>\n\n\n\n<p><a href=\"https:\/\/www.riarhiv.hr\/\">https:\/\/www.riarhiv.hr\/<\/a><\/p>\n\n\n\n<figure class=\"wp-block-embed-wordpress wp-block-embed is-type-wp-embed is-provider-drzavni-arhiv-u-pazinu\"><div class=\"wp-block-embed__wrapper\">\n<blockquote class=\"wp-embedded-content\" data-secret=\"Ps9MBNxyZ6\"><a href=\"https:\/\/www.dapa.hr\/medunarodni-znanstveno-strucni-skup-srednjovjekovni-statuti-istre-i-kvarnera-pozivnica\/\">Me\u0111unarodni znanstveno-stru\u010dni skup Srednjovjekovni statuti Istre i Kvarnera &#8211; pozivnica<\/a><\/blockquote><iframe loading=\"lazy\" class=\"wp-embedded-content\" sandbox=\"allow-scripts\" security=\"restricted\" style=\"position: absolute; clip: rect(1px, 1px, 1px, 1px);\" title=\"&#8220;Me\u0111unarodni znanstveno-stru\u010dni skup Srednjovjekovni statuti Istre i Kvarnera &#8211; pozivnica&#8221; &#8212; Dr\u017eavni arhiv u Pazinu\" src=\"https:\/\/www.dapa.hr\/medunarodni-znanstveno-strucni-skup-srednjovjekovni-statuti-istre-i-kvarnera-pozivnica\/embed\/#?secret=rVK1P3TViv#?secret=Ps9MBNxyZ6\" data-secret=\"Ps9MBNxyZ6\" width=\"600\" height=\"338\" frameborder=\"0\" marginwidth=\"0\" marginheight=\"0\" scrolling=\"no\"><\/iframe>\n<\/div><\/figure>\n\n\n\n<hr class=\"wp-block-separator\"\/>\n","protected":false},"excerpt":{"rendered":"","protected":false},"author":2,"featured_media":43749,"comment_status":"open","ping_status":"open","sticky":false,"template":"","format":"standard","meta":{"_acf_changed":false,"jetpack_post_was_ever_published":false,"_jetpack_newsletter_access":"","_jetpack_dont_email_post_to_subs":false,"_jetpack_newsletter_tier_id":0,"_jetpack_memberships_contains_paywalled_content":false,"_jetpack_memberships_contains_paid_content":false,"footnotes":"","jetpack_publicize_message":"","jetpack_publicize_feature_enabled":true,"jetpack_social_post_already_shared":true,"jetpack_social_options":{"image_generator_settings":{"template":"highway","default_image_id":0,"font":"","enabled":false},"version":2}},"categories":[3,9],"tags":[],"class_list":["post-43748","post","type-post","status-publish","format-standard","has-post-thumbnail","hentry","category-novosti","category-skupovi"],"acf":{"facebook_opis":""},"jetpack_publicize_connections":[],"jetpack_featured_media_url":"https:\/\/i0.wp.com\/historiografija.hr\/wp-content\/uploads\/2024\/12\/Pozivnica_Skup_o_srednjovjekovnim_statutima.jpg?fit=768%2C563&ssl=1","jetpack_sharing_enabled":true,"jetpack-related-posts":[],"_links":{"self":[{"href":"https:\/\/historiografija.hr\/index.php?rest_route=\/wp\/v2\/posts\/43748","targetHints":{"allow":["GET"]}}],"collection":[{"href":"https:\/\/historiografija.hr\/index.php?rest_route=\/wp\/v2\/posts"}],"about":[{"href":"https:\/\/historiografija.hr\/index.php?rest_route=\/wp\/v2\/types\/post"}],"author":[{"embeddable":true,"href":"https:\/\/historiografija.hr\/index.php?rest_route=\/wp\/v2\/users\/2"}],"replies":[{"embeddable":true,"href":"https:\/\/historiografija.hr\/index.php?rest_route=%2Fwp%2Fv2%2Fcomments&post=43748"}],"version-history":[{"count":3,"href":"https:\/\/historiografija.hr\/index.php?rest_route=\/wp\/v2\/posts\/43748\/revisions"}],"predecessor-version":[{"id":43752,"href":"https:\/\/historiografija.hr\/index.php?rest_route=\/wp\/v2\/posts\/43748\/revisions\/43752"}],"wp:featuredmedia":[{"embeddable":true,"href":"https:\/\/historiografija.hr\/index.php?rest_route=\/wp\/v2\/media\/43749"}],"wp:attachment":[{"href":"https:\/\/historiografija.hr\/index.php?rest_route=%2Fwp%2Fv2%2Fmedia&parent=43748"}],"wp:term":[{"taxonomy":"category","embeddable":true,"href":"https:\/\/historiografija.hr\/index.php?rest_route=%2Fwp%2Fv2%2Fcategories&post=43748"},{"taxonomy":"post_tag","embeddable":true,"href":"https:\/\/historiografija.hr\/index.php?rest_route=%2Fwp%2Fv2%2Ftags&post=43748"}],"curies":[{"name":"wp","href":"https:\/\/api.w.org\/{rel}","templated":true}]}}