{"id":43739,"date":"2024-12-04T13:13:40","date_gmt":"2024-12-04T13:13:40","guid":{"rendered":"http:\/\/historiografija.hr\/?p=43739"},"modified":"2024-12-04T13:13:40","modified_gmt":"2024-12-04T13:13:40","slug":"buchprasentation-und-diskussion-the-great-war-and-the-anthropocene","status":"publish","type":"post","link":"https:\/\/historiografija.hr\/?p=43739","title":{"rendered":"Buchpr\u00e4sentation und Diskussion &#8220;The Great War and the Anthropocene&#8221;"},"content":{"rendered":"\n<p>U Berlinu \u0107e u \u010detvrtak, 5. prosinca 2024. biti odr\u017eana promocija i rasprava o zborniku radova \u00a0\u201eThe Great War and the Anthropocene: Empire and Environment, Soldiers and Civilians on the Eastern Front\u201c.<\/p>\n\n\n\n<hr class=\"wp-block-separator\"\/>\n\n\n\n<p>Op\u0161irnije:<\/p>\n\n\n\n<p><a href=\"https:\/\/www.geschichte.hu-berlin.de\/de\/newseventsglobe\/buchpraesentation-und-diskussion-the-great-war-and-the-anthropocene\">https:\/\/www.geschichte.hu-berlin.de\/de\/newseventsglobe\/buchpraesentation-und-diskussion-the-great-war-and-the-anthropocene<\/a><\/p>\n\n\n\n<p><a href=\"https:\/\/brill.com\/display\/title\/70473\">https:\/\/brill.com\/display\/title\/70473<\/a><\/p>\n\n\n\n<hr class=\"wp-block-separator\"\/>\n","protected":false},"excerpt":{"rendered":"","protected":false},"author":2,"featured_media":43740,"comment_status":"open","ping_status":"open","sticky":false,"template":"","format":"standard","meta":{"_acf_changed":false,"jetpack_post_was_ever_published":false,"_jetpack_newsletter_access":"","_jetpack_dont_email_post_to_subs":false,"_jetpack_newsletter_tier_id":0,"_jetpack_memberships_contains_paywalled_content":false,"_jetpack_memberships_contains_paid_content":false,"footnotes":"","jetpack_publicize_message":"","jetpack_publicize_feature_enabled":true,"jetpack_social_post_already_shared":true,"jetpack_social_options":{"image_generator_settings":{"template":"highway","default_image_id":0,"font":"","enabled":false},"version":2}},"categories":[3],"tags":[],"class_list":["post-43739","post","type-post","status-publish","format-standard","has-post-thumbnail","hentry","category-novosti"],"acf":{"facebook_opis":""},"jetpack_publicize_connections":[],"jetpack_featured_media_url":"https:\/\/i0.wp.com\/historiografija.hr\/wp-content\/uploads\/2024\/12\/Great_War.jpg?fit=200%2C305&ssl=1","jetpack_sharing_enabled":true,"jetpack-related-posts":[],"_links":{"self":[{"href":"https:\/\/historiografija.hr\/index.php?rest_route=\/wp\/v2\/posts\/43739","targetHints":{"allow":["GET"]}}],"collection":[{"href":"https:\/\/historiografija.hr\/index.php?rest_route=\/wp\/v2\/posts"}],"about":[{"href":"https:\/\/historiografija.hr\/index.php?rest_route=\/wp\/v2\/types\/post"}],"author":[{"embeddable":true,"href":"https:\/\/historiografija.hr\/index.php?rest_route=\/wp\/v2\/users\/2"}],"replies":[{"embeddable":true,"href":"https:\/\/historiografija.hr\/index.php?rest_route=%2Fwp%2Fv2%2Fcomments&post=43739"}],"version-history":[{"count":1,"href":"https:\/\/historiografija.hr\/index.php?rest_route=\/wp\/v2\/posts\/43739\/revisions"}],"predecessor-version":[{"id":43741,"href":"https:\/\/historiografija.hr\/index.php?rest_route=\/wp\/v2\/posts\/43739\/revisions\/43741"}],"wp:featuredmedia":[{"embeddable":true,"href":"https:\/\/historiografija.hr\/index.php?rest_route=\/wp\/v2\/media\/43740"}],"wp:attachment":[{"href":"https:\/\/historiografija.hr\/index.php?rest_route=%2Fwp%2Fv2%2Fmedia&parent=43739"}],"wp:term":[{"taxonomy":"category","embeddable":true,"href":"https:\/\/historiografija.hr\/index.php?rest_route=%2Fwp%2Fv2%2Fcategories&post=43739"},{"taxonomy":"post_tag","embeddable":true,"href":"https:\/\/historiografija.hr\/index.php?rest_route=%2Fwp%2Fv2%2Ftags&post=43739"}],"curies":[{"name":"wp","href":"https:\/\/api.w.org\/{rel}","templated":true}]}}