{"id":43734,"date":"2024-12-04T13:00:51","date_gmt":"2024-12-04T13:00:51","guid":{"rendered":"http:\/\/historiografija.hr\/?p=43734"},"modified":"2024-12-04T13:00:51","modified_gmt":"2024-12-04T13:00:51","slug":"predavanje-ivane-kuhar-gricka-vjestica-kao-rock-opera","status":"publish","type":"post","link":"https:\/\/historiografija.hr\/?p=43734","title":{"rendered":"Predavanje Ivane Kuhar \u201cGri\u010dka vje\u0161tica kao rock opera\u201d"},"content":{"rendered":"\n<p>Memorijalni stan Marije Juri\u0107 Zagorke poziva vas na <strong>predavanje Ivane Kuhar \u201e<\/strong><em><strong>Gri\u010dka vje\u0161tica<\/strong><\/em><strong> kao rock opera\u201c<\/strong> koje \u0107e se odr\u017eati u <strong>petak 6. prosinca 2024.<\/strong> <strong>s po\u010detkom u 18 h<\/strong> u sklopu Ciklusa predavanja u Memorijalnom stanu Marije Juri\u0107 Zagorke.<\/p>\n\n\n\n<p>\u201eGri\u010dka vje\u0161tica\u201c jedan je od naj\u010de\u0161\u0107ih sinonima vlastite autorice, Marije Juri\u0107 Zagorke. Ona je i prva dramatizirala i prilagodila roman za prikazivanje na kazali\u0161nim daskama. Odmak od osnovnih postulata gluma\u010dkog prikazivanja zapo\u010detog 1916. i nastavljenog kroz 20. stolje\u0107e obilje\u017eila je rock opera istoga imena premijerno izvedena 1979. godine. U pjesmu i ples za kazali\u0161te \u201eKomedija\u201c preto\u010dili su ju zajedni\u010dkim snagama Ivica Kraja\u010d, Karlo Metiko\u0161 i Miljenko Prohaska, a re\u017eirao i postavio Vlado \u0160tefan\u010di\u0107. Kako je tekao kreativni proces stvaranja rock opere i na kakve logisti\u010dke i druge izazove je nai\u0161ao od same ideje do realizacije mo\u017eete saznati kroz rekonstrukciju novinskih \u010dlanaka iz hrvatske \u0161tampe s kraja 1970-ih u predavanju \u201e<em>Gri\u010dka vje\u0161tica<\/em> kao rock opera\u201c Ivane Kuhar, povjesni\u010darke i arhivske savjetnice Hrvatskog dr\u017eavnog arhiva.<\/p>\n\n\n\n<p>Veselimo se Va\u0161em dolasku!<\/p>\n\n\n\n<p>Program financijski podupiru Grad Zagreb i Ministarstvo kulture i medija<\/p>\n\n\n\n<hr class=\"wp-block-separator\"\/>\n\n\n\n<p>Izvor:<\/p>\n\n\n\n<figure class=\"wp-block-embed-wordpress wp-block-embed is-type-wp-embed is-provider-memorijalni-stan-marije-juric-zagorke\"><div class=\"wp-block-embed__wrapper\">\n<blockquote class=\"wp-embedded-content\" data-secret=\"f4j5ykwXr3\"><a href=\"http:\/\/zagorka.net\/predavanje-ivane-kuhar-gricka-vjestica-kao-rock-opera\/\">Predavanje Ivane Kuhar: &#8220;Gri\u010dka vje\u0161tica kao rock opera&#8221;<\/a><\/blockquote><iframe loading=\"lazy\" class=\"wp-embedded-content\" sandbox=\"allow-scripts\" security=\"restricted\" style=\"position: absolute; clip: rect(1px, 1px, 1px, 1px);\" title=\"&#8220;Predavanje Ivane Kuhar: &#8220;Gri\u010dka vje\u0161tica kao rock opera&#8221;&#8221; &#8212; Memorijalni stan Marije Juri\u0107 Zagorke\" src=\"http:\/\/zagorka.net\/predavanje-ivane-kuhar-gricka-vjestica-kao-rock-opera\/embed\/#?secret=f4j5ykwXr3\" data-secret=\"f4j5ykwXr3\" width=\"600\" height=\"338\" frameborder=\"0\" marginwidth=\"0\" marginheight=\"0\" scrolling=\"no\"><\/iframe>\n<\/div><\/figure>\n\n\n\n<hr class=\"wp-block-separator\"\/>\n","protected":false},"excerpt":{"rendered":"","protected":false},"author":2,"featured_media":43115,"comment_status":"open","ping_status":"open","sticky":false,"template":"","format":"standard","meta":{"_acf_changed":false,"jetpack_post_was_ever_published":false,"_jetpack_newsletter_access":"","_jetpack_dont_email_post_to_subs":false,"_jetpack_newsletter_tier_id":0,"_jetpack_memberships_contains_paywalled_content":false,"_jetpack_memberships_contains_paid_content":false,"footnotes":"","jetpack_publicize_message":"","jetpack_publicize_feature_enabled":true,"jetpack_social_post_already_shared":true,"jetpack_social_options":{"image_generator_settings":{"template":"highway","default_image_id":0,"font":"","enabled":false},"version":2}},"categories":[3],"tags":[],"class_list":["post-43734","post","type-post","status-publish","format-standard","has-post-thumbnail","hentry","category-novosti"],"acf":{"facebook_opis":""},"jetpack_publicize_connections":[],"jetpack_featured_media_url":"https:\/\/i0.wp.com\/historiografija.hr\/wp-content\/uploads\/2024\/11\/Zagorka_ciklus.jpg?fit=1410%2C1182&ssl=1","jetpack_sharing_enabled":true,"jetpack-related-posts":[],"_links":{"self":[{"href":"https:\/\/historiografija.hr\/index.php?rest_route=\/wp\/v2\/posts\/43734","targetHints":{"allow":["GET"]}}],"collection":[{"href":"https:\/\/historiografija.hr\/index.php?rest_route=\/wp\/v2\/posts"}],"about":[{"href":"https:\/\/historiografija.hr\/index.php?rest_route=\/wp\/v2\/types\/post"}],"author":[{"embeddable":true,"href":"https:\/\/historiografija.hr\/index.php?rest_route=\/wp\/v2\/users\/2"}],"replies":[{"embeddable":true,"href":"https:\/\/historiografija.hr\/index.php?rest_route=%2Fwp%2Fv2%2Fcomments&post=43734"}],"version-history":[{"count":1,"href":"https:\/\/historiografija.hr\/index.php?rest_route=\/wp\/v2\/posts\/43734\/revisions"}],"predecessor-version":[{"id":43735,"href":"https:\/\/historiografija.hr\/index.php?rest_route=\/wp\/v2\/posts\/43734\/revisions\/43735"}],"wp:featuredmedia":[{"embeddable":true,"href":"https:\/\/historiografija.hr\/index.php?rest_route=\/wp\/v2\/media\/43115"}],"wp:attachment":[{"href":"https:\/\/historiografija.hr\/index.php?rest_route=%2Fwp%2Fv2%2Fmedia&parent=43734"}],"wp:term":[{"taxonomy":"category","embeddable":true,"href":"https:\/\/historiografija.hr\/index.php?rest_route=%2Fwp%2Fv2%2Fcategories&post=43734"},{"taxonomy":"post_tag","embeddable":true,"href":"https:\/\/historiografija.hr\/index.php?rest_route=%2Fwp%2Fv2%2Ftags&post=43734"}],"curies":[{"name":"wp","href":"https:\/\/api.w.org\/{rel}","templated":true}]}}