{"id":43728,"date":"2024-12-04T12:56:13","date_gmt":"2024-12-04T12:56:13","guid":{"rendered":"http:\/\/historiografija.hr\/?p=43728"},"modified":"2024-12-04T12:59:08","modified_gmt":"2024-12-04T12:59:08","slug":"mapping-memories-of-good-will-uber-interethnische-solidaritat-in-sudosteuropa","status":"publish","type":"post","link":"https:\/\/historiografija.hr\/?p=43728","title":{"rendered":"MAPPING Memories of Good Will. \u00dcber interethnische Solidarit\u00e4t in S\u00fcdosteuropa"},"content":{"rendered":"\n<p>Tagung, 06.12.2024, Berlin<\/p>\n\n\n\n<hr class=\"wp-block-separator\"\/>\n\n\n\n<p>Das&nbsp;20. Jahrhundert in S\u00fcdosteuropa war von schweren Konflikten gepr\u00e4gt, darunter die Balkankriege, die beiden Weltkriege und die Auseinandersetzungen der 1990er Jahre. Doch trotz dieser von Gewalt und Feindseligkeit gepr\u00e4gten Geschichte gibt es auch zahlreiche, jedoch wenig beachtete Beispiele interethnischer Solidarit\u00e4t, gemeinsamer Errungenschaften und friedlicher Koexistenz. Diese positiven kollektiven Erinnerungen unterliegen oft einem \u201ebewussten Vergessen\u201c und bleiben in der \u00f6ffentlichen Debatte weitgehend unber\u00fccksichtigt.<\/p>\n\n\n\n<p>Das Projekt&nbsp;<em>MAPPING Memories of Good Will<\/em>, organisiert von unserem Lehrstuhl sowie der Bundeszentrale f\u00fcr politische Bildung, widmet sich der Aufgabe, diese L\u00fccke zu schlie\u00dfen, indem es die Mechanismen der Aktivierung positiver Erinnerungskulturen untersucht. Im Zentrum steht die Frage, wie interethnische Solidarit\u00e4t in S\u00fcdosteuropa strategisch mobilisiert werden kann, um eine Kultur des Friedens zu f\u00f6rdern. Die Tagung beleuchtet geografische und zeitliche Konfliktzonen \u2013 etwa die Beziehungen zwischen Italien, Slowenien und Kroatien, die Dynamiken zwischen Bosnien, Kroatien und Serbien oder das Verh\u00e4ltnis zwischen Albanien, Kosovo, Nordmazedonien und Griechenland \u2013 und setzt diese in einen breiten historischen Kontext.<\/p>\n\n\n\n<p>Das Projekt umfasst Biografien zivilcouragierter Pers\u00f6nlichkeiten, innovative Vermittlungsformate und ein Kreativlabor f\u00fcr private Geschichtslesungen. Ziel ist es, neue Perspektiven im Umgang mit der konfliktreichen Vergangenheit aufzuzeigen und Anst\u00f6\u00dfe f\u00fcr eine zukunftsgerichtete Erinnerungspolitik zu geben.<\/p>\n\n\n\n<p>Die Tagung findet im Senatssaal (Unter den Linden 6, 10117 Berlin) statt und die Teilnahme ist kostenfrei.<\/p>\n\n\n\n<p>N\u00e4here Informationen k\u00f6nnen Sie diesem <strong><a href=\"https:\/\/www.geschichte.hu-berlin.de\/de\/bereiche-und-lehrstuehle\/gesuedosteu\/aktuelles\/mapping-memories-of-good-will_flyer.jpg\" target=\"_blank\" rel=\"noreferrer noopener\">Flyer<\/a>&nbsp;<\/strong>zur Veranstaltung entnehmen.<\/p>\n\n\n\n<p><strong><a rel=\"noreferrer noopener\" href=\"https:\/\/www.bpb.de\/veranstaltungen\/veranstaltungskalender\/556412\/mapping-memories-of-good-will\/\" target=\"_blank\">Hier<\/a>\u00a0<\/strong>finden Sie das detaillierte\u00a0<strong>Programm\u00a0<\/strong>und die\u00a0<strong>Anmeldung<\/strong>\u00a0zur Veranstaltung.<\/p>\n\n\n\n<hr class=\"wp-block-separator\"\/>\n\n\n\n<p><a href=\"https:\/\/www.geschichte.hu-berlin.de\/de\/bereiche-und-lehrstuehle\/gesuedosteu\/aktuelles\/aktuelles\">https:\/\/www.geschichte.hu-berlin.de\/de\/bereiche-und-lehrstuehle\/gesuedosteu\/aktuelles\/aktuelles<\/a><\/p>\n\n\n\n<hr class=\"wp-block-separator\"\/>\n\n\n\n<p><strong>Kako se me\u0111uetni\u010dka solidarnost mo\u017ee mobilizirati za promicanje kulture mira<\/strong><\/p>\n\n\n\n<p>U Berlinu \u0107e biti odr\u017eana konferencija <em>MAPPING Memories of Good Will<\/em> (Mapiranje sje\u0107anja dobre volje).<\/p>\n\n\n\n<p>Dvadeseto stolje\u0107e u jugoisto\u010dnoj Europi obilje\u017eeno je ozbiljnim sukobima, uklju\u010duju\u0107i Balkanske ratove, dva svjetska rata i sukobe 1990-ih. Ali unato\u010d ovoj povijesti nasilja i neprijateljstva, postoje i brojni, ali malo zapa\u017eeni primjeri me\u0111uetni\u010dke solidarnosti, zajedni\u010dkih postignu\u0107a i mirnog su\u017eivota. Ova pozitivna kolektivna sje\u0107anja \u010desto su podlo\u017ena \u201csvjesnom zaboravu\u201d i ostaju uglavnom zanemarena u javnoj raspravi.<\/p>\n\n\n\n<p>Projekt <em>MAPPING Memories of Good Will<\/em> je posve\u0107en uklanjanju ovog jaza ispitivanjem mehanizama aktiviranja pozitivnih kultura sje\u0107anja. Fokus je na pitanju kako se me\u0111uetni\u010dka solidarnost u jugoisto\u010dnoj Europi mo\u017ee strate\u0161ki mobilizirati za promicanje kulture mira. Konferencija isti\u010de zemljopisne i vremenske konfliktne zone \u2013 kao \u0161to su odnosi izme\u0111u Italije, Slovenije i Hrvatske, dinamiku izme\u0111u Bosne, Hrvatske i Srbije ili odnos izme\u0111u Albanije, Kosova, Sjeverne Makedonije i Gr\u010dke \u2013 i stavlja ih u \u0161iroki povijesni kontekst.<\/p>\n\n\n\n<p>Konferencija \u0107e biti odr\u017eana na Humboldt Univerzitetu 6. decembra 2024. godine.<\/p>\n\n\n\n<hr class=\"wp-block-separator\"\/>\n\n\n\n<p>Izvor:<\/p>\n\n\n\n<p><a href=\"https:\/\/historiografija.ba\/historija-u-javnosti\/naucne-manifestacije\/kako-se-medjuetnicka-solidarnost-moze-mobilizirati-za-promicanje-kulture-mira\">https:\/\/historiografija.ba\/historija-u-javnosti\/naucne-manifestacije\/kako-se-medjuetnicka-solidarnost-moze-mobilizirati-za-promicanje-kulture-mira<\/a><\/p>\n\n\n\n<hr class=\"wp-block-separator\"\/>\n","protected":false},"excerpt":{"rendered":"","protected":false},"author":2,"featured_media":43729,"comment_status":"open","ping_status":"open","sticky":false,"template":"","format":"standard","meta":{"_acf_changed":false,"jetpack_post_was_ever_published":false,"_jetpack_newsletter_access":"","_jetpack_dont_email_post_to_subs":false,"_jetpack_newsletter_tier_id":0,"_jetpack_memberships_contains_paywalled_content":false,"_jetpack_memberships_contains_paid_content":false,"footnotes":"","jetpack_publicize_message":"","jetpack_publicize_feature_enabled":true,"jetpack_social_post_already_shared":true,"jetpack_social_options":{"image_generator_settings":{"template":"highway","default_image_id":0,"font":"","enabled":false},"version":2}},"categories":[3,9],"tags":[],"class_list":["post-43728","post","type-post","status-publish","format-standard","has-post-thumbnail","hentry","category-novosti","category-skupovi"],"acf":{"facebook_opis":""},"jetpack_publicize_connections":[],"jetpack_featured_media_url":"https:\/\/i0.wp.com\/historiografija.hr\/wp-content\/uploads\/2024\/12\/Memories.jpg?fit=600%2C400&ssl=1","jetpack_sharing_enabled":true,"jetpack-related-posts":[],"_links":{"self":[{"href":"https:\/\/historiografija.hr\/index.php?rest_route=\/wp\/v2\/posts\/43728","targetHints":{"allow":["GET"]}}],"collection":[{"href":"https:\/\/historiografija.hr\/index.php?rest_route=\/wp\/v2\/posts"}],"about":[{"href":"https:\/\/historiografija.hr\/index.php?rest_route=\/wp\/v2\/types\/post"}],"author":[{"embeddable":true,"href":"https:\/\/historiografija.hr\/index.php?rest_route=\/wp\/v2\/users\/2"}],"replies":[{"embeddable":true,"href":"https:\/\/historiografija.hr\/index.php?rest_route=%2Fwp%2Fv2%2Fcomments&post=43728"}],"version-history":[{"count":4,"href":"https:\/\/historiografija.hr\/index.php?rest_route=\/wp\/v2\/posts\/43728\/revisions"}],"predecessor-version":[{"id":43733,"href":"https:\/\/historiografija.hr\/index.php?rest_route=\/wp\/v2\/posts\/43728\/revisions\/43733"}],"wp:featuredmedia":[{"embeddable":true,"href":"https:\/\/historiografija.hr\/index.php?rest_route=\/wp\/v2\/media\/43729"}],"wp:attachment":[{"href":"https:\/\/historiografija.hr\/index.php?rest_route=%2Fwp%2Fv2%2Fmedia&parent=43728"}],"wp:term":[{"taxonomy":"category","embeddable":true,"href":"https:\/\/historiografija.hr\/index.php?rest_route=%2Fwp%2Fv2%2Fcategories&post=43728"},{"taxonomy":"post_tag","embeddable":true,"href":"https:\/\/historiografija.hr\/index.php?rest_route=%2Fwp%2Fv2%2Ftags&post=43728"}],"curies":[{"name":"wp","href":"https:\/\/api.w.org\/{rel}","templated":true}]}}