{"id":43724,"date":"2024-12-04T12:36:22","date_gmt":"2024-12-04T12:36:22","guid":{"rendered":"http:\/\/historiografija.hr\/?p=43724"},"modified":"2024-12-04T12:37:01","modified_gmt":"2024-12-04T12:37:01","slug":"studentski-forum-povijesna-perspektiva-osmanskog-carstva-i-republike-turske","status":"publish","type":"post","link":"https:\/\/historiografija.hr\/?p=43724","title":{"rendered":"Studentski forum: Povijesna perspektiva Osmanskog Carstva i Republike Turske"},"content":{"rendered":"\n<p>Turski kulturni centar Yunus Emre u Zagrebu, u \u010detvrtak, 5. prosinca 2024. u 18:00<\/p>\n\n\n\n<hr class=\"wp-block-separator\"\/>\n\n\n\n<p>Govornici:<\/p>\n\n\n\n<hr class=\"wp-block-separator\"\/>\n\n\n\n<p><strong>Davud Me\u0161inovi\u0107<\/strong><\/p>\n\n\n\n<p>Uloga sufizma u konsolidaciji i \u0161irenju Osmanske mo\u0107i<\/p>\n\n\n\n<hr class=\"wp-block-separator\"\/>\n\n\n\n<p><strong>Alen \u0160ari\u0107<\/strong><\/p>\n\n\n\n<p>Osmanlije kao balkansko Drugo \u2013 predod\u017ebe Osmanlija na Balkanu<\/p>\n\n\n\n<hr class=\"wp-block-separator\"\/>\n\n\n\n<p><strong>Ivana \u0110ordi\u0107<\/strong><\/p>\n\n\n\n<p>Turska intelektualka na razme\u0111u epoha: knji\u017eevna i politi\u010dka praksa Halide Edip Ad\u0131var<\/p>\n\n\n\n<hr class=\"wp-block-separator\"\/>\n\n\n\n<figure class=\"wp-block-image size-large\"><img data-recalc-dims=\"1\" loading=\"lazy\" decoding=\"async\" width=\"839\" height=\"1024\" data-attachment-id=\"43725\" data-permalink=\"https:\/\/historiografija.hr\/?attachment_id=43725\" data-orig-file=\"https:\/\/i0.wp.com\/historiografija.hr\/wp-content\/uploads\/2024\/12\/Forum.jpg?fit=1439%2C1757&amp;ssl=1\" data-orig-size=\"1439,1757\" data-comments-opened=\"1\" data-image-meta=\"{&quot;aperture&quot;:&quot;0&quot;,&quot;credit&quot;:&quot;&quot;,&quot;camera&quot;:&quot;&quot;,&quot;caption&quot;:&quot;&quot;,&quot;created_timestamp&quot;:&quot;0&quot;,&quot;copyright&quot;:&quot;&quot;,&quot;focal_length&quot;:&quot;0&quot;,&quot;iso&quot;:&quot;0&quot;,&quot;shutter_speed&quot;:&quot;0&quot;,&quot;title&quot;:&quot;&quot;,&quot;orientation&quot;:&quot;0&quot;}\" data-image-title=\"Forum\" data-image-description=\"\" data-image-caption=\"\" data-large-file=\"https:\/\/i0.wp.com\/historiografija.hr\/wp-content\/uploads\/2024\/12\/Forum.jpg?fit=839%2C1024&amp;ssl=1\" src=\"https:\/\/i0.wp.com\/historiografija.hr\/wp-content\/uploads\/2024\/12\/Forum.jpg?resize=839%2C1024&#038;ssl=1\" alt=\"\" class=\"wp-image-43725\" srcset=\"https:\/\/i0.wp.com\/historiografija.hr\/wp-content\/uploads\/2024\/12\/Forum.jpg?resize=839%2C1024&amp;ssl=1 839w, https:\/\/i0.wp.com\/historiografija.hr\/wp-content\/uploads\/2024\/12\/Forum.jpg?resize=246%2C300&amp;ssl=1 246w, https:\/\/i0.wp.com\/historiografija.hr\/wp-content\/uploads\/2024\/12\/Forum.jpg?resize=768%2C938&amp;ssl=1 768w, https:\/\/i0.wp.com\/historiografija.hr\/wp-content\/uploads\/2024\/12\/Forum.jpg?resize=1258%2C1536&amp;ssl=1 1258w, https:\/\/i0.wp.com\/historiografija.hr\/wp-content\/uploads\/2024\/12\/Forum.jpg?w=1439&amp;ssl=1 1439w\" sizes=\"auto, (max-width: 839px) 100vw, 839px\" \/><\/figure>\n\n\n\n<hr class=\"wp-block-separator\"\/>\n","protected":false},"excerpt":{"rendered":"","protected":false},"author":2,"featured_media":43725,"comment_status":"open","ping_status":"open","sticky":false,"template":"","format":"standard","meta":{"_acf_changed":false,"jetpack_post_was_ever_published":false,"_jetpack_newsletter_access":"","_jetpack_dont_email_post_to_subs":false,"_jetpack_newsletter_tier_id":0,"_jetpack_memberships_contains_paywalled_content":false,"_jetpack_memberships_contains_paid_content":false,"footnotes":"","jetpack_publicize_message":"","jetpack_publicize_feature_enabled":true,"jetpack_social_post_already_shared":true,"jetpack_social_options":{"image_generator_settings":{"template":"highway","default_image_id":0,"font":"","enabled":false},"version":2}},"categories":[3],"tags":[],"class_list":["post-43724","post","type-post","status-publish","format-standard","has-post-thumbnail","hentry","category-novosti"],"acf":{"facebook_opis":""},"jetpack_publicize_connections":[],"jetpack_featured_media_url":"https:\/\/i0.wp.com\/historiografija.hr\/wp-content\/uploads\/2024\/12\/Forum.jpg?fit=1439%2C1757&ssl=1","jetpack_sharing_enabled":true,"jetpack-related-posts":[],"_links":{"self":[{"href":"https:\/\/historiografija.hr\/index.php?rest_route=\/wp\/v2\/posts\/43724","targetHints":{"allow":["GET"]}}],"collection":[{"href":"https:\/\/historiografija.hr\/index.php?rest_route=\/wp\/v2\/posts"}],"about":[{"href":"https:\/\/historiografija.hr\/index.php?rest_route=\/wp\/v2\/types\/post"}],"author":[{"embeddable":true,"href":"https:\/\/historiografija.hr\/index.php?rest_route=\/wp\/v2\/users\/2"}],"replies":[{"embeddable":true,"href":"https:\/\/historiografija.hr\/index.php?rest_route=%2Fwp%2Fv2%2Fcomments&post=43724"}],"version-history":[{"count":2,"href":"https:\/\/historiografija.hr\/index.php?rest_route=\/wp\/v2\/posts\/43724\/revisions"}],"predecessor-version":[{"id":43727,"href":"https:\/\/historiografija.hr\/index.php?rest_route=\/wp\/v2\/posts\/43724\/revisions\/43727"}],"wp:featuredmedia":[{"embeddable":true,"href":"https:\/\/historiografija.hr\/index.php?rest_route=\/wp\/v2\/media\/43725"}],"wp:attachment":[{"href":"https:\/\/historiografija.hr\/index.php?rest_route=%2Fwp%2Fv2%2Fmedia&parent=43724"}],"wp:term":[{"taxonomy":"category","embeddable":true,"href":"https:\/\/historiografija.hr\/index.php?rest_route=%2Fwp%2Fv2%2Fcategories&post=43724"},{"taxonomy":"post_tag","embeddable":true,"href":"https:\/\/historiografija.hr\/index.php?rest_route=%2Fwp%2Fv2%2Ftags&post=43724"}],"curies":[{"name":"wp","href":"https:\/\/api.w.org\/{rel}","templated":true}]}}