{"id":43721,"date":"2024-12-04T12:26:03","date_gmt":"2024-12-04T12:26:03","guid":{"rendered":"http:\/\/historiografija.hr\/?p=43721"},"modified":"2024-12-04T12:26:03","modified_gmt":"2024-12-04T12:26:03","slug":"hrvatska-revija-3-2024-tema-broja-hrvatski-istrazivaci-drugih-krajeva-i-zemalja","status":"publish","type":"post","link":"https:\/\/historiografija.hr\/?p=43721","title":{"rendered":"\u201cHrvatska revija\u201d (3-2024) \u2013 Tema broja: Hrvatski istra\u017eiva\u010di drugih krajeva i zemalja"},"content":{"rendered":"\n<p>Novi broj \u201cHrvatske revije\u201d (3-2024) donosi temu broja \u201eHrvatski istra\u017eiva\u010di drugih krajeva i zemalja\u201c. Op\u0161irnije u nastavku.<\/p>\n\n\n\n<hr class=\"wp-block-separator\"\/>\n\n\n\n<p><strong>Kazalo<\/strong><\/p>\n\n\n\n<p><strong>Tema broja: Hrvatski istra\u017eiva\u010di drugih krajeva i zemalja<\/strong><\/p>\n\n\n\n<p>3&nbsp;&nbsp;&nbsp;&nbsp;&nbsp;&nbsp;&nbsp;&nbsp;&nbsp;&nbsp;&nbsp;&nbsp;&nbsp;&nbsp;&nbsp; Mirjana Poli\u0107 Bobi\u0107<br>Istra\u017eiva\u010di me\u0111u hrvatskim misionarima Dru\u017ebe Isusove u Novome svijetu<\/p>\n\n\n\n<p>14&nbsp;&nbsp;&nbsp;&nbsp;&nbsp;&nbsp;&nbsp;&nbsp;&nbsp;&nbsp;&nbsp; Zdeslav \u0160pani\u010dek<br>Putevima Dragutina Lermana-Po\u017ee\u017eanina (1863\u20131918)<\/p>\n\n\n\n<p><strong>Glasoviti afri\u010dki istra\u017eiva\u010d i po\u017ee\u0161ki poduzetnik<\/strong><\/p>\n\n\n\n<p>19&nbsp;&nbsp;&nbsp;&nbsp;&nbsp;&nbsp;&nbsp;&nbsp;&nbsp;&nbsp;&nbsp; Marija \u017divkovi\u0107<br>Bra\u0107a Mirko i Stevo Seljan<\/p>\n\n\n\n<p><strong>Od darivanja predmeta Narodnom muzeju do gostovanja izlo\u017ebe o bra\u0107i Seljan u Ju\u017enoj Americi<\/strong><\/p>\n\n\n\n<p>23&nbsp;&nbsp;&nbsp;&nbsp;&nbsp;&nbsp;&nbsp;&nbsp;&nbsp;&nbsp;&nbsp; Vesna \u010cu\u010di\u0107<br>Pomorac i istra\u017eiva\u010d Ivo Visin (1806\u20131868)<\/p>\n\n\n\n<p><strong>Obljetnice<\/strong><\/p>\n\n\n\n<p>26&nbsp;&nbsp;&nbsp;&nbsp;&nbsp;&nbsp;&nbsp;&nbsp;&nbsp;&nbsp;&nbsp; Sanja Majer-Bobetko<br>Uglazbljeni Maruli\u0107<\/p>\n\n\n\n<p><strong>Skica za studiju<\/strong><\/p>\n\n\n\n<p><strong>Iz pravne povijesti<\/strong><\/p>\n\n\n\n<p>31&nbsp;&nbsp;&nbsp;&nbsp;&nbsp;&nbsp;&nbsp;&nbsp;&nbsp;&nbsp;&nbsp; Tomislav Karlovi\u0107<br>Hrvatska i 1848. \u2013 za\u010detci uspostavljanja posebnoga pravnog poretka i ponovnog priklju\u010denja europskoj (rimskoj) pravnoj tradiciji<\/p>\n\n\n\n<p><strong>Descriptio Croatiae<\/strong><\/p>\n\n\n\n<p>35&nbsp;&nbsp;&nbsp;&nbsp;&nbsp;&nbsp;&nbsp;&nbsp;&nbsp;&nbsp;&nbsp; Iva Papi\u0107<br>Neznana ba\u0161tina Baranje \u2013 poklonci i studenci<\/p>\n\n\n\n<p><strong>Nepoznata Europa<\/strong><\/p>\n\n\n\n<p>39&nbsp;&nbsp;&nbsp;&nbsp;&nbsp;&nbsp;&nbsp;&nbsp;&nbsp;&nbsp;&nbsp; Mladen Klemen\u010di\u0107<br>Venetskih Sedam op\u0107ina<\/p>\n\n\n\n<p><strong>Ba\u0161tina<\/strong><\/p>\n\n\n\n<p>46&nbsp;&nbsp;&nbsp;&nbsp;&nbsp;&nbsp;&nbsp;&nbsp;&nbsp;&nbsp;&nbsp; Sanja Buble<br>Hrvatski dom u Splitu, svjedok vremena<\/p>\n\n\n\n<p>50&nbsp;&nbsp;&nbsp;&nbsp;&nbsp;&nbsp;&nbsp;&nbsp;&nbsp;&nbsp;&nbsp; Sandi Bulimba\u0161i\u0107<br>Hrvatski dom i likovni \u017eivot Splita<br>nekad i danas<\/p>\n\n\n\n<p>52&nbsp;&nbsp;&nbsp;&nbsp;&nbsp;&nbsp;&nbsp;&nbsp;&nbsp;&nbsp;&nbsp; Marina \u0160afari\u0107<br>Fotografski atelijer u dvori\u0161tu Ilice br. 8<\/p>\n\n\n\n<p>Fotoatelijer iz 1894. godine sa\u010duvan je u velikoj mjeri sve do danas, ali zaboravljen<\/p>\n\n\n\n<p><strong>Hrvatska kultura u svijetu<\/strong><\/p>\n\n\n\n<p>56&nbsp;&nbsp;&nbsp;&nbsp;&nbsp;&nbsp;&nbsp;&nbsp;&nbsp;&nbsp;&nbsp; Vjera Katalini\u0107<br>Kako na\u0161u glazbenu produkciju vide stranci i \u0161to iz toga mo\u017eemo nau\u010diti?<\/p>\n\n\n\n<p><strong>Neobjavljena hrvatska knji\u017eevnost<\/strong><\/p>\n\n\n\n<p>62&nbsp;&nbsp;&nbsp;&nbsp;&nbsp;&nbsp;&nbsp;&nbsp;&nbsp;&nbsp;&nbsp; Tomislav Marijan Bilosni\u0107<br>Picasso nije doma (2. dio putopisa)<\/p>\n\n\n\n<p><strong>Prikazi knjiga, glazbenih i likovnih priredaba<\/strong><\/p>\n\n\n\n<p>66&nbsp;&nbsp;&nbsp;&nbsp;&nbsp;&nbsp;&nbsp;&nbsp;&nbsp;&nbsp;&nbsp; Jo\u0161ko Belamari\u0107<br>Misterij gravera Fortezze<\/p>\n\n\n\n<p>Djela \u0161ibenskoga renesansnog zlatarstva okupljena nakon gotovo 500 godina (Klovi\u0107evi dvori, 10. rujna \u2013 10. studenoga 2024)<\/p>\n\n\n\n<p>70&nbsp;&nbsp;&nbsp;&nbsp;&nbsp;&nbsp;&nbsp;&nbsp;&nbsp;&nbsp;&nbsp; An\u0111elko Mihanovi\u0107<br>Zvonimir Mihanovi\u0107 u potrazi za savr\u0161enom slikom<\/p>\n\n\n\n<p>Povodom izlo\u017ebe LAUS DISCIPULI, GLORIA MAGISTRORUM (Sveu\u010dili\u0161te u Splitu, lipanj\u2013srpanj 2024)<\/p>\n\n\n\n<hr class=\"wp-block-separator\"\/>\n\n\n\n<p><a href=\"https:\/\/www.matica.hr\/hr\/799\/kazalo-37147\/\">https:\/\/www.matica.hr\/hr\/799\/kazalo-37147\/<\/a><\/p>\n\n\n\n<p><a href=\"https:\/\/www.matica.hr\/hr\/799\/r\/tema-broja\/\">https:\/\/www.matica.hr\/hr\/799\/r\/tema-broja\/<\/a><\/p>\n\n\n\n<p><a href=\"https:\/\/www.matica.hr\/hr\/799\/\">https:\/\/www.matica.hr\/hr\/799\/<\/a><\/p>\n\n\n\n<hr class=\"wp-block-separator\"\/>\n","protected":false},"excerpt":{"rendered":"","protected":false},"author":2,"featured_media":43722,"comment_status":"open","ping_status":"open","sticky":false,"template":"","format":"standard","meta":{"_acf_changed":false,"jetpack_post_was_ever_published":false,"_jetpack_newsletter_access":"","_jetpack_dont_email_post_to_subs":false,"_jetpack_newsletter_tier_id":0,"_jetpack_memberships_contains_paywalled_content":false,"_jetpack_memberships_contains_paid_content":false,"footnotes":"","jetpack_publicize_message":"","jetpack_publicize_feature_enabled":true,"jetpack_social_post_already_shared":true,"jetpack_social_options":{"image_generator_settings":{"template":"highway","default_image_id":0,"font":"","enabled":false},"version":2}},"categories":[21,3],"tags":[],"class_list":["post-43721","post","type-post","status-publish","format-standard","has-post-thumbnail","hentry","category-casopisi","category-novosti"],"acf":{"facebook_opis":""},"jetpack_publicize_connections":[],"jetpack_featured_media_url":"https:\/\/i0.wp.com\/historiografija.hr\/wp-content\/uploads\/2024\/12\/hr-2024-3_naslovnica.jpg?fit=300%2C409&ssl=1","jetpack_sharing_enabled":true,"jetpack-related-posts":[],"_links":{"self":[{"href":"https:\/\/historiografija.hr\/index.php?rest_route=\/wp\/v2\/posts\/43721","targetHints":{"allow":["GET"]}}],"collection":[{"href":"https:\/\/historiografija.hr\/index.php?rest_route=\/wp\/v2\/posts"}],"about":[{"href":"https:\/\/historiografija.hr\/index.php?rest_route=\/wp\/v2\/types\/post"}],"author":[{"embeddable":true,"href":"https:\/\/historiografija.hr\/index.php?rest_route=\/wp\/v2\/users\/2"}],"replies":[{"embeddable":true,"href":"https:\/\/historiografija.hr\/index.php?rest_route=%2Fwp%2Fv2%2Fcomments&post=43721"}],"version-history":[{"count":1,"href":"https:\/\/historiografija.hr\/index.php?rest_route=\/wp\/v2\/posts\/43721\/revisions"}],"predecessor-version":[{"id":43723,"href":"https:\/\/historiografija.hr\/index.php?rest_route=\/wp\/v2\/posts\/43721\/revisions\/43723"}],"wp:featuredmedia":[{"embeddable":true,"href":"https:\/\/historiografija.hr\/index.php?rest_route=\/wp\/v2\/media\/43722"}],"wp:attachment":[{"href":"https:\/\/historiografija.hr\/index.php?rest_route=%2Fwp%2Fv2%2Fmedia&parent=43721"}],"wp:term":[{"taxonomy":"category","embeddable":true,"href":"https:\/\/historiografija.hr\/index.php?rest_route=%2Fwp%2Fv2%2Fcategories&post=43721"},{"taxonomy":"post_tag","embeddable":true,"href":"https:\/\/historiografija.hr\/index.php?rest_route=%2Fwp%2Fv2%2Ftags&post=43721"}],"curies":[{"name":"wp","href":"https:\/\/api.w.org\/{rel}","templated":true}]}}