{"id":43715,"date":"2024-12-03T09:25:48","date_gmt":"2024-12-03T09:25:48","guid":{"rendered":"http:\/\/historiografija.hr\/?p=43715"},"modified":"2024-12-03T09:25:48","modified_gmt":"2024-12-03T09:25:48","slug":"predstavljanje-knjige-vide-pavlicek-sela-trgovista-i-ostale-podloznicke-zajednice-varazdinske-zupanije-u-marijaterezijanskim-urbarijalnim-spisima","status":"publish","type":"post","link":"https:\/\/historiografija.hr\/?p=43715","title":{"rendered":"Predstavljanje knjige Vide Pavli\u010dek \u201eSela, trgovi\u0161ta i ostale podlo\u017eni\u010dke zajednice Vara\u017edinske \u017eupanije u Marijaterezijanskim urbarijalnim spisima\u201c"},"content":{"rendered":"\n<p>Hrvatska akademija znanosti i umjetnosti Zavod za znanstveni rad u Vara\u017edinu, Dr\u017eavni arhiv u Vara\u017edinu i Gradska knji\u017enica \u201dMetel O\u017eegovi\u0107\u201d Vara\u017edin<\/p>\n\n\n\n<p>organiziraju predstavljanje knjige: <strong>Sela, trgovi\u0161ta i ostale podlo\u017eni\u010dke zajednice Vara\u017edinske \u017eupanije u Marijaterezijanskim urbarijalnim spisima<\/strong> autorice dr. sc. Vide Pavli\u010dek<\/p>\n\n\n\n<p>Knjigu \u0107e predstaviti: Damir Hrelja, prof., dr. sc. Vladimir Huzjan, prof. dr. sc. Hrvoje Petri\u0107 i autorica dr. sc. Vida Pavli\u010dek.<\/p>\n\n\n\n<p>\u010cetvrtak, 5. prosinca 2024. u 18 sati, Gradska knji\u017enica i \u010ditaonica \u201dMetel O\u017eegovi\u0107\u201d Vara\u017edin, Franjeva\u010dki trg 4.<\/p>\n\n\n\n<hr class=\"wp-block-separator\"\/>\n\n\n\n<p>Izvor:<\/p>\n\n\n\n<figure class=\"wp-block-embed-wordpress wp-block-embed is-type-wp-embed is-provider-hazu\"><div class=\"wp-block-embed__wrapper\">\n<blockquote class=\"wp-embedded-content\" data-secret=\"Q4UrMpEJ5B\"><a href=\"https:\/\/www.info.hazu.hr\/events\/sela-trgovista-i-ostale-podloznicke-zajednice-varazdinske-zupanije-u-marijaterezijanskim-urbarijalnim-spisima-autorice-dr-sc-vide-pavlicek\/\">Sela, trgovi\u0161ta i ostale podlo\u017eni\u010dke zajednice Vara\u017edinske \u017eupanije u Marijaterezijanskim urbarijalnim spisima autorice dr. sc. Vide Pavli\u010dek<\/a><\/blockquote><iframe loading=\"lazy\" class=\"wp-embedded-content\" sandbox=\"allow-scripts\" security=\"restricted\" style=\"position: absolute; clip: rect(1px, 1px, 1px, 1px);\" title=\"&#8220;Sela, trgovi\u0161ta i ostale podlo\u017eni\u010dke zajednice Vara\u017edinske \u017eupanije u Marijaterezijanskim urbarijalnim spisima autorice dr. sc. Vide Pavli\u010dek&#8221; &#8212; HAZU\" src=\"https:\/\/www.info.hazu.hr\/events\/sela-trgovista-i-ostale-podloznicke-zajednice-varazdinske-zupanije-u-marijaterezijanskim-urbarijalnim-spisima-autorice-dr-sc-vide-pavlicek\/embed\/#?secret=Q4UrMpEJ5B\" data-secret=\"Q4UrMpEJ5B\" width=\"600\" height=\"338\" frameborder=\"0\" marginwidth=\"0\" marginheight=\"0\" scrolling=\"no\"><\/iframe>\n<\/div><\/figure>\n\n\n\n<hr class=\"wp-block-separator\"\/>\n","protected":false},"excerpt":{"rendered":"","protected":false},"author":2,"featured_media":43716,"comment_status":"open","ping_status":"open","sticky":false,"template":"","format":"standard","meta":{"_acf_changed":false,"jetpack_post_was_ever_published":false,"_jetpack_newsletter_access":"","_jetpack_dont_email_post_to_subs":false,"_jetpack_newsletter_tier_id":0,"_jetpack_memberships_contains_paywalled_content":false,"_jetpack_memberships_contains_paid_content":false,"footnotes":"","jetpack_publicize_message":"","jetpack_publicize_feature_enabled":true,"jetpack_social_post_already_shared":true,"jetpack_social_options":{"image_generator_settings":{"template":"highway","default_image_id":0,"font":"","enabled":false},"version":2}},"categories":[3],"tags":[],"class_list":["post-43715","post","type-post","status-publish","format-standard","has-post-thumbnail","hentry","category-novosti"],"acf":{"facebook_opis":""},"jetpack_publicize_connections":[],"jetpack_featured_media_url":"https:\/\/i0.wp.com\/historiografija.hr\/wp-content\/uploads\/2024\/12\/Pavlicek.jpg?fit=1845%2C2560&ssl=1","jetpack_sharing_enabled":true,"jetpack-related-posts":[],"_links":{"self":[{"href":"https:\/\/historiografija.hr\/index.php?rest_route=\/wp\/v2\/posts\/43715","targetHints":{"allow":["GET"]}}],"collection":[{"href":"https:\/\/historiografija.hr\/index.php?rest_route=\/wp\/v2\/posts"}],"about":[{"href":"https:\/\/historiografija.hr\/index.php?rest_route=\/wp\/v2\/types\/post"}],"author":[{"embeddable":true,"href":"https:\/\/historiografija.hr\/index.php?rest_route=\/wp\/v2\/users\/2"}],"replies":[{"embeddable":true,"href":"https:\/\/historiografija.hr\/index.php?rest_route=%2Fwp%2Fv2%2Fcomments&post=43715"}],"version-history":[{"count":1,"href":"https:\/\/historiografija.hr\/index.php?rest_route=\/wp\/v2\/posts\/43715\/revisions"}],"predecessor-version":[{"id":43717,"href":"https:\/\/historiografija.hr\/index.php?rest_route=\/wp\/v2\/posts\/43715\/revisions\/43717"}],"wp:featuredmedia":[{"embeddable":true,"href":"https:\/\/historiografija.hr\/index.php?rest_route=\/wp\/v2\/media\/43716"}],"wp:attachment":[{"href":"https:\/\/historiografija.hr\/index.php?rest_route=%2Fwp%2Fv2%2Fmedia&parent=43715"}],"wp:term":[{"taxonomy":"category","embeddable":true,"href":"https:\/\/historiografija.hr\/index.php?rest_route=%2Fwp%2Fv2%2Fcategories&post=43715"},{"taxonomy":"post_tag","embeddable":true,"href":"https:\/\/historiografija.hr\/index.php?rest_route=%2Fwp%2Fv2%2Ftags&post=43715"}],"curies":[{"name":"wp","href":"https:\/\/api.w.org\/{rel}","templated":true}]}}