{"id":43712,"date":"2024-12-03T09:24:03","date_gmt":"2024-12-03T09:24:03","guid":{"rendered":"http:\/\/historiografija.hr\/?p=43712"},"modified":"2024-12-03T09:24:03","modified_gmt":"2024-12-03T09:24:03","slug":"predavanje-husnije-kamberovica-historiografija-i-politika-pozadina-polemike-o-krizi-ustanka-u-bosni-i-hercegovini-1941-1942-godine","status":"publish","type":"post","link":"https:\/\/historiografija.hr\/?p=43712","title":{"rendered":"Predavanje Husnije Kamberovi\u0107a \u201eHistoriografija i politika: pozadina polemike o krizi ustanka u Bosni i Hercegovini 1941\/1942. godine\u201c"},"content":{"rendered":"\n<p>Odjeljenje humanisti\u010dkih nauka Akademije nauka i umjetnosti Bosne i Hercegovine organizira pristupno predavanje prof. dr. Husnije Kamberovi\u0107a, dopisnog \u010dlana ANUBiH-a, pod nazivom<\/p>\n\n\n\n<p><strong>HISTORIOGRAFIJA I POLITIKA: POZADINA POLEMIKE O KRIZI USTANKA U BOSNI I HERCEGOVINI 1941\/1942. GODINE<\/strong><\/p>\n\n\n\n<p>Predavanje \u0107e biti u \u010detvrtak, <strong>5. 12. 2024. godine u 12.00 sati <\/strong>u sali Akademije nauka i umjetnosti Bosne i Hercegovine (Bistrik 7, Sarajevo).<\/p>\n\n\n\n<hr class=\"wp-block-separator\"\/>\n\n\n\n<p>Predavanje mo\u017eete pratiti i na sljede\u0107em linku:&nbsp;<\/p>\n\n\n\n<p>Academy of Sciences and Arts of Bosnia and Herzegovina is inviting you to a scheduled Zoom meeting.<\/p>\n\n\n\n<p>Topic: Pristupno predavanja prof. dr. Husnije Kamberovi\u0107a<\/p>\n\n\n\n<p>Time: Dec 5, 2024 12:00 Sarajevo, Skopje, Zagreb<\/p>\n\n\n\n<p>Join Zoom Meeting<\/p>\n\n\n\n<p><a href=\"https:\/\/zoom.us\/j\/95459283913?pwd=efqj9rMdoWIopBxog7DDLtCpTYIbUb.1\">https:\/\/zoom.us\/j\/95459283913?pwd=efqj9rMdoWIopBxog7DDLtCpTYIbUb.1<\/a><\/p>\n\n\n\n<p>Meeting ID: 954 5928 3913<\/p>\n\n\n\n<p>Passcode: 582718<\/p>\n\n\n\n<hr class=\"wp-block-separator\"\/>\n\n\n\n<p>Izvor:<\/p>\n\n\n\n<p><strong>Historiografija.ba<\/strong><\/p>\n\n\n\n<p><a href=\"https:\/\/historiografija.ba\/historija-u-javnosti\/dogadjaji\/historiografija-i-politika\">https:\/\/historiografija.ba\/historija-u-javnosti\/dogadjaji\/historiografija-i-politika<\/a><\/p>\n\n\n\n<hr class=\"wp-block-separator\"\/>\n\n\n\n<p><\/p>\n","protected":false},"excerpt":{"rendered":"","protected":false},"author":2,"featured_media":43713,"comment_status":"open","ping_status":"open","sticky":false,"template":"","format":"standard","meta":{"_acf_changed":false,"jetpack_post_was_ever_published":false,"_jetpack_newsletter_access":"","_jetpack_dont_email_post_to_subs":false,"_jetpack_newsletter_tier_id":0,"_jetpack_memberships_contains_paywalled_content":false,"_jetpack_memberships_contains_paid_content":false,"footnotes":"","jetpack_publicize_message":"","jetpack_publicize_feature_enabled":true,"jetpack_social_post_already_shared":true,"jetpack_social_options":{"image_generator_settings":{"template":"highway","default_image_id":0,"font":"","enabled":false},"version":2}},"categories":[3],"tags":[],"class_list":["post-43712","post","type-post","status-publish","format-standard","has-post-thumbnail","hentry","category-novosti"],"acf":{"facebook_opis":""},"jetpack_publicize_connections":[],"jetpack_featured_media_url":"https:\/\/i0.wp.com\/historiografija.hr\/wp-content\/uploads\/2024\/12\/pozivnica-husnija-kamberovic-anubih.jpg?fit=555%2C359&ssl=1","jetpack_sharing_enabled":true,"jetpack-related-posts":[],"_links":{"self":[{"href":"https:\/\/historiografija.hr\/index.php?rest_route=\/wp\/v2\/posts\/43712","targetHints":{"allow":["GET"]}}],"collection":[{"href":"https:\/\/historiografija.hr\/index.php?rest_route=\/wp\/v2\/posts"}],"about":[{"href":"https:\/\/historiografija.hr\/index.php?rest_route=\/wp\/v2\/types\/post"}],"author":[{"embeddable":true,"href":"https:\/\/historiografija.hr\/index.php?rest_route=\/wp\/v2\/users\/2"}],"replies":[{"embeddable":true,"href":"https:\/\/historiografija.hr\/index.php?rest_route=%2Fwp%2Fv2%2Fcomments&post=43712"}],"version-history":[{"count":1,"href":"https:\/\/historiografija.hr\/index.php?rest_route=\/wp\/v2\/posts\/43712\/revisions"}],"predecessor-version":[{"id":43714,"href":"https:\/\/historiografija.hr\/index.php?rest_route=\/wp\/v2\/posts\/43712\/revisions\/43714"}],"wp:featuredmedia":[{"embeddable":true,"href":"https:\/\/historiografija.hr\/index.php?rest_route=\/wp\/v2\/media\/43713"}],"wp:attachment":[{"href":"https:\/\/historiografija.hr\/index.php?rest_route=%2Fwp%2Fv2%2Fmedia&parent=43712"}],"wp:term":[{"taxonomy":"category","embeddable":true,"href":"https:\/\/historiografija.hr\/index.php?rest_route=%2Fwp%2Fv2%2Fcategories&post=43712"},{"taxonomy":"post_tag","embeddable":true,"href":"https:\/\/historiografija.hr\/index.php?rest_route=%2Fwp%2Fv2%2Ftags&post=43712"}],"curies":[{"name":"wp","href":"https:\/\/api.w.org\/{rel}","templated":true}]}}