{"id":43706,"date":"2024-12-02T23:18:41","date_gmt":"2024-12-02T23:18:41","guid":{"rendered":"http:\/\/historiografija.hr\/?p=43706"},"modified":"2024-12-02T23:18:41","modified_gmt":"2024-12-02T23:18:41","slug":"znanstveni-skup-isti-rod-razlicite-sudbine-muskarac-moze-biti-i","status":"publish","type":"post","link":"https:\/\/historiografija.hr\/?p=43706","title":{"rendered":"Znanstveni skup \u201eIsti rod, razli\u010dite sudbine. Mu\u0161karac mo\u017ee biti i \u2026\u201c"},"content":{"rendered":"\n<p>Gradska knji\u017enica Slavonski Brod, 4. prosinca 2024.<\/p>\n\n\n\n<hr class=\"wp-block-separator\"\/>\n\n\n\n<p>Prvim skupom pod nazivom <em>Isti rod, razli\u010dite sudbine<\/em>, koji se odr\u017eao 2022., \u017eeljeli smo potaknuti istra\u017eivanja razli\u010ditih modaliteta \u017eenske stvarnosti i \u017eenskih identiteta propituju\u0107i \u017eensku mo\u0107 u srednjem vijeku, povijest obrazovanja \u017eena, nasilje nad \u017eenama (prema istarskim bra\u010dnim procesima iz prve polovice 17. stolje\u0107a), odnos normi, realnosti i imid\u017ea na primjerima iz \u017eivota pripadnica velika\u0161kog sloja u donjem me\u0111urje\u010dju Save i Drave, ulogu \u017eena u formiranju gradskih elita na primjeru srednjovjekovnog Gradeca, te polo\u017eaj \u017eena prema oporukama pe\u010du\u0161kog stanovni\u0161tva u 18. stolje\u0107u. Raspravljalo se nadalje o rodnim aspektima suzbijanja kriminaliteta u Banskoj Hrvatskoj, o djevojkama iz Stenjeva\u010dke republike, o radu \u017eenskih gra\u0111anskih dru\u0161tava u Zagrebu do 1914. usmjerenom pobolj\u0161anju posluge, umjetnicama u Prvom svjetskom ratu, aktivisti\u010dkim praksama radnica u Hrvatskoj krajem 19. i po\u010detkom 20. stolje\u0107a, medicinskim sestrama kao socijalnim radnicama u me\u0111uratnom Zagrebu, radnoj svakodnevici odgajateljica Dje\u010djeg doma u Nazorovoj 1940-ih i 1950-ih, borbi sestara dominikanki za svoja prava u prvoj polovici 20. stolje\u0107a, \u017eenama u braku i opstanku tradicionalnih uvjerenja te isprepletenosti povijesti feminizma i \u017eenske povijesti.<\/p>\n\n\n\n<p>Sljede\u0107i skup, odr\u017ean 2023., fokusirao se prema pitanjima biografskih i autobiografskih formi kroz koje se \u010ditaju \u017eenske sudbine ukazuju\u0107i na vrijednost ovih formi te pluralitete u kori\u0161tenju biografija. Ujedno smo \u017eeljeli ukazati na mogu\u0107nosti koje pru\u017ea stvaranje kolektivnih biografija odre\u0111enih skupina, ali i biografija istaknutih i zanimljivih pojedinki na temelju analiza drugih vrsta izvora, poput knji\u017eevnih formi. Tako su se razmatrali manje poznati ili posve nepoznati aspekti osobnog i dru\u0161tvenog \u017eivota \u017eena kao \u0161to su Anka Mele\u0161, Hanika Ga\u0161pari\u010d Skurjeni, Katarina Bogdanovi\u0107, Anka Mi\u0161e, Dora Peja\u010devi\u0107, Maja Bo\u0161kovi\u0107-Stulli, Snje\u017eana Grkovi\u0107 Janovi\u0107 i \u010ceslava Andreis. Jednako se tako u \u017eelji isticanja kolektivne biografije \u017eena raspravljalo o predod\u017ebama o \u017eenama na osnovu zapisnika prezbiterskih vije\u0107a iz prve polovice 19. stolje\u0107a te \u017eenskom licu Prvog svjetskog rata. Nadalje, razmatrala se me\u0111unarodna \u017eenska aktivisti\u010dka djelatnost, psihijatrijska dokumentacija kao izvor podataka o povijesti neznanih seoskih \u017eena iz kontinentalne Hrvatske krajem 19. i u prvoj polovici 20. stolje\u0107a, kao i mogu\u0107nosti mikrohistorijske rekonstrukcije biografija \u017eena s dru\u0161tvenih rubova u 19. stolje\u0107u, \u017eensko tijelo i maj\u010dinstvo u okvirima me\u0111uratnog javnog zdravstva kroz ostav\u0161tinu \u0160tefanije Vinter Grossman i Lujze Janovi\u0107 Wagner, dnevni\u010dke manipulacije na primjeru dnevnika Marije Vinski i Vladimire Jelov\u0161ek o \u017eivotu Gerde Charlotte i Annete Lucija Bak\u0161i\u0107 te biografije i autobiografije djelatnica propagande nacisti\u010dkih i fa\u0161isti\u010dkih partija i pokreta.<\/p>\n\n\n\n<p>Ove 2024. se okre\u0107emo mu\u0161karcima propituju\u0107i razli\u010dite modalitete mu\u0161kih identiteta i tra\u017ee\u0107i o\u010ditovanja konstrukcije mu\u0161kosti kroz razli\u010dite primjere i razdoblja, od srednjeg vijeka do 20. stolje\u0107a. Koje su to norme, o\u010dekivanja i dru\u0161tvene uloge utjecale na mu\u0161ki identitet te kada se on pribli\u017eava rubnim podru\u010djima, pitanja su kojima \u0107emo se baviti. Posebna \u0107e se pozornost pritom posvetiti i profesijama koje propituju tradicionalne predod\u017ebe mu\u0161kosti.<\/p>\n\n\n\n<p>Od dosada\u0161njih istra\u017eivanja maskuliniteta u srednjem vijeku pa do teorija feministi\u010dkog maskuliniteta podru\u010dje je kojim \u0107e se kretati istra\u017eiva\u010dki interes produbljuju\u0107i pojedina pitanja kao \u0161to su pitanje profesija ili fiksacije identiteta. U tom \u0107e kontekstu pjesni\u010dke poslanice Pavla Rittera Vitezovi\u0107a poslu\u017eiti za figuraciju maskuliniteta ranog 18. stolje\u0107a, a kroz analizu nekih aspekata polji\u010dkog klera u istom 18. stolje\u0107u pratit \u0107e se izlazak iz zadanog identiteta, kao i na prikazu osje\u010dkih \u017eupnika u pritu\u017ebama osje\u010dke gradske vlasti na po\u010detku 19. stolje\u0107a. Kroz primjer mu\u0161karaca vje\u0161taca te mu\u0161karaca pripadnika pojedinih profesija kao tkalaca, pletilaca i slugu, ili kroz ulazak mu\u0161karaca u zanimanje medicinskih sestara bit \u0107e problematizirano pitanje uobi\u010dajene i neuobi\u010dajene mu\u0161ke profesionalne identifikacije. Jednako \u0107e se tako obratiti pozornost maskulinosti radni\u010dke klase u Hrvatskoj u 19. stolje\u0107u, ali i mu\u0161kom neradu i mu\u0161kosti 1920-tih, maskulinitetu jugoslavenske revolucije, predod\u017ebama o obiteljskim i pouzdanim mu\u0161karcima kao \u0161to su Karlo Diene\u0161 i Aleksandar Mil\u010di\u0107.<\/p>\n\n\n\n<p>Mu\u0161kost se kroz povijest povezivala uz \u010dast, hrabrost, fizi\u010dku snagu, kontrolu emocija, disciplinu, lojalnost, za\u0161titu obitelji i dr\u017eave, vojni\u0161tvo i ratni\u0161tvo. Nadalje, uz te se karakteristike nadovezivala predod\u017eba o intelektualnoj superiornosti i obrazovanju, produktivnosti, radnom statusu i financijskoj neovisnosti. Dvadeseto je stolje\u0107e te kategorije stavilo na novu razinu na kojoj su one jo\u0161 dodatno podcrtane dominacijom tzv. toksi\u010dne mu\u0161kosti koju su podr\u017eale kapital, komunikacija i tehnologije. S druge strane, taj se prenapregnuti balon mu\u0161kosti po\u010deo i ispuhivati \u0161to nemogu\u0107no\u0161\u0107u samih aktera da odr\u017ee tu razinu unutarnje napetosti, a \u0161to promjenama\/podr\u0161kom okoline koja je po\u010dela propitivati stereotipe mu\u0161ke snage i dominacije te razorne posljedice koje proizvodi, otvaraju\u0107i prostor za ulazak emocija te dozvoljavaju\u0107i \u0161ire i raznovrsnije norme u odre\u0111ivanju maskuliniteta.<\/p>\n\n\n\n<p>Da, mu\u0161karac u povijesnom kontekstu mo\u017ee biti i ne\u0161to drugo od onoga \u0161to je tra\u017eio protokol, odredba, op\u0107e prihva\u0107ena predod\u017eba ili jednostavno druga\u010diji od onoga \u0161to je predlagala obitelj i \u0161to je okolina \u017eeljela. Slika mu\u0161karca i o\u010dekivanja od njega razlikovala se od razdoblja do razdoblja, kao i izme\u0111u razli\u010ditih dru\u0161tvenih skupina. Ovaj skup je zami\u0161ljen da u tom kontekstu problematizira istaknuta pitanja.<\/p>\n\n\n\n<p><em>Organizacijski odbor<\/em><\/p>\n\n\n\n<hr class=\"wp-block-separator\"\/>\n\n\n\n<p><strong>Program i knji\u017eica sa\u017eetaka:<\/strong><\/p>\n\n\n\n<figure class=\"wp-block-embed-wordpress wp-block-embed is-type-wp-embed is-provider-hrvatski-institut-za-povijest\"><div class=\"wp-block-embed__wrapper\">\n<blockquote class=\"wp-embedded-content\" data-secret=\"dUCQmBKZg3\"><a href=\"http:\/\/hipsb.hr\/najava-znanstveni-skup-isti-rod-razlicite-sudbine-muskarac-moze-biti-i\/\">NAJAVA: Znanstveni skup \u201eIsti rod, razli\u010dite sudbine. Mu\u0161karac mo\u017ee biti i &#8230;\u201c<\/a><\/blockquote><iframe loading=\"lazy\" class=\"wp-embedded-content\" sandbox=\"allow-scripts\" security=\"restricted\" style=\"position: absolute; clip: rect(1px, 1px, 1px, 1px);\" title=\"&#8220;NAJAVA: Znanstveni skup \u201eIsti rod, razli\u010dite sudbine. Mu\u0161karac mo\u017ee biti i &#8230;\u201c&#8221; &#8212; Hrvatski institut za povijest\" src=\"http:\/\/hipsb.hr\/najava-znanstveni-skup-isti-rod-razlicite-sudbine-muskarac-moze-biti-i\/embed\/#?secret=dUCQmBKZg3\" data-secret=\"dUCQmBKZg3\" width=\"600\" height=\"338\" frameborder=\"0\" marginwidth=\"0\" marginheight=\"0\" scrolling=\"no\"><\/iframe>\n<\/div><\/figure>\n\n\n\n<hr class=\"wp-block-separator\"\/>\n","protected":false},"excerpt":{"rendered":"","protected":false},"author":2,"featured_media":43707,"comment_status":"open","ping_status":"open","sticky":false,"template":"","format":"standard","meta":{"_acf_changed":false,"jetpack_post_was_ever_published":false,"_jetpack_newsletter_access":"","_jetpack_dont_email_post_to_subs":false,"_jetpack_newsletter_tier_id":0,"_jetpack_memberships_contains_paywalled_content":false,"_jetpack_memberships_contains_paid_content":false,"footnotes":"","jetpack_publicize_message":"","jetpack_publicize_feature_enabled":true,"jetpack_social_post_already_shared":true,"jetpack_social_options":{"image_generator_settings":{"template":"highway","default_image_id":0,"font":"","enabled":false},"version":2}},"categories":[3,9],"tags":[],"class_list":["post-43706","post","type-post","status-publish","format-standard","has-post-thumbnail","hentry","category-novosti","category-skupovi"],"acf":{"facebook_opis":""},"jetpack_publicize_connections":[],"jetpack_featured_media_url":"https:\/\/i0.wp.com\/historiografija.hr\/wp-content\/uploads\/2024\/12\/Poster-Isti-rod.jpg?fit=686%2C960&ssl=1","jetpack_sharing_enabled":true,"jetpack-related-posts":[{"id":52666,"url":"https:\/\/historiografija.hr\/?p=52666","url_meta":{"origin":43706,"position":0},"title":"Najava programa Festivala povijesti Kliofest (5-8. V. 2026)","author":"Branimir Jankovi\u0107","date":"24. travnja 2026.","format":false,"excerpt":"Po trinaesti put odr\u017eava se Festival povijesti Kliofest! Do petka \u0107emo odr\u017eati osam okruglih stolova i dva kolokvija te niz predstavljanja knjiga i projekata razli\u010dite tematike, od antike do suvremenosti. Bit \u0107e predstavljeno i nekoliko izlo\u017ebi te odr\u017ean jedan povijesni kviz. Prikazat \u0107emo i jedan film \u2013 o generalu Boroevi\u0107u.\u2026","rel":"","context":"U &quot;Novosti&quot;","block_context":{"text":"Novosti","link":"https:\/\/historiografija.hr\/?cat=3"},"img":{"alt_text":"","src":"https:\/\/i0.wp.com\/historiografija.hr\/wp-content\/uploads\/2026\/04\/Kliofest-2026.jpg?fit=526%2C526&ssl=1&resize=350%2C200","width":350,"height":200,"srcset":"https:\/\/i0.wp.com\/historiografija.hr\/wp-content\/uploads\/2026\/04\/Kliofest-2026.jpg?fit=526%2C526&ssl=1&resize=350%2C200 1x, https:\/\/i0.wp.com\/historiografija.hr\/wp-content\/uploads\/2026\/04\/Kliofest-2026.jpg?fit=526%2C526&ssl=1&resize=525%2C300 1.5x"},"classes":[]},{"id":52505,"url":"https:\/\/historiografija.hr\/?p=52505","url_meta":{"origin":43706,"position":1},"title":"Izlo\u017eba &#8220;Eschenstock \/ Jasenov prut&#8221;","author":"Branimir Jankovi\u0107","date":"17. travnja 2026.","format":false,"excerpt":"Srpsko narodno vije\u0107e (SNV) i Vizura aperta postavljaju izlo\u017ebu \u0161vicarskog slikara Velimira Ili\u0161evi\u0107a: Eschenstock \/ Jasenov prut. Izlo\u017eba se uz prisustvo autora otvara povodom 81. godi\u0161njice proboja logora\u0161a iz usta\u0161kog logora smrti Jasenovac 22. aprila 2026. u 19 sati u Srpskom kulturnom centru (SKC) u Preradovi\u0107evoj ulici 21 u Zagrebu.\u2026","rel":"","context":"U &quot;Izlo\u017ebe&quot;","block_context":{"text":"Izlo\u017ebe","link":"https:\/\/historiografija.hr\/?cat=10"},"img":{"alt_text":"","src":"https:\/\/i0.wp.com\/historiografija.hr\/wp-content\/uploads\/2026\/04\/Jasenov_prut.jpg?fit=1024%2C640&ssl=1&resize=350%2C200","width":350,"height":200,"srcset":"https:\/\/i0.wp.com\/historiografija.hr\/wp-content\/uploads\/2026\/04\/Jasenov_prut.jpg?fit=1024%2C640&ssl=1&resize=350%2C200 1x, https:\/\/i0.wp.com\/historiografija.hr\/wp-content\/uploads\/2026\/04\/Jasenov_prut.jpg?fit=1024%2C640&ssl=1&resize=525%2C300 1.5x, https:\/\/i0.wp.com\/historiografija.hr\/wp-content\/uploads\/2026\/04\/Jasenov_prut.jpg?fit=1024%2C640&ssl=1&resize=700%2C400 2x"},"classes":[]},{"id":52536,"url":"https:\/\/historiografija.hr\/?p=52536","url_meta":{"origin":43706,"position":2},"title":"Kader Abdolah, \u201ePrije nego \u0161to bude kasno\u201c","author":"Branimir Jankovi\u0107","date":"20. travnja 2026.","format":false,"excerpt":"Kader Abdolah \u017eeli se vratiti ku\u0107i. Ali povratak je nemogu\u0107: u Iranu bi bio uhap\u0161en. Pod la\u017enim imenom i s krivotvorenim paso\u0161em ipak uspijeva u\u0107i u domovinu i sti\u017ee do roditeljske ku\u0107e, visoko u planinama. Majka ga ne prepoznaje, otac je mrtav, a sve \u0161to je tra\u017eio izmi\u010de mu pred\u2026","rel":"","context":"U &quot;Novosti&quot;","block_context":{"text":"Novosti","link":"https:\/\/historiografija.hr\/?cat=3"},"img":{"alt_text":"","src":"https:\/\/i0.wp.com\/historiografija.hr\/wp-content\/uploads\/2026\/04\/Prije-nego-sto-bude-kasno.webp?fit=566%2C872&ssl=1&resize=350%2C200","width":350,"height":200,"srcset":"https:\/\/i0.wp.com\/historiografija.hr\/wp-content\/uploads\/2026\/04\/Prije-nego-sto-bude-kasno.webp?fit=566%2C872&ssl=1&resize=350%2C200 1x, https:\/\/i0.wp.com\/historiografija.hr\/wp-content\/uploads\/2026\/04\/Prije-nego-sto-bude-kasno.webp?fit=566%2C872&ssl=1&resize=525%2C300 1.5x"},"classes":[]},{"id":52619,"url":"https:\/\/historiografija.hr\/?p=52619","url_meta":{"origin":43706,"position":3},"title":"Predavanje \u0110ur\u0111ice Vitkovi\u0107 &#8220;Izme\u0111u pera i objektiva: Zagorka i Foto Tonka&#8221;","author":"Branimir Jankovi\u0107","date":"23. travnja 2026.","format":false,"excerpt":"Memorijalni stan Marije Juri\u0107 Zagorke poziva Vas na predavanje \u0110ur\u0111ice Vitkovi\u0107 \u201eIzme\u0111u pera i objektiva: Zagorka i Foto Tonka\u201c koje \u0107e se odr\u017eati u utorak, 28. travnja 2026. s po\u010detkom u 18 h u sklopu Ciklusa predavanja u Memorijalnom stanu Marije Juri\u0107 Zagorke. Kako su se susrele knji\u017eevnost i fotografija\u2026","rel":"","context":"U &quot;Novosti&quot;","block_context":{"text":"Novosti","link":"https:\/\/historiografija.hr\/?cat=3"},"img":{"alt_text":"","src":"https:\/\/i0.wp.com\/historiografija.hr\/wp-content\/uploads\/2024\/11\/Zagorka_ciklus.jpg?fit=1200%2C1006&ssl=1&resize=350%2C200","width":350,"height":200,"srcset":"https:\/\/i0.wp.com\/historiografija.hr\/wp-content\/uploads\/2024\/11\/Zagorka_ciklus.jpg?fit=1200%2C1006&ssl=1&resize=350%2C200 1x, https:\/\/i0.wp.com\/historiografija.hr\/wp-content\/uploads\/2024\/11\/Zagorka_ciklus.jpg?fit=1200%2C1006&ssl=1&resize=525%2C300 1.5x, https:\/\/i0.wp.com\/historiografija.hr\/wp-content\/uploads\/2024\/11\/Zagorka_ciklus.jpg?fit=1200%2C1006&ssl=1&resize=700%2C400 2x, https:\/\/i0.wp.com\/historiografija.hr\/wp-content\/uploads\/2024\/11\/Zagorka_ciklus.jpg?fit=1200%2C1006&ssl=1&resize=1050%2C600 3x"},"classes":[]},{"id":52539,"url":"https:\/\/historiografija.hr\/?p=52539","url_meta":{"origin":43706,"position":4},"title":"Drugi po redu studentski simpozij &#8220;In fonte veritas&#8221;","author":"Branimir Jankovi\u0107","date":"20. travnja 2026.","format":false,"excerpt":"U srijedu, 22. travnja 2026. godine, u dvorani C 0.4 na Hrvatskom katoli\u010dkom sveu\u010dili\u0161tu odr\u017eat \u0107e se drugi studentski simpozij \u201eIn fonte veritas\". Ovogodi\u0161nja sredi\u0161nja tema simpozija je Papinstvo. Kroz istra\u017eiva\u010dko suo\u010davanje s povijesnim izvorima deset \u0107e studenata predstaviti rezultate svojih istra\u017eivanja o instituciji koja je stolje\u0107ima oblikovala europsku i\u2026","rel":"","context":"U &quot;Novosti&quot;","block_context":{"text":"Novosti","link":"https:\/\/historiografija.hr\/?cat=3"},"img":{"alt_text":"","src":"https:\/\/i0.wp.com\/historiografija.hr\/wp-content\/uploads\/2026\/04\/Papinstvo.png?fit=1024%2C500&ssl=1&resize=350%2C200","width":350,"height":200,"srcset":"https:\/\/i0.wp.com\/historiografija.hr\/wp-content\/uploads\/2026\/04\/Papinstvo.png?fit=1024%2C500&ssl=1&resize=350%2C200 1x, https:\/\/i0.wp.com\/historiografija.hr\/wp-content\/uploads\/2026\/04\/Papinstvo.png?fit=1024%2C500&ssl=1&resize=525%2C300 1.5x, https:\/\/i0.wp.com\/historiografija.hr\/wp-content\/uploads\/2026\/04\/Papinstvo.png?fit=1024%2C500&ssl=1&resize=700%2C400 2x"},"classes":[]},{"id":52603,"url":"https:\/\/historiografija.hr\/?p=52603","url_meta":{"origin":43706,"position":5},"title":"No\u0107 knjige: Carska i kraljevska kuhinja","author":"Branimir Jankovi\u0107","date":"22. travnja 2026.","format":false,"excerpt":"Pozivamo vas da nam se pridru\u017eite 23. travnja 2026. u 18 sati u obilje\u017eavanju No\u0107i knjige u Pivnici Bobi&Rudi na Trgu Ivana Me\u0161trovi\u0107a u Zapru\u0111u u Zagrebu gdje uz kavu \u010ditamo recepte iz zemalja Austro-Ugarske Monarhije iz knjige Carska i kraljevska kuhinja, autora Roberta Mak\u0142owicza, u prijevodu Damira Agi\u010di\u0107a. Izvor:\u2026","rel":"","context":"U &quot;Novosti&quot;","block_context":{"text":"Novosti","link":"https:\/\/historiografija.hr\/?cat=3"},"img":{"alt_text":"","src":"https:\/\/i0.wp.com\/historiografija.hr\/wp-content\/uploads\/2026\/04\/Noc-knjige-Carska-i-kraljevska.jpg?fit=1200%2C1200&ssl=1&resize=350%2C200","width":350,"height":200,"srcset":"https:\/\/i0.wp.com\/historiografija.hr\/wp-content\/uploads\/2026\/04\/Noc-knjige-Carska-i-kraljevska.jpg?fit=1200%2C1200&ssl=1&resize=350%2C200 1x, https:\/\/i0.wp.com\/historiografija.hr\/wp-content\/uploads\/2026\/04\/Noc-knjige-Carska-i-kraljevska.jpg?fit=1200%2C1200&ssl=1&resize=525%2C300 1.5x, https:\/\/i0.wp.com\/historiografija.hr\/wp-content\/uploads\/2026\/04\/Noc-knjige-Carska-i-kraljevska.jpg?fit=1200%2C1200&ssl=1&resize=700%2C400 2x, https:\/\/i0.wp.com\/historiografija.hr\/wp-content\/uploads\/2026\/04\/Noc-knjige-Carska-i-kraljevska.jpg?fit=1200%2C1200&ssl=1&resize=1050%2C600 3x"},"classes":[]}],"_links":{"self":[{"href":"https:\/\/historiografija.hr\/index.php?rest_route=\/wp\/v2\/posts\/43706","targetHints":{"allow":["GET"]}}],"collection":[{"href":"https:\/\/historiografija.hr\/index.php?rest_route=\/wp\/v2\/posts"}],"about":[{"href":"https:\/\/historiografija.hr\/index.php?rest_route=\/wp\/v2\/types\/post"}],"author":[{"embeddable":true,"href":"https:\/\/historiografija.hr\/index.php?rest_route=\/wp\/v2\/users\/2"}],"replies":[{"embeddable":true,"href":"https:\/\/historiografija.hr\/index.php?rest_route=%2Fwp%2Fv2%2Fcomments&post=43706"}],"version-history":[{"count":1,"href":"https:\/\/historiografija.hr\/index.php?rest_route=\/wp\/v2\/posts\/43706\/revisions"}],"predecessor-version":[{"id":43708,"href":"https:\/\/historiografija.hr\/index.php?rest_route=\/wp\/v2\/posts\/43706\/revisions\/43708"}],"wp:featuredmedia":[{"embeddable":true,"href":"https:\/\/historiografija.hr\/index.php?rest_route=\/wp\/v2\/media\/43707"}],"wp:attachment":[{"href":"https:\/\/historiografija.hr\/index.php?rest_route=%2Fwp%2Fv2%2Fmedia&parent=43706"}],"wp:term":[{"taxonomy":"category","embeddable":true,"href":"https:\/\/historiografija.hr\/index.php?rest_route=%2Fwp%2Fv2%2Fcategories&post=43706"},{"taxonomy":"post_tag","embeddable":true,"href":"https:\/\/historiografija.hr\/index.php?rest_route=%2Fwp%2Fv2%2Ftags&post=43706"}],"curies":[{"name":"wp","href":"https:\/\/api.w.org\/{rel}","templated":true}]}}