{"id":43703,"date":"2024-12-02T23:12:14","date_gmt":"2024-12-02T23:12:14","guid":{"rendered":"http:\/\/historiografija.hr\/?p=43703"},"modified":"2024-12-02T23:12:14","modified_gmt":"2024-12-02T23:12:14","slug":"znanstveni-skup-katolicka-crkva-i-sekularizam-u-hrvatskoj-i-europi","status":"publish","type":"post","link":"https:\/\/historiografija.hr\/?p=43703","title":{"rendered":"Znanstveni skup &#8220;Katoli\u010dka Crkva i sekularizam u Hrvatskoj i Europi&#8221;"},"content":{"rendered":"\n<p>Hrvatsko katoli\u010dko sveu\u010dili\u0161te i Hrvatski institut za povijest organiziraju znanstveni skup<em> Katoli\u010dka Crkva i sekularizam u Hrvatskoj i Europi <\/em>koji \u0107e se odr\u017eati u petak 6. prosinca 2024. u Dvorani bla\u017eenog Alojzija kardinala Stepinca na Hrvatskom katoli\u010dkom sveu\u010dili\u0161tu u Zagrebu (Ilica 244, ulaz iz Domobranske ulice). Cilj skupa je interdisciplinarnim pristupom razmotriti slo\u017eenu dinamiku izme\u0111u Katoli\u010dke Crkve i sekularizma, analizirati povijesni razvoj, modele sekularnosti u Hrvatskoj i Europi, te suvremene izazove u odnosima vjerskih zajednica i sekularnog dru\u0161tva.<\/p>\n\n\n\n<p>Program skupa strukturiran je u tri tematska panela: <em>Teolo\u0161ka i teorijska ra\u0161\u010dlamba, Crkva, dr\u017eava i politika kroz povijest te Crkva i sekularno dru\u0161tvo u suvremenom kontekstu<\/em>. U fokusu rasprava bit \u0107e odnos vjerskih zajednica i dr\u017eave, pitanja vjerskih sloboda te uloga medija u oblikovanju me\u0111usobnih odnosa. Na skupu \u0107e sudjelovati vi\u0161e od 20 znanstvenika iz Hrvatske i inozemstva koji se bave teologijom, povije\u0161\u0107u, pravom, politi\u010dkim znanostima i komunikologijom.<\/p>\n\n\n\n<p>Svi zainteresirani dolazak mogu potvrditi do 3. prosinca 2024. na e-mail adresu <a href=\"mailto:event@unicath.hr\">event@unicath.hr<\/a> .<\/p>\n\n\n\n<p>Program skupa mo\u017eete prona\u0107i na <a href=\"https:\/\/www.unicath.hr\/sites\/default\/files\/2024-11\/Program%20skupa%20i%20knji%C5%BEica%20sa%C5%BEetaka%20Katoli%C4%8Dka%20Crkva%20i%20sekularizam%20u%20Hrvatskoj%20i%20Europi.pdf\">poveznici<\/a>.<\/p>\n\n\n\n<hr class=\"wp-block-separator\"\/>\n\n\n\n<p>Izvori:<\/p>\n\n\n\n<p><a href=\"https:\/\/www.unicath.hr\/event\/znanstveni-skup-katolicka-crkva-i-sekularizam-u-hrvatskoj-i-europi\">https:\/\/www.unicath.hr\/event\/znanstveni-skup-katolicka-crkva-i-sekularizam-u-hrvatskoj-i-europi<\/a><\/p>\n\n\n\n<p><a href=\"http:\/\/www.isp.hr\/6-prosinca-2024-najava-znanstvenog-skupa-katolicka-crkva-i-sekularizam-u-hrvatskoj-i-europi-na-hks-u\/\">http:\/\/www.isp.hr\/6-prosinca-2024-najava-znanstvenog-skupa-katolicka-crkva-i-sekularizam-u-hrvatskoj-i-europi-na-hks-u\/<\/a><\/p>\n\n\n\n<hr class=\"wp-block-separator\"\/>\n","protected":false},"excerpt":{"rendered":"","protected":false},"author":2,"featured_media":43704,"comment_status":"open","ping_status":"open","sticky":false,"template":"","format":"standard","meta":{"_acf_changed":false,"jetpack_post_was_ever_published":false,"_jetpack_newsletter_access":"","_jetpack_dont_email_post_to_subs":false,"_jetpack_newsletter_tier_id":0,"_jetpack_memberships_contains_paywalled_content":false,"_jetpack_memberships_contains_paid_content":false,"footnotes":"","jetpack_publicize_message":"","jetpack_publicize_feature_enabled":true,"jetpack_social_post_already_shared":true,"jetpack_social_options":{"image_generator_settings":{"template":"highway","default_image_id":0,"font":"","enabled":false},"version":2}},"categories":[3,9],"tags":[],"class_list":["post-43703","post","type-post","status-publish","format-standard","has-post-thumbnail","hentry","category-novosti","category-skupovi"],"acf":{"facebook_opis":""},"jetpack_publicize_connections":[],"jetpack_featured_media_url":"https:\/\/i0.wp.com\/historiografija.hr\/wp-content\/uploads\/2024\/12\/KC-i-sekularzam.png?fit=1587%2C2245&ssl=1","jetpack_sharing_enabled":true,"jetpack-related-posts":[],"_links":{"self":[{"href":"https:\/\/historiografija.hr\/index.php?rest_route=\/wp\/v2\/posts\/43703","targetHints":{"allow":["GET"]}}],"collection":[{"href":"https:\/\/historiografija.hr\/index.php?rest_route=\/wp\/v2\/posts"}],"about":[{"href":"https:\/\/historiografija.hr\/index.php?rest_route=\/wp\/v2\/types\/post"}],"author":[{"embeddable":true,"href":"https:\/\/historiografija.hr\/index.php?rest_route=\/wp\/v2\/users\/2"}],"replies":[{"embeddable":true,"href":"https:\/\/historiografija.hr\/index.php?rest_route=%2Fwp%2Fv2%2Fcomments&post=43703"}],"version-history":[{"count":1,"href":"https:\/\/historiografija.hr\/index.php?rest_route=\/wp\/v2\/posts\/43703\/revisions"}],"predecessor-version":[{"id":43705,"href":"https:\/\/historiografija.hr\/index.php?rest_route=\/wp\/v2\/posts\/43703\/revisions\/43705"}],"wp:featuredmedia":[{"embeddable":true,"href":"https:\/\/historiografija.hr\/index.php?rest_route=\/wp\/v2\/media\/43704"}],"wp:attachment":[{"href":"https:\/\/historiografija.hr\/index.php?rest_route=%2Fwp%2Fv2%2Fmedia&parent=43703"}],"wp:term":[{"taxonomy":"category","embeddable":true,"href":"https:\/\/historiografija.hr\/index.php?rest_route=%2Fwp%2Fv2%2Fcategories&post=43703"},{"taxonomy":"post_tag","embeddable":true,"href":"https:\/\/historiografija.hr\/index.php?rest_route=%2Fwp%2Fv2%2Ftags&post=43703"}],"curies":[{"name":"wp","href":"https:\/\/api.w.org\/{rel}","templated":true}]}}