{"id":43701,"date":"2024-12-02T23:01:57","date_gmt":"2024-12-02T23:01:57","guid":{"rendered":"http:\/\/historiografija.hr\/?p=43701"},"modified":"2024-12-02T23:01:57","modified_gmt":"2024-12-02T23:01:57","slug":"dubravka-stojanovic-presentation-of-the-exhibition-the-labyrinth-of-the-90s","status":"publish","type":"post","link":"https:\/\/historiografija.hr\/?p=43701","title":{"rendered":"Dubravka Stojanovi\u0107: Presentation of the exhibition \u201eThe Labyrinth of the 90\u2019s\u201c"},"content":{"rendered":"\n<p>Vortrag im Rahmen der Web Lecture Series \u201eTransregional Histories of the Yugoslav Wars\u201c<\/p>\n\n\n\n<p>04.12.2024 16:00 Uhr<\/p>\n\n\n\n<p>The exhibition \u201eThe Labyrinth of the 90\u2019s\u201c was presented in 2023 in Belgrade and in 2024 in Sarajevo. The team of authors (Dubravka Stojanovic, Igor Stiks, Dejan Ubovic) had the idea to reopen the discussion on that decade and the wars in Yugoslavia through provocative design and intriguing artefacts. The main question is why Yugoslav peoples entered in the labyrinth of ethnic hatred and crimes? Did they ever get out of that decade? Do they know how to get out? Do they want to get out? The exhibition is a step toward the Museum of the 90\u2019s that is supposed to be opened in Belgrade.<br><br><em>Vortrag (Englisch) von Dubravka Stojanovi\u0107 (Universit\u00e4t Belgrad).<\/em><br><br>Die Web Lecture Series \u201eTransregional Histories of the Yugoslav Wars\u201c findet im Rahmen des Forschungsprojekts \u201e<a href=\"https:\/\/www.ifz-muenchen.de\/aktuelles\/themen\/reordering-yugoslavia-rethinking-europe\">Reordering Yugoslavia, Rethinking Europe<\/a>\u201c statt, das vom Institut f\u00fcr Zeitgeschichte gemeinsam mit der Humboldt-Universit\u00e4t zu Berlin und dem Leibniz-Institut f\u00fcr Ost- und S\u00fcdosteuropaforschung durchgef\u00fchrt wird.<br><br><strong>ORT<\/strong><br>Einwahllink f\u00fcr das Zoom-Meeting: <a rel=\"noreferrer noopener\" href=\"https:\/\/zoom.us\/j\/97460291305?pwd=wBBil5dl23TadKZncju40QHjeYfOpI.1\" target=\"_blank\">https:\/\/zoom.us\/j\/97460291305?pwd=wBBil5dl23TadKZncju40QHjeYfOpI.1<\/a><br>Meeting-ID: 974 6029 1305<br>Kenncode: 091153<\/p>\n\n\n\n<hr class=\"wp-block-separator\"\/>\n\n\n\n<p>Izvor:<\/p>\n\n\n\n<p><a href=\"https:\/\/www.ifz-muenchen.de\/veranstaltungen\/veranstaltungen\/termin\/presentation-of-the-exhibition-the-labyrinth-of-the-90s\">https:\/\/www.ifz-muenchen.de\/veranstaltungen\/veranstaltungen\/termin\/presentation-of-the-exhibition-the-labyrinth-of-the-90s<\/a><\/p>\n\n\n\n<hr class=\"wp-block-separator\"\/>\n\n\n\n<p><strong>Najava predavanja Dubravke Stojanovi\u0107 o izlo\u017ebi Labirint 90-ih<\/strong><\/p>\n\n\n\n<p>Institut f\u00fcr Zeitgeschichte (IfZ), u saradnji sa&nbsp; Humboldt-Universit\u00e4t zu Berlin i Leibniz-Institut f\u00fcr Ost- und S\u00fcdosteuropaforschung&nbsp; organiziraju predavanje Dubravke Stojanovi\u0107 o izlo\u017ebi \u201cLabirint 90-ih\u201d.<\/p>\n\n\n\n<p>Predavanje (online), koje je dio serije predavanja u okviru projekta \u201eTransregional Histories of the Yugoslav Wars\u201c, \u0107e biti odr\u017eano u srijedu, 4. decembra 2024. u 16.00 sati.<\/p>\n\n\n\n<hr class=\"wp-block-separator\"\/>\n\n\n\n<p>Izvor i dodatne obavijesti:<\/p>\n\n\n\n<p><a href=\"https:\/\/historiografija.ba\/historija-u-javnosti\/dogadjaji\/najava-predavanja-dubravke-stojanovic-o-izlozbi-labirint-90-ih\">https:\/\/historiografija.ba\/historija-u-javnosti\/dogadjaji\/najava-predavanja-dubravke-stojanovic-o-izlozbi-labirint-90-ih<\/a><\/p>\n\n\n\n<hr class=\"wp-block-separator\"\/>\n","protected":false},"excerpt":{"rendered":"","protected":false},"author":2,"featured_media":36085,"comment_status":"open","ping_status":"open","sticky":false,"template":"","format":"standard","meta":{"_acf_changed":false,"jetpack_post_was_ever_published":false,"_jetpack_newsletter_access":"","_jetpack_dont_email_post_to_subs":false,"_jetpack_newsletter_tier_id":0,"_jetpack_memberships_contains_paywalled_content":false,"_jetpack_memberships_contains_paid_content":false,"footnotes":"","jetpack_publicize_message":"","jetpack_publicize_feature_enabled":true,"jetpack_social_post_already_shared":true,"jetpack_social_options":{"image_generator_settings":{"template":"highway","default_image_id":0,"font":"","enabled":false},"version":2}},"categories":[10,3],"tags":[],"class_list":["post-43701","post","type-post","status-publish","format-standard","has-post-thumbnail","hentry","category-izlozbe","category-novosti"],"acf":{"facebook_opis":""},"jetpack_publicize_connections":[],"jetpack_featured_media_url":"https:\/\/i0.wp.com\/historiografija.hr\/wp-content\/uploads\/2023\/06\/lavirint.jpg?fit=900%2C855&ssl=1","jetpack_sharing_enabled":true,"jetpack-related-posts":[],"_links":{"self":[{"href":"https:\/\/historiografija.hr\/index.php?rest_route=\/wp\/v2\/posts\/43701","targetHints":{"allow":["GET"]}}],"collection":[{"href":"https:\/\/historiografija.hr\/index.php?rest_route=\/wp\/v2\/posts"}],"about":[{"href":"https:\/\/historiografija.hr\/index.php?rest_route=\/wp\/v2\/types\/post"}],"author":[{"embeddable":true,"href":"https:\/\/historiografija.hr\/index.php?rest_route=\/wp\/v2\/users\/2"}],"replies":[{"embeddable":true,"href":"https:\/\/historiografija.hr\/index.php?rest_route=%2Fwp%2Fv2%2Fcomments&post=43701"}],"version-history":[{"count":1,"href":"https:\/\/historiografija.hr\/index.php?rest_route=\/wp\/v2\/posts\/43701\/revisions"}],"predecessor-version":[{"id":43702,"href":"https:\/\/historiografija.hr\/index.php?rest_route=\/wp\/v2\/posts\/43701\/revisions\/43702"}],"wp:featuredmedia":[{"embeddable":true,"href":"https:\/\/historiografija.hr\/index.php?rest_route=\/wp\/v2\/media\/36085"}],"wp:attachment":[{"href":"https:\/\/historiografija.hr\/index.php?rest_route=%2Fwp%2Fv2%2Fmedia&parent=43701"}],"wp:term":[{"taxonomy":"category","embeddable":true,"href":"https:\/\/historiografija.hr\/index.php?rest_route=%2Fwp%2Fv2%2Fcategories&post=43701"},{"taxonomy":"post_tag","embeddable":true,"href":"https:\/\/historiografija.hr\/index.php?rest_route=%2Fwp%2Fv2%2Ftags&post=43701"}],"curies":[{"name":"wp","href":"https:\/\/api.w.org\/{rel}","templated":true}]}}