{"id":43698,"date":"2024-12-02T22:48:23","date_gmt":"2024-12-02T22:48:23","guid":{"rendered":"http:\/\/historiografija.hr\/?p=43698"},"modified":"2024-12-05T13:25:43","modified_gmt":"2024-12-05T13:25:43","slug":"predstavljanje-knjige-zagonetka-pobjede-u-splitu","status":"publish","type":"post","link":"https:\/\/historiografija.hr\/?p=43698","title":{"rendered":"Predstavljanje knjige \u201cZagonetka pobjede\u201d u Splitu"},"content":{"rendered":"\n<p>Povodom&nbsp;33. obljetnice herojske obrane Dubrovnika u Domovinskom ratu koja se obilje\u017eava na blagdan sv. Nikole, <strong>Hrvatska udruga Benedikt<\/strong> poziva vas na predstavljanje knjige:<\/p>\n\n\n\n<p><strong><em>Zagonetka pobjede<\/em><\/strong><\/p>\n\n\n\n<p>autora <strong>Olivera Peze<\/strong>. Uz autora knjigu \u0107e predstaviti:&nbsp;prof. dr. sc. <strong>Ante Nazor<\/strong>, ravnatelj Hrvatskog memorijalno dokumentacijskog centra Domovinskog rata, bojnik <strong>Milenko Radi\u0107<\/strong>, dubrova\u010dki branitelj, pripadnik ZNG-a Dubrovnik, vi\u0161i inspektor <strong>Hasib Alibegovi\u0107 Ale<\/strong>, dubrova\u010dki branitelj, pripadnik SJP \u201cGrof\u201d Dubrovnik, (100% HRVI), pukovnik <strong>Nediljko Grubi\u0161i\u0107<\/strong>, pripadnik 4. gardijske brigade HV-a i satnik <strong>Damir Bani\u0107<\/strong>, pripadnik 9. bojne HOS-a.<\/p>\n\n\n\n<p>U velikoj <strong>dvorani Nadbiskupskog sjemeni\u0161ta u Splitu<\/strong>, u srijedu,<strong> 4. prosinca 2024. s po\u010detkom u 18:30 sati<\/strong>.<\/p>\n\n\n\n<p>Ulaz slobodan!<\/p>\n\n\n\n<hr class=\"wp-block-separator\"\/>\n\n\n\n<p>Izvor:<\/p>\n\n\n\n<p><a href=\"https:\/\/hu-benedikt.hr\/2024\/11\/predstavljanje-knjige-zagonetka-pobjede-u-splitu\/\">https:\/\/hu-benedikt.hr\/2024\/11\/predstavljanje-knjige-zagonetka-pobjede-u-splitu\/<\/a><\/p>\n\n\n\n<hr class=\"wp-block-separator\"\/>\n\n\n\n<p>Op\u0161irnije:<\/p>\n\n\n\n<figure class=\"wp-block-embed-wordpress wp-block-embed is-type-wp-embed is-provider-hu-benedikt\"><div class=\"wp-block-embed__wrapper\">\n<blockquote class=\"wp-embedded-content\" data-secret=\"OL9bN6Yzty\"><a href=\"https:\/\/hu-benedikt.hr\/2024\/12\/povodom-dana-dubrovackih-branitelja-u-splitu-predstavljeno-monumentalno-svjedocanstvo-o-pobjedi\/\">Povodom Dana dubrova\u010dkih branitelja u Splitu predstavljeno monumentalno svjedo\u010danstvo o Pobjedi<\/a><\/blockquote><iframe loading=\"lazy\" class=\"wp-embedded-content\" sandbox=\"allow-scripts\" security=\"restricted\" style=\"position: absolute; clip: rect(1px, 1px, 1px, 1px);\" title=\"&#8220;Povodom Dana dubrova\u010dkih branitelja u Splitu predstavljeno monumentalno svjedo\u010danstvo o Pobjedi&#8221; &#8212; Hu-benedikt\" src=\"https:\/\/hu-benedikt.hr\/2024\/12\/povodom-dana-dubrovackih-branitelja-u-splitu-predstavljeno-monumentalno-svjedocanstvo-o-pobjedi\/embed\/#?secret=OL9bN6Yzty\" data-secret=\"OL9bN6Yzty\" width=\"600\" height=\"338\" frameborder=\"0\" marginwidth=\"0\" marginheight=\"0\" scrolling=\"no\"><\/iframe>\n<\/div><\/figure>\n\n\n\n<hr class=\"wp-block-separator\"\/>\n","protected":false},"excerpt":{"rendered":"","protected":false},"author":2,"featured_media":43699,"comment_status":"open","ping_status":"open","sticky":false,"template":"","format":"standard","meta":{"_acf_changed":false,"jetpack_post_was_ever_published":false,"_jetpack_newsletter_access":"","_jetpack_dont_email_post_to_subs":false,"_jetpack_newsletter_tier_id":0,"_jetpack_memberships_contains_paywalled_content":false,"_jetpack_memberships_contains_paid_content":false,"footnotes":"","jetpack_publicize_message":"","jetpack_publicize_feature_enabled":true,"jetpack_social_post_already_shared":true,"jetpack_social_options":{"image_generator_settings":{"template":"highway","default_image_id":0,"font":"","enabled":false},"version":2}},"categories":[3],"tags":[],"class_list":["post-43698","post","type-post","status-publish","format-standard","has-post-thumbnail","hentry","category-novosti"],"acf":{"facebook_opis":""},"jetpack_publicize_connections":[],"jetpack_featured_media_url":"https:\/\/i0.wp.com\/historiografija.hr\/wp-content\/uploads\/2024\/12\/Zagonetka-pobjede.jpg?fit=204%2C351&ssl=1","jetpack_sharing_enabled":true,"jetpack-related-posts":[],"_links":{"self":[{"href":"https:\/\/historiografija.hr\/index.php?rest_route=\/wp\/v2\/posts\/43698","targetHints":{"allow":["GET"]}}],"collection":[{"href":"https:\/\/historiografija.hr\/index.php?rest_route=\/wp\/v2\/posts"}],"about":[{"href":"https:\/\/historiografija.hr\/index.php?rest_route=\/wp\/v2\/types\/post"}],"author":[{"embeddable":true,"href":"https:\/\/historiografija.hr\/index.php?rest_route=\/wp\/v2\/users\/2"}],"replies":[{"embeddable":true,"href":"https:\/\/historiografija.hr\/index.php?rest_route=%2Fwp%2Fv2%2Fcomments&post=43698"}],"version-history":[{"count":2,"href":"https:\/\/historiografija.hr\/index.php?rest_route=\/wp\/v2\/posts\/43698\/revisions"}],"predecessor-version":[{"id":43771,"href":"https:\/\/historiografija.hr\/index.php?rest_route=\/wp\/v2\/posts\/43698\/revisions\/43771"}],"wp:featuredmedia":[{"embeddable":true,"href":"https:\/\/historiografija.hr\/index.php?rest_route=\/wp\/v2\/media\/43699"}],"wp:attachment":[{"href":"https:\/\/historiografija.hr\/index.php?rest_route=%2Fwp%2Fv2%2Fmedia&parent=43698"}],"wp:term":[{"taxonomy":"category","embeddable":true,"href":"https:\/\/historiografija.hr\/index.php?rest_route=%2Fwp%2Fv2%2Fcategories&post=43698"},{"taxonomy":"post_tag","embeddable":true,"href":"https:\/\/historiografija.hr\/index.php?rest_route=%2Fwp%2Fv2%2Ftags&post=43698"}],"curies":[{"name":"wp","href":"https:\/\/api.w.org\/{rel}","templated":true}]}}