{"id":43696,"date":"2024-12-02T22:33:06","date_gmt":"2024-12-02T22:33:06","guid":{"rendered":"http:\/\/historiografija.hr\/?p=43696"},"modified":"2024-12-02T22:33:06","modified_gmt":"2024-12-02T22:33:06","slug":"znanstveni-skup-ivan-kostrencic-1844-1924-ravnatelj-sveucilisne-knjiznice-i-istaknuti-hrvatski-knjiznicar-i-tajnik-matice-hrvatske","status":"publish","type":"post","link":"https:\/\/historiografija.hr\/?p=43696","title":{"rendered":"Znanstveni skup \u201eIvan Kostren\u010di\u0107 (1844\u20131924), ravnatelj Sveu\u010dili\u0161ne knji\u017enice i istaknuti hrvatski knji\u017eni\u010dar i tajnik Matice hrvatske\u201c"},"content":{"rendered":"\n<p>Srijeda, 4. prosinca 2024. u 09:30 sati, Mala dvorana Matice hrvatske, Ulica Matice hrvatske 2, Strossmayerov trg 4, Zagreb<\/p>\n\n\n\n<hr class=\"wp-block-separator\"\/>\n\n\n\n<p>Matica hrvatska i Nacionalna i sveu\u010dili\u0161na knji\u017enica<\/p>\n\n\n\n<p>pozivaju vas na<\/p>\n\n\n\n<p>znanstveni skup u prigodi 180. obljetnice ro\u0111enja i 100. obljetnice smrti<\/p>\n\n\n\n<p><strong>Ivan Kostren\u010di\u0107 (1844\u20131924),<\/strong> <strong>ravnatelj Sveu\u010dili\u0161ne knji\u017enice i istaknuti hrvatski knji\u017eni\u010dar i tajnik Matice hrvatske<\/strong><\/p>\n\n\n\n<hr class=\"wp-block-separator\"\/>\n\n\n\n<p><strong>PROGRAM<\/strong><\/p>\n\n\n\n<p><strong>9.30 \u2013 Otvorenje skupa<\/strong><\/p>\n\n\n\n<p><strong>10.00\u201311.30 \u2013 Izlaganja<\/strong><\/p>\n\n\n\n<p>Ivica Zvonar (Hrvatska akademija znanosti i umjetnosti): \u017divot i djelovanje Ivana Kostren\u010di\u0107a u Be\u010du (1866\u20131875)<\/p>\n\n\n\n<p>Branko Ostajmer (Hrvatski institut za povijest): Dru\u0161tvenopoliti\u010dke prilike u Hrvatskoj Kostren\u010di\u0107eva doba<\/p>\n\n\n\n<p>Irena Gali\u0107 Be\u0161ker (Nacionalna i sveu\u010dili\u0161na knji\u017enica) i Karolina Tumbas (Nacionalna i sveu\u010dili\u0161na knji\u017enica): Ivan Kostren\u010di\u0107 kao ravnatelj Sveu\u010dili\u0161ne knji\u017enice u Zagrebu u svjetlu sa\u010duvane korespondencije<\/p>\n\n\n\n<p>Zorislav Luki\u0107 (Matica hrvatska): Ivan Kostren\u010di\u0107 kao tajnik Matice hrvatske<\/p>\n\n\n\n<p>Andrea Car Avdagi\u0107 (Centar za kulturu \u201eIvan Kostren\u010di\u0107\u201c, Crikvenica) i Irena Krmpoti\u0107 (Gradska knji\u017enica Crikvenica): Ivan Kostren\u010di\u0107 \u2013 crikveni\u010dki sin i prvi hrvatski stru\u010dni knji\u017eni\u010dar<\/p>\n\n\n\n<p><strong>11.30\u201311.40 \u2013 Stanka<\/strong><\/p>\n\n\n\n<p><strong>11.40\u201313.00 \u2013 Izlaganja<\/strong><\/p>\n\n\n\n<p>Stipe Botica: Kostren\u010di\u0107eva uloga kao donatora i sakupljanja tradicijskog blaga<\/p>\n\n\n\n<p>Alojz Jembrih: Kostren\u010di\u0107eva pisma Vatroslavu Jagi\u0107u<\/p>\n\n\n\n<p>Bo\u017eidar Petra\u010d (Matica hrvatska): <em>Gartlic za \u010das kratiti<\/em> Frana Krste Frankopana, priredio Ivan Kostren\u010di\u0107<\/p>\n\n\n\n<p>Goran Gali\u0107 (Matica hrvatska): Ivan Kostren\u010di\u0107 i \u010dasopis <em>Vienac<\/em><\/p>\n\n\n\n<p><strong>13.00\u201313.20 \u2013 Zaklju\u010dne rije\u010di i zatvaranje skupa<\/strong><\/p>\n\n\n\n<hr class=\"wp-block-separator\"\/>\n\n\n\n<p>4. prosinca 2024, Dvorana Jure Petri\u010devi\u0107a Matice hrvatske<\/p>\n\n\n\n<p>Strossmayerov trg 4, Zagreb<\/p>\n\n\n\n<hr class=\"wp-block-separator\"\/>\n\n\n\n<p>Izvor:<\/p>\n\n\n\n<p><a href=\"https:\/\/www.matica.hr\/zbivanja\/znanstveni-skup-ivan-kostrencic-18441924-ravnatelj-sveucilisne-knjiznice-i-istaknuti-hrvatski-knjiznicar-i-tajnik-matice-hrvatske-4536\/\">https:\/\/www.matica.hr\/zbivanja\/znanstveni-skup-ivan-kostrencic-18441924-ravnatelj-sveucilisne-knjiznice-i-istaknuti-hrvatski-knjiznicar-i-tajnik-matice-hrvatske-4536\/<\/a><\/p>\n\n\n\n<hr class=\"wp-block-separator\"\/>\n","protected":false},"excerpt":{"rendered":"","protected":false},"author":2,"featured_media":3858,"comment_status":"open","ping_status":"open","sticky":false,"template":"","format":"standard","meta":{"_acf_changed":false,"jetpack_post_was_ever_published":false,"_jetpack_newsletter_access":"","_jetpack_dont_email_post_to_subs":false,"_jetpack_newsletter_tier_id":0,"_jetpack_memberships_contains_paywalled_content":false,"_jetpack_memberships_contains_paid_content":false,"footnotes":"","jetpack_publicize_message":"","jetpack_publicize_feature_enabled":true,"jetpack_social_post_already_shared":true,"jetpack_social_options":{"image_generator_settings":{"template":"highway","default_image_id":0,"font":"","enabled":false},"version":2}},"categories":[3,9],"tags":[],"class_list":["post-43696","post","type-post","status-publish","format-standard","has-post-thumbnail","hentry","category-novosti","category-skupovi"],"acf":{"facebook_opis":""},"jetpack_publicize_connections":[],"jetpack_featured_media_url":"https:\/\/i0.wp.com\/historiografija.hr\/wp-content\/uploads\/2017\/04\/MaticaHrvatska_logo.jpg?fit=600%2C400&ssl=1","jetpack_sharing_enabled":true,"jetpack-related-posts":[],"_links":{"self":[{"href":"https:\/\/historiografija.hr\/index.php?rest_route=\/wp\/v2\/posts\/43696","targetHints":{"allow":["GET"]}}],"collection":[{"href":"https:\/\/historiografija.hr\/index.php?rest_route=\/wp\/v2\/posts"}],"about":[{"href":"https:\/\/historiografija.hr\/index.php?rest_route=\/wp\/v2\/types\/post"}],"author":[{"embeddable":true,"href":"https:\/\/historiografija.hr\/index.php?rest_route=\/wp\/v2\/users\/2"}],"replies":[{"embeddable":true,"href":"https:\/\/historiografija.hr\/index.php?rest_route=%2Fwp%2Fv2%2Fcomments&post=43696"}],"version-history":[{"count":1,"href":"https:\/\/historiografija.hr\/index.php?rest_route=\/wp\/v2\/posts\/43696\/revisions"}],"predecessor-version":[{"id":43697,"href":"https:\/\/historiografija.hr\/index.php?rest_route=\/wp\/v2\/posts\/43696\/revisions\/43697"}],"wp:featuredmedia":[{"embeddable":true,"href":"https:\/\/historiografija.hr\/index.php?rest_route=\/wp\/v2\/media\/3858"}],"wp:attachment":[{"href":"https:\/\/historiografija.hr\/index.php?rest_route=%2Fwp%2Fv2%2Fmedia&parent=43696"}],"wp:term":[{"taxonomy":"category","embeddable":true,"href":"https:\/\/historiografija.hr\/index.php?rest_route=%2Fwp%2Fv2%2Fcategories&post=43696"},{"taxonomy":"post_tag","embeddable":true,"href":"https:\/\/historiografija.hr\/index.php?rest_route=%2Fwp%2Fv2%2Ftags&post=43696"}],"curies":[{"name":"wp","href":"https:\/\/api.w.org\/{rel}","templated":true}]}}