{"id":43694,"date":"2024-12-02T22:21:13","date_gmt":"2024-12-02T22:21:13","guid":{"rendered":"http:\/\/historiografija.hr\/?p=43694"},"modified":"2024-12-07T19:01:56","modified_gmt":"2024-12-07T19:01:56","slug":"nova-i-zadnja-prepiska-petra-timotijevica-s-urednikom-portala-historiografija-hr","status":"publish","type":"post","link":"https:\/\/historiografija.hr\/?p=43694","title":{"rendered":"Nova (i zadnja) prepiska Petra Timotijevi\u0107a s urednikom portala Historiografija.hr"},"content":{"rendered":"\n<p>U svrhu transparentnosti i kako bih preduhitrio bilo kakvo daljnje preno\u0161enje moje prepiske \u0161iroj javnosti u tko zna kojim kontekstima i s kojim ciljevima (\u010demu sam svjedo\u010dio ranije), donosim sljede\u0107u obavijest zainteresiranim kolegicama i kolegama.<\/p>\n\n\n\n<hr class=\"wp-block-separator\"\/>\n\n\n\n<p><strong>Odgovor<\/strong><\/p>\n\n\n\n<p>2.12.2024.<\/p>\n\n\n\n<p>\u0160alje: Petar Timotijevi\u0107<\/p>\n\n\n\n<p>Prima: Branimir Jankovi\u0107<\/p>\n\n\n\n<p>\u041f\u043e\u0448\u0442\u043e\u0432\u0430\u043d\u0438,<\/p>\n\n\n\n<p>\u0425\u043e\u045b\u0435\u0442\u0435 \u043b\u0438 \u0434\u0430 \u043e\u0431\u0458\u0430\u0432\u0438\u0442\u0435 \u043c\u043e\u0458 \u043e\u0434\u0433\u043e\u0432\u043e\u0440 \u0432\u0430\u043c\u0430 \u0438 \u043f\u0440\u043e\u0444 \u0411\u043e\u0440\u0438\u0441\u043b\u0430\u0432\u0443 \u0413\u0440\u0433\u0438\u043d\u0443?<\/p>\n\n\n\n<p>\u041f\u0435\u0442\u0430\u0440 \u0422\u0438\u043c\u043e\u0442\u0438\u0458\u0435\u0432\u0438\u045b<\/p>\n\n\n\n<hr class=\"wp-block-separator\"\/>\n\n\n\n<p>2.12.2024.<\/p>\n\n\n\n<p>\u0160alje: Branimir Jankovi\u0107<\/p>\n\n\n\n<p>Prima: Petar Timotijevi\u0107<\/p>\n\n\n\n<p>Po\u0161tovani,<\/p>\n\n\n\n<p>&nbsp;&nbsp;&nbsp; vjerujem da vam je jasno da bilo kakva daljnja komunikacija s vama ne dolazi u obzir. Podsje\u0107am da ste moj iskreni odgovor s molbom za razumijevanje prenosili dalje i koristili ga za napad na mene osobno. (A ispostavit \u0107e se kasnije da sam bio jedini u historiografskim krugovima koji vam je uop\u0107e odgovorio i jedini koji je objavio va\u0161 tekst, iako mnogi nisu ili to ne bi u\u010dinili izme\u0111u ostalog i jer sumnjaju u identitet autora.) Time ste grubo izigrali moje povjerenje, stoga je na\u0161a prepiska ovime zaklju\u010dena. Moj odgovor mo\u017eete slobodno prenositi dalje gdje god i u kojem god obliku \u017eelite. Dapa\u010de, objavit \u0107u ga i sam na portalu, kao informaciju svima zainteresiranima.<\/p>\n\n\n\n<p>Pozdrav,<\/p>\n\n\n\n<p>Branimir Jankovi\u0107<\/p>\n\n\n\n<hr class=\"wp-block-separator\"\/>\n\n\n\n<p>7.12.2024.<\/p>\n\n\n\n<p>\u0160alje: Petar Timotijevi\u0107<\/p>\n\n\n\n<p>Prima: Branimir Jankovi\u0107<\/p>\n\n\n\n<p>\u0413\u043e\u0441\u043f\u043e\u0434\u0438\u043d\u0435,<\/p>\n\n\n\n<p>\u041c\u043e\u0436\u0435\u0442\u0435 \u0434\u0430 \u0440\u0430\u0434\u0438\u0442\u0435 \u0448\u0442\u0430 \u0432\u0430\u0441 \u0458\u0435 \u0432\u043e\u0459\u0430 \u043d\u0430 \u0432\u0430\u0448\u0435\u043c \u043f\u0440\u0438\u0432\u0430\u0442\u043d\u043e\u043c \u0441\u0430\u0458\u0442\u0443. \u0408\u0430\u0432\u043d\u043e \u0433\u043e\u0432\u043e\u0440\u0438\u0442\u0435 \u043a\u043e \u0458\u0435 \u043c\u0435\u043d\u0438 \u043e\u0434\u0433\u043e\u0432\u043e\u0440\u0438\u043e? \u0418\u043c\u0430\u043e \u0441\u0430\u043c \u0438\u043d\u0442\u0435\u0440\u0435\u0441\u0430\u043d\u0442\u043d\u0443 \u043a\u043e\u043c\u0443\u043d\u0438\u043a\u0430\u0446\u0438\u0458\u0443 \u0441 \u0432\u0438\u0448\u0435 \u043e\u0441\u043e\u0431\u0430, \u043e\u0434 \u043a\u043e\u0458\u0438\u0445 \u0441\u0443 \u043d\u0435\u043a\u0438 \u0438 \u0441 \u0432\u0430\u0448\u0435\u0433 \u043e\u0434\u0435\u0459\u0435\u045a\u0430. \u0410 \u0442\u043a\u043e \u0458\u0435 \u043f\u0440\u043e\u0444\u0435\u0441\u043e\u0440 \u0413\u0440\u0433\u0438\u043d \u0438 \u0448\u0442\u0430 \u0441\u0442\u0435 \u0432\u0438 \u0443\u0440\u0430\u0434\u0438\u043b\u0438 \u043a\u0430\u0434 \u0441\u0430\u043c \u0432\u0430\u043c \u043f\u043e\u0441\u043b\u0430\u043e \u0440\u0430\u0434\u045a\u0443 \u0442\u043e \u0458\u0435 \u0458\u0430\u0441\u043d\u043e \u0438\u0437 \u0432\u0430\u0437\u0434\u0443\u0445\u0430.<\/p>\n\n\n\n<p>\u041f\u0435\u0442\u0430\u0440 \u0422\u0438\u043c\u043e\u0442\u0438\u0458\u0435\u0432\u0438\u045b<\/p>\n\n\n\n<hr class=\"wp-block-separator\"\/>\n","protected":false},"excerpt":{"rendered":"","protected":false},"author":2,"featured_media":29846,"comment_status":"open","ping_status":"open","sticky":false,"template":"","format":"standard","meta":{"_acf_changed":false,"jetpack_post_was_ever_published":false,"_jetpack_newsletter_access":"","_jetpack_dont_email_post_to_subs":false,"_jetpack_newsletter_tier_id":0,"_jetpack_memberships_contains_paywalled_content":false,"_jetpack_memberships_contains_paid_content":false,"footnotes":"","jetpack_publicize_message":"","jetpack_publicize_feature_enabled":true,"jetpack_social_post_already_shared":true,"jetpack_social_options":{"image_generator_settings":{"template":"highway","default_image_id":0,"font":"","enabled":false},"version":2}},"categories":[3],"tags":[],"class_list":["post-43694","post","type-post","status-publish","format-standard","has-post-thumbnail","hentry","category-novosti"],"acf":{"facebook_opis":""},"jetpack_publicize_connections":[],"jetpack_featured_media_url":"https:\/\/i0.wp.com\/historiografija.hr\/wp-content\/uploads\/2022\/02\/Historiografija-hr-naslovnica.jpg?fit=1080%2C544&ssl=1","jetpack_sharing_enabled":true,"jetpack-related-posts":[],"_links":{"self":[{"href":"https:\/\/historiografija.hr\/index.php?rest_route=\/wp\/v2\/posts\/43694","targetHints":{"allow":["GET"]}}],"collection":[{"href":"https:\/\/historiografija.hr\/index.php?rest_route=\/wp\/v2\/posts"}],"about":[{"href":"https:\/\/historiografija.hr\/index.php?rest_route=\/wp\/v2\/types\/post"}],"author":[{"embeddable":true,"href":"https:\/\/historiografija.hr\/index.php?rest_route=\/wp\/v2\/users\/2"}],"replies":[{"embeddable":true,"href":"https:\/\/historiografija.hr\/index.php?rest_route=%2Fwp%2Fv2%2Fcomments&post=43694"}],"version-history":[{"count":2,"href":"https:\/\/historiografija.hr\/index.php?rest_route=\/wp\/v2\/posts\/43694\/revisions"}],"predecessor-version":[{"id":43809,"href":"https:\/\/historiografija.hr\/index.php?rest_route=\/wp\/v2\/posts\/43694\/revisions\/43809"}],"wp:featuredmedia":[{"embeddable":true,"href":"https:\/\/historiografija.hr\/index.php?rest_route=\/wp\/v2\/media\/29846"}],"wp:attachment":[{"href":"https:\/\/historiografija.hr\/index.php?rest_route=%2Fwp%2Fv2%2Fmedia&parent=43694"}],"wp:term":[{"taxonomy":"category","embeddable":true,"href":"https:\/\/historiografija.hr\/index.php?rest_route=%2Fwp%2Fv2%2Fcategories&post=43694"},{"taxonomy":"post_tag","embeddable":true,"href":"https:\/\/historiografija.hr\/index.php?rest_route=%2Fwp%2Fv2%2Ftags&post=43694"}],"curies":[{"name":"wp","href":"https:\/\/api.w.org\/{rel}","templated":true}]}}