{"id":43676,"date":"2024-11-30T19:00:58","date_gmt":"2024-11-30T19:00:58","guid":{"rendered":"http:\/\/historiografija.hr\/?p=43676"},"modified":"2024-11-30T19:00:58","modified_gmt":"2024-11-30T19:00:58","slug":"projekcija-filma-sume-sume-i-razgovor-s-protagonisticom-zdenkom-brcica","status":"publish","type":"post","link":"https:\/\/historiografija.hr\/?p=43676","title":{"rendered":"Projekcija filma \u201e\u0160ume \u0160ume\u201c i razgovor s protagonisticom Zdenkom Br\u010di\u0107a"},"content":{"rendered":"\n<p>Pozivamo vas na projekciju filma Renate Poljak o partizankama pod naslovom \u201e\u0160ume \u0161ume\u201d koji ko-produciraju Documenta \u2013 Centar za suo\u010davanje s pro\u0161lo\u0161\u0107u i Kinematograf.<\/p>\n\n\n\n<p>Film \u0107e biti prikazan u sklopu Human rights film festivala u ponedjeljak 02. prosinca u 11 sati u Kinoteci.<\/p>\n\n\n\n<p>Nakon filma uslijedit \u0107e razgovor na kom o\u010dekujemo protagonisticu filma partizanku Zdenku Br\u010di\u0107, sa zagreba\u010dke Tre\u0161njevke.<\/p>\n\n\n\n<p>Film donosi \u010detiri pri\u010de, \u010detiri neustra\u0161ive \u017eene:<\/p>\n\n\n\n<p>Nanica Paro\u0161ki, ro\u0111ena 1924. u Vojvodini. Od 1941. bila je u sastavu Prve proleterske brigade gdje djeluje kao bolni\u010darka. 1943. poslije prelaska preko Neretve umire od pjegavog tifusa. Imala je 18 godina.<\/p>\n\n\n\n<p>Marija Pipek, ro\u0111ena 1923. u Vrbanju na otoku Hvaru. S 19 godina odlazi u partizane. Do kraja rata dio je Desete hercegova\u010dke brigade. Pro\u0161la je Neretvu, Sutjesku i mnoge druge te\u0161ke borbe. Za vrijeme rata prebolila je pjegavi tifus. Preminula je u Zagrebu 2015. godine.<\/p>\n\n\n\n<p>Hilda He\u0107ej (r. Tompak) ro\u0111ena 1918. u Suhopolju, zapo\u010dela je studij arheologije na Filozofskom fakultetu u Zagrebu te se zapo\u0161ljava u Muzeju Slavonije. Bila je ilegalna suradnica NOB-a. Uspjela je pobje\u0107i i pridru\u017eiti se partizanima. Od 1951. \u017eivi u Zagrebu.<\/p>\n\n\n\n<p>Zdenka Br\u010di\u0107 (r. Kamenar) ro\u0111ena je 1927. u Zagrebu. Pridru\u017eila se partizanima kao gimnazijalka 1943. U partizanima je zavr\u0161ila kurs radiotelegrafije i bila radio telegrafista pri \u0161tabu Desetog korpusa. Danas \u017eivi u Zagrebu.<\/p>\n\n\n\n<p>U studenom ove godine na 20. Filmskom festivalu Slobodna zona u Beogradu film \u201c\u0160ume \u0161ume\u201d osvojio je nagradu Human Rights u Regionalnoj selekciji. Premijera filma odr\u017eala se u sklopu ovogodi\u0161njeg festivala Zagreb Dox. Me\u0111u brojnim projekcijama filma isti\u0107u se prikazivanja na filmskim festivalima: Pula film festival; DokuFest International Documentary and Short Film Festival (Prizren); Liburnia film festival (Opatija); Festival dei populi (Firenca).<\/p>\n\n\n\n<p>Film je kreiran u sklopu projekta \u201eCinemastories of the Second World War: Documentary films featuring WWII survivors and members of resistance as awareness and educational tools towards unbiased society\u201d.<\/p>\n\n\n\n<p>Film sufinanciraju Europska unija i Hrvatski audiovizualni centar (HAVC).<\/p>\n\n\n\n<hr class=\"wp-block-separator\"\/>\n\n\n\n<p>Izvor:<\/p>\n\n\n\n<p><a href=\"https:\/\/www.facebook.com\/events\/634625935556397\/\">https:\/\/www.facebook.com\/events\/634625935556397\/<\/a><\/p>\n\n\n\n<hr class=\"wp-block-separator\"\/>\n","protected":false},"excerpt":{"rendered":"","protected":false},"author":2,"featured_media":43677,"comment_status":"open","ping_status":"open","sticky":false,"template":"","format":"standard","meta":{"_acf_changed":false,"jetpack_post_was_ever_published":false,"_jetpack_newsletter_access":"","_jetpack_dont_email_post_to_subs":false,"_jetpack_newsletter_tier_id":0,"_jetpack_memberships_contains_paywalled_content":false,"_jetpack_memberships_contains_paid_content":false,"footnotes":"","jetpack_publicize_message":"","jetpack_publicize_feature_enabled":true,"jetpack_social_post_already_shared":true,"jetpack_social_options":{"image_generator_settings":{"template":"highway","default_image_id":0,"font":"","enabled":false},"version":2}},"categories":[13,3],"tags":[],"class_list":["post-43676","post","type-post","status-publish","format-standard","has-post-thumbnail","hentry","category-filmovi-i-serije","category-novosti"],"acf":{"facebook_opis":""},"jetpack_publicize_connections":[],"jetpack_featured_media_url":"https:\/\/i0.wp.com\/historiografija.hr\/wp-content\/uploads\/2024\/11\/%C5%A0ume-%C5%A1ume-ZG.jpg?fit=960%2C573&ssl=1","jetpack_sharing_enabled":true,"jetpack-related-posts":[],"_links":{"self":[{"href":"https:\/\/historiografija.hr\/index.php?rest_route=\/wp\/v2\/posts\/43676","targetHints":{"allow":["GET"]}}],"collection":[{"href":"https:\/\/historiografija.hr\/index.php?rest_route=\/wp\/v2\/posts"}],"about":[{"href":"https:\/\/historiografija.hr\/index.php?rest_route=\/wp\/v2\/types\/post"}],"author":[{"embeddable":true,"href":"https:\/\/historiografija.hr\/index.php?rest_route=\/wp\/v2\/users\/2"}],"replies":[{"embeddable":true,"href":"https:\/\/historiografija.hr\/index.php?rest_route=%2Fwp%2Fv2%2Fcomments&post=43676"}],"version-history":[{"count":1,"href":"https:\/\/historiografija.hr\/index.php?rest_route=\/wp\/v2\/posts\/43676\/revisions"}],"predecessor-version":[{"id":43678,"href":"https:\/\/historiografija.hr\/index.php?rest_route=\/wp\/v2\/posts\/43676\/revisions\/43678"}],"wp:featuredmedia":[{"embeddable":true,"href":"https:\/\/historiografija.hr\/index.php?rest_route=\/wp\/v2\/media\/43677"}],"wp:attachment":[{"href":"https:\/\/historiografija.hr\/index.php?rest_route=%2Fwp%2Fv2%2Fmedia&parent=43676"}],"wp:term":[{"taxonomy":"category","embeddable":true,"href":"https:\/\/historiografija.hr\/index.php?rest_route=%2Fwp%2Fv2%2Fcategories&post=43676"},{"taxonomy":"post_tag","embeddable":true,"href":"https:\/\/historiografija.hr\/index.php?rest_route=%2Fwp%2Fv2%2Ftags&post=43676"}],"curies":[{"name":"wp","href":"https:\/\/api.w.org\/{rel}","templated":true}]}}