{"id":43673,"date":"2024-11-30T18:58:42","date_gmt":"2024-11-30T18:58:42","guid":{"rendered":"http:\/\/historiografija.hr\/?p=43673"},"modified":"2024-11-30T18:58:42","modified_gmt":"2024-11-30T18:58:42","slug":"predstavljanje-knjige-erica-usica-zidovi-pamte-vizualna-etnografija-politickih-grafita-iz-drugog-svjetskog-rata-i-poraca-u-istri-u-puli","status":"publish","type":"post","link":"https:\/\/historiografija.hr\/?p=43673","title":{"rendered":"Predstavljanje knjige Erica U\u0161i\u0107a \u201eZidovi pamte. Vizualna etnografija politi\u010dkih grafita iz Drugog svjetskog rata i pora\u0107a u Istri\u201c u Puli"},"content":{"rendered":"\n<p>Predstavljanje knjige<strong> Erica U\u0161i\u0107a, <em>Zidovi pamte. Vizualna etnografija politi\u010dkih grafita iz Drugog svjetskog rata i pora\u0107a u Istri <\/em><\/strong>odr\u017eat \u0107e se u <strong>nedjelju, 1. prosinca 2024. s po\u010detkom u 17.00 sati<\/strong> u Crvenom salonu Doma hrvatskih branitelja na 30. Sa(n)jam knjige u Istri.<\/p>\n\n\n\n<p>Knjigu \u0107e predstaviti Eric U\u0161i\u0107, Damir Agi\u010di\u0107 i Andrea Mato\u0161evi\u0107.<\/p>\n\n\n\n<p>Predstavljanje knjige je dio programa Hisrokozmos i Istra ispod kore 30. Sa(n)jam knjige u Istri.<\/p>\n\n\n\n<hr class=\"wp-block-separator\"\/>\n\n\n\n<p>Izvori:<\/p>\n\n\n\n<figure class=\"wp-block-embed-wordpress wp-block-embed is-type-wp-embed is-provider-srednja-europa\"><div class=\"wp-block-embed__wrapper\">\n<blockquote class=\"wp-embedded-content\" data-secret=\"UVULTrrpWP\"><a href=\"https:\/\/srednja-europa.hr\/novosti\/predstavljanje-knjige-erica-usica-zidovi-pamte-na-30-sanjam-knjige-u-istri\/\">Predstavljanje knjige Erica U\u0161i\u0107a &#8220;Zidovi pamte&#8221; na 30. Sa(n)jam knjige u Istri<\/a><\/blockquote><iframe loading=\"lazy\" class=\"wp-embedded-content\" sandbox=\"allow-scripts\" security=\"restricted\" style=\"position: absolute; clip: rect(1px, 1px, 1px, 1px);\" title=\"&#8220;Predstavljanje knjige Erica U\u0161i\u0107a &#8220;Zidovi pamte&#8221; na 30. Sa(n)jam knjige u Istri&#8221; &#8212; Srednja Europa\" src=\"https:\/\/srednja-europa.hr\/novosti\/predstavljanje-knjige-erica-usica-zidovi-pamte-na-30-sanjam-knjige-u-istri\/embed\/#?secret=UVULTrrpWP\" data-secret=\"UVULTrrpWP\" width=\"600\" height=\"338\" frameborder=\"0\" marginwidth=\"0\" marginheight=\"0\" scrolling=\"no\"><\/iframe>\n<\/div><\/figure>\n\n\n\n<p><a href=\"https:\/\/historiografija.ba\/historija-u-javnosti\/dogadjaji\/politicki-grafiti-iz-drugog-svjetskog-rata-i-poraca-u-istri\">https:\/\/historiografija.ba\/historija-u-javnosti\/dogadjaji\/politicki-grafiti-iz-drugog-svjetskog-rata-i-poraca-u-istri<\/a><\/p>\n\n\n\n<hr class=\"wp-block-separator\"\/>\n","protected":false},"excerpt":{"rendered":"","protected":false},"author":2,"featured_media":43674,"comment_status":"open","ping_status":"open","sticky":false,"template":"","format":"standard","meta":{"_acf_changed":false,"jetpack_post_was_ever_published":false,"_jetpack_newsletter_access":"","_jetpack_dont_email_post_to_subs":false,"_jetpack_newsletter_tier_id":0,"_jetpack_memberships_contains_paywalled_content":false,"_jetpack_memberships_contains_paid_content":false,"footnotes":"","jetpack_publicize_message":"","jetpack_publicize_feature_enabled":true,"jetpack_social_post_already_shared":true,"jetpack_social_options":{"image_generator_settings":{"template":"highway","default_image_id":0,"font":"","enabled":false},"version":2}},"categories":[3],"tags":[],"class_list":["post-43673","post","type-post","status-publish","format-standard","has-post-thumbnail","hentry","category-novosti"],"acf":{"facebook_opis":""},"jetpack_publicize_connections":[],"jetpack_featured_media_url":"https:\/\/i0.wp.com\/historiografija.hr\/wp-content\/uploads\/2024\/11\/U%C5%A1i%C4%87.jpg?fit=450%2C562&ssl=1","jetpack_sharing_enabled":true,"jetpack-related-posts":[],"_links":{"self":[{"href":"https:\/\/historiografija.hr\/index.php?rest_route=\/wp\/v2\/posts\/43673","targetHints":{"allow":["GET"]}}],"collection":[{"href":"https:\/\/historiografija.hr\/index.php?rest_route=\/wp\/v2\/posts"}],"about":[{"href":"https:\/\/historiografija.hr\/index.php?rest_route=\/wp\/v2\/types\/post"}],"author":[{"embeddable":true,"href":"https:\/\/historiografija.hr\/index.php?rest_route=\/wp\/v2\/users\/2"}],"replies":[{"embeddable":true,"href":"https:\/\/historiografija.hr\/index.php?rest_route=%2Fwp%2Fv2%2Fcomments&post=43673"}],"version-history":[{"count":1,"href":"https:\/\/historiografija.hr\/index.php?rest_route=\/wp\/v2\/posts\/43673\/revisions"}],"predecessor-version":[{"id":43675,"href":"https:\/\/historiografija.hr\/index.php?rest_route=\/wp\/v2\/posts\/43673\/revisions\/43675"}],"wp:featuredmedia":[{"embeddable":true,"href":"https:\/\/historiografija.hr\/index.php?rest_route=\/wp\/v2\/media\/43674"}],"wp:attachment":[{"href":"https:\/\/historiografija.hr\/index.php?rest_route=%2Fwp%2Fv2%2Fmedia&parent=43673"}],"wp:term":[{"taxonomy":"category","embeddable":true,"href":"https:\/\/historiografija.hr\/index.php?rest_route=%2Fwp%2Fv2%2Fcategories&post=43673"},{"taxonomy":"post_tag","embeddable":true,"href":"https:\/\/historiografija.hr\/index.php?rest_route=%2Fwp%2Fv2%2Ftags&post=43673"}],"curies":[{"name":"wp","href":"https:\/\/api.w.org\/{rel}","templated":true}]}}