{"id":43666,"date":"2024-11-29T09:09:51","date_gmt":"2024-11-29T09:09:51","guid":{"rendered":"http:\/\/historiografija.hr\/?p=43666"},"modified":"2024-11-29T09:10:26","modified_gmt":"2024-11-29T09:10:26","slug":"znanstveni-skup-mirko-drazen-grmek-i-njegov-utjecaj-na-razvoj-povijesti-medicine-povodom-100-obljetnice-njegovog-rodenja-i-izlozba-price-izmedu-redaka-mirko-drazen-grmek","status":"publish","type":"post","link":"https:\/\/historiografija.hr\/?p=43666","title":{"rendered":"Znanstveni skup \u201eMirko Dra\u017een Grmek i njegov utjecaj na razvoj povijesti medicine povodom 100. obljetnice njegovog ro\u0111enja\u201c i izlo\u017eba \u201ePri\u010de izme\u0111u redaka: Mirko Dra\u017een Grmek\u201c"},"content":{"rendered":"\n<p>U organizaciji \u0160kole narodnog zdravlja \u201eAndrija \u0160tampar\u201c Medicinskog fakulteta Sveu\u010dili\u0161ta u Zagrebu, Centra za inovativne studije (CIS) Filozofskog fakulteta Sveu\u010dili\u0161ta u Zagrebu i Odjela za povijest Matice hrvatske 2. prosinca 2024. u \u0160koli narodnog zdravlja \u201eAndrija \u0160tampar\u201c odr\u017eat \u0107e se znanstveni skup pod nazivom \u201eMirko Dra\u017een Grmek i njegov utjecaj na razvoj povijesti medicine povodom 100. obljetnice njegovog ro\u0111enja\u201c. Na kraju skupa odr\u017eat \u0107e se i otvaranje izlo\u017ebe \u201ePri\u010de izme\u0111u redaka: Mirko Dra\u017een Grmek\u201c organizirane povodom ovog skupa. Izlo\u017eba \u0107e biti otvorena od 2. do 9. rujna 2024. godine, a mo\u017eete ju posjetiti u prostorijama Knji\u017enice \u201eAndrija \u0160tampar\u201c koja djeluje u sklopu \u0160kole narodnog zdravlja \u201eAndrija \u0160tampar\u201c.<\/p>\n\n\n\n<hr class=\"wp-block-separator\"\/>\n\n\n\n<div class=\"wp-block-file\"><a href=\"https:\/\/historiografija.hr\/wp-content\/uploads\/2024\/11\/Grmek-Skup.pdf\">Grmek-Skup<\/a><a href=\"https:\/\/historiografija.hr\/wp-content\/uploads\/2024\/11\/Grmek-Skup.pdf\" class=\"wp-block-file__button\" download>Preuzmi<\/a><\/div>\n\n\n\n<div class=\"wp-block-file\"><a href=\"https:\/\/historiografija.hr\/wp-content\/uploads\/2024\/11\/Grmek-Plakat.pdf\">Grmek-Plakat<\/a><a href=\"https:\/\/historiografija.hr\/wp-content\/uploads\/2024\/11\/Grmek-Plakat.pdf\" class=\"wp-block-file__button\" download>Preuzmi<\/a><\/div>\n\n\n\n<hr class=\"wp-block-separator\"\/>\n","protected":false},"excerpt":{"rendered":"","protected":false},"author":2,"featured_media":43669,"comment_status":"open","ping_status":"open","sticky":false,"template":"","format":"standard","meta":{"_acf_changed":false,"jetpack_post_was_ever_published":false,"_jetpack_newsletter_access":"","_jetpack_dont_email_post_to_subs":false,"_jetpack_newsletter_tier_id":0,"_jetpack_memberships_contains_paywalled_content":false,"_jetpack_memberships_contains_paid_content":false,"footnotes":"","jetpack_publicize_message":"","jetpack_publicize_feature_enabled":true,"jetpack_social_post_already_shared":true,"jetpack_social_options":{"image_generator_settings":{"template":"highway","default_image_id":0,"font":"","enabled":false},"version":2}},"categories":[10,3,9],"tags":[],"class_list":["post-43666","post","type-post","status-publish","format-standard","has-post-thumbnail","hentry","category-izlozbe","category-novosti","category-skupovi"],"acf":{"facebook_opis":""},"jetpack_publicize_connections":[],"jetpack_featured_media_url":"https:\/\/i0.wp.com\/historiografija.hr\/wp-content\/uploads\/2024\/11\/Grmek.jpg?fit=448%2C422&ssl=1","jetpack_sharing_enabled":true,"jetpack-related-posts":[],"_links":{"self":[{"href":"https:\/\/historiografija.hr\/index.php?rest_route=\/wp\/v2\/posts\/43666","targetHints":{"allow":["GET"]}}],"collection":[{"href":"https:\/\/historiografija.hr\/index.php?rest_route=\/wp\/v2\/posts"}],"about":[{"href":"https:\/\/historiografija.hr\/index.php?rest_route=\/wp\/v2\/types\/post"}],"author":[{"embeddable":true,"href":"https:\/\/historiografija.hr\/index.php?rest_route=\/wp\/v2\/users\/2"}],"replies":[{"embeddable":true,"href":"https:\/\/historiografija.hr\/index.php?rest_route=%2Fwp%2Fv2%2Fcomments&post=43666"}],"version-history":[{"count":2,"href":"https:\/\/historiografija.hr\/index.php?rest_route=\/wp\/v2\/posts\/43666\/revisions"}],"predecessor-version":[{"id":43671,"href":"https:\/\/historiografija.hr\/index.php?rest_route=\/wp\/v2\/posts\/43666\/revisions\/43671"}],"wp:featuredmedia":[{"embeddable":true,"href":"https:\/\/historiografija.hr\/index.php?rest_route=\/wp\/v2\/media\/43669"}],"wp:attachment":[{"href":"https:\/\/historiografija.hr\/index.php?rest_route=%2Fwp%2Fv2%2Fmedia&parent=43666"}],"wp:term":[{"taxonomy":"category","embeddable":true,"href":"https:\/\/historiografija.hr\/index.php?rest_route=%2Fwp%2Fv2%2Fcategories&post=43666"},{"taxonomy":"post_tag","embeddable":true,"href":"https:\/\/historiografija.hr\/index.php?rest_route=%2Fwp%2Fv2%2Ftags&post=43666"}],"curies":[{"name":"wp","href":"https:\/\/api.w.org\/{rel}","templated":true}]}}