{"id":43630,"date":"2024-11-28T14:24:25","date_gmt":"2024-11-28T14:24:25","guid":{"rendered":"http:\/\/historiografija.hr\/?p=43630"},"modified":"2024-11-28T14:27:04","modified_gmt":"2024-11-28T14:27:04","slug":"predstavljen-ukrajinski-dnevnik-nenada-popovica","status":"publish","type":"post","link":"https:\/\/historiografija.hr\/?p=43630","title":{"rendered":"Predstavljen \u201eUkrajinski dnevnik\u201c Nenada Popovi\u0107a"},"content":{"rendered":"\n<p>Svoj <em>Ukrajinski dnevnik<\/em> Nenad Popovi\u0107 po\u010dinje pisati 6. travnja godine 2022, \u010detrdeset drugoga dana od po\u010detka rata. S nekim iznimkama pi\u0161e ga svakodnevno do 20. o\u017eujka godine 2023. Uvodnim akcentom odmah \u0107e nazna\u010diti \u0161iroki horizont svoga pogleda, i taj se do kraja ne\u0107e su\u017eavati: \u00bbSedamdeset i sedam godina nakon 1945. Rusija je zapo\u010dela generalni napad na Ukrajinu s ogromnom vojnom silom koja se prvi put kretala Europom od Drugog svjetskog rata a napredovala je prema glavnom gradu susjedne zemlje Kijevu, iz tri pravca. Za kontinent Europu formati sukobljenih zemalja su najve\u0107i mogu\u0107i.\u00ab<\/p>\n\n\n\n<p>Popovi\u0107 na jednom mjestu veli da mu je pisanje <em>Ukrajinskoga dnevnika<\/em> \u00bbu doba fake newsa, alternativnih istina, ponovno upogonjenih ma\u0161inerija agit-propova od Donalda Trumpa do Kremlja\u00ab bilo nu\u017eno radi vlastite psihi\u010dke stabilnosti. Time nazna\u010duje donji prag svoje motivacije, smje\u0161taju\u0107i ga u privatnost. Vlastiti ga tekst pak obilato i vi\u0161estruko \u00bbiznevjerava\u00ab, onako kako se to doga\u0111a samo u dobroj knji\u017eevnosti. Taj tekst na uzoran na\u010din otkriva klju\u010dnu razliku izme\u0111u <em>privatnoga<\/em> i <em>li\u010dnoga<\/em>, koja u \u017eanru dnevni\u010dkoga pisanja presudno odre\u0111uje njegovu relevantnost i vrsno\u0107u. <em>Ukrajinski dnevnik<\/em> ne bje\u017ei od privatnosti, dapa\u010de, njome je ispunjen do sitnih detalja; uostalom, to je humus koji je osnova \u017eanra. Ali mi ovdje privatnost ni u jednom \u010dasu ne do\u017eivljujemo kao trivijalnost, jer je nadvladana snagom gombrovi\u010devskoga <em>li\u010dnog<\/em>: ono se, kao \u00bbono \u0161to nije samo meni va\u017eno\u00ab (po maksimi Andr\u00e9a Malrauxa), u Popovi\u0107evom dnevniku pona\u0161a kao \u0161iroko platno na kojemu se svjetskopovijesni trenutak jarko projicira u dramati\u010dnim obrisima. Sve je to mogu\u0107e zato \u0161to li\u010dna perspektiva, kojom je pro\u017eet i odre\u0111en cijeli <em>Ukrajinski dnevnik<\/em>, ima visoku mjeru izvorne intelektualno-eti\u010dke uznemirenosti, a li\u010dni ton kojim je sve obojeno o\u017eivljuje tekst i isporu\u010duje ga \u010ditateljevim o\u010dima kao prvorazredan knji\u017eevnojezi\u010dni dokument. (Ivan Lovrenovi\u0107)<\/p>\n\n\n\n<p><em><strong>Ukrajinski dnevnik<\/strong><\/em><strong> nagra\u0111en je 2023. godine knji\u017eevnom nagradom Fantom slobode koju dodjeljuju knji\u017eevni, kulturni i politi\u010dki portali Le Fant\u00f4me de la libert\u00e9 (Pariz), Forum.tm (Zagreb), Radio Gornji grad (Zagreb), \u010dasopis Europski glasnik (Zagreb) kao i ukrajinski mjese\u010dnik La Parole ukrainienne\/ \u0423\u043a\u0430\u0457\u043d\u0441\u044c\u043a\u0435 \u0441\u043b\u043e\u0432\u043e \/ Ukrajinsko slovo (Pariz), koji u Francuskoj izlazi od 1933. godine.<\/strong><\/p>\n\n\n\n<hr class=\"wp-block-separator\"\/>\n\n\n\n<p>Izvori i dodatne obavijesti:<\/p>\n\n\n\n<p><a href=\"http:\/\/durieux.hr\/wordpress\/knjige\/esejistika-publicistika\/ukrajinski-dnevnik\/\">http:\/\/durieux.hr\/wordpress\/knjige\/esejistika-publicistika\/ukrajinski-dnevnik\/<\/a><\/p>\n\n\n\n<figure class=\"wp-block-embed-wordpress wp-block-embed is-type-wp-embed is-provider-radio-gornji-grad\"><div class=\"wp-block-embed__wrapper\">\n<blockquote class=\"wp-embedded-content\" data-secret=\"FdlwW8lkeb\"><a href=\"https:\/\/radiogornjigrad.blog\/2024\/11\/14\/predstavljanje-ukrajinskog-dnevnika-nenada-popovica\/\">Predstavljanje Ukrajinskog dnevnika Nenada&nbsp;Popovi\u0107a<\/a><\/blockquote><iframe loading=\"lazy\" class=\"wp-embedded-content\" sandbox=\"allow-scripts\" security=\"restricted\" style=\"position: absolute; clip: rect(1px, 1px, 1px, 1px);\" title=\"&#8220;Predstavljanje Ukrajinskog dnevnika Nenada&nbsp;Popovi\u0107a&#8221; &#8212; radio gornji grad\" src=\"https:\/\/radiogornjigrad.blog\/2024\/11\/14\/predstavljanje-ukrajinskog-dnevnika-nenada-popovica\/embed\/#?secret=c63DlbZgpm#?secret=FdlwW8lkeb\" data-secret=\"FdlwW8lkeb\" width=\"600\" height=\"338\" frameborder=\"0\" marginwidth=\"0\" marginheight=\"0\" scrolling=\"no\"><\/iframe>\n<\/div><\/figure>\n\n\n\n<p><a href=\"https:\/\/www.portalnovosti.com\/u-nedjelju-predstavljanje-ukrajinskog-dnevnika-nenada-popovica\">https:\/\/www.portalnovosti.com\/u-nedjelju-predstavljanje-ukrajinskog-dnevnika-nenada-popovica<\/a><\/p>\n\n\n\n<p><a href=\"https:\/\/forum.tm\/vijesti\/u-nedjelju-predstavljanje-ukrajinskog-dnevnika-nenada-popovica-koji-je-objavljivao-na\">https:\/\/forum.tm\/vijesti\/u-nedjelju-predstavljanje-ukrajinskog-dnevnika-nenada-popovica-koji-je-objavljivao-na<\/a><\/p>\n\n\n\n<p><a href=\"https:\/\/lupiga.com\/vijesti\/ukrajinski-dnevnik-kako-pomiriti-bespomocnost-i-brutalnu-stvarnost\">https:\/\/lupiga.com\/vijesti\/ukrajinski-dnevnik-kako-pomiriti-bespomocnost-i-brutalnu-stvarnost<\/a><\/p>\n\n\n\n<hr class=\"wp-block-separator\"\/>\n","protected":false},"excerpt":{"rendered":"","protected":false},"author":2,"featured_media":43631,"comment_status":"open","ping_status":"open","sticky":false,"template":"","format":"standard","meta":{"_acf_changed":false,"jetpack_post_was_ever_published":false,"_jetpack_newsletter_access":"","_jetpack_dont_email_post_to_subs":false,"_jetpack_newsletter_tier_id":0,"_jetpack_memberships_contains_paywalled_content":false,"_jetpack_memberships_contains_paid_content":false,"footnotes":"","jetpack_publicize_message":"","jetpack_publicize_feature_enabled":true,"jetpack_social_post_already_shared":true,"jetpack_social_options":{"image_generator_settings":{"template":"highway","default_image_id":0,"font":"","enabled":false},"version":2}},"categories":[3],"tags":[],"class_list":["post-43630","post","type-post","status-publish","format-standard","has-post-thumbnail","hentry","category-novosti"],"acf":{"facebook_opis":""},"jetpack_publicize_connections":[],"jetpack_featured_media_url":"https:\/\/i0.wp.com\/historiografija.hr\/wp-content\/uploads\/2024\/11\/Ukrajinski-dnevnik.jpg?fit=296%2C468&ssl=1","jetpack_sharing_enabled":true,"jetpack-related-posts":[],"_links":{"self":[{"href":"https:\/\/historiografija.hr\/index.php?rest_route=\/wp\/v2\/posts\/43630","targetHints":{"allow":["GET"]}}],"collection":[{"href":"https:\/\/historiografija.hr\/index.php?rest_route=\/wp\/v2\/posts"}],"about":[{"href":"https:\/\/historiografija.hr\/index.php?rest_route=\/wp\/v2\/types\/post"}],"author":[{"embeddable":true,"href":"https:\/\/historiografija.hr\/index.php?rest_route=\/wp\/v2\/users\/2"}],"replies":[{"embeddable":true,"href":"https:\/\/historiografija.hr\/index.php?rest_route=%2Fwp%2Fv2%2Fcomments&post=43630"}],"version-history":[{"count":2,"href":"https:\/\/historiografija.hr\/index.php?rest_route=\/wp\/v2\/posts\/43630\/revisions"}],"predecessor-version":[{"id":43633,"href":"https:\/\/historiografija.hr\/index.php?rest_route=\/wp\/v2\/posts\/43630\/revisions\/43633"}],"wp:featuredmedia":[{"embeddable":true,"href":"https:\/\/historiografija.hr\/index.php?rest_route=\/wp\/v2\/media\/43631"}],"wp:attachment":[{"href":"https:\/\/historiografija.hr\/index.php?rest_route=%2Fwp%2Fv2%2Fmedia&parent=43630"}],"wp:term":[{"taxonomy":"category","embeddable":true,"href":"https:\/\/historiografija.hr\/index.php?rest_route=%2Fwp%2Fv2%2Fcategories&post=43630"},{"taxonomy":"post_tag","embeddable":true,"href":"https:\/\/historiografija.hr\/index.php?rest_route=%2Fwp%2Fv2%2Ftags&post=43630"}],"curies":[{"name":"wp","href":"https:\/\/api.w.org\/{rel}","templated":true}]}}