{"id":43620,"date":"2024-11-27T18:04:39","date_gmt":"2024-11-27T18:04:39","guid":{"rendered":"http:\/\/historiografija.hr\/?p=43620"},"modified":"2024-11-27T18:08:24","modified_gmt":"2024-11-27T18:08:24","slug":"izlozba-aktivitet-100-godina-nadrealizma-u-beogradu","status":"publish","type":"post","link":"https:\/\/historiografija.hr\/?p=43620","title":{"rendered":"Izlo\u017eba \u201eAktivitet: 100 godina nadrealizma\u201c u Beogradu"},"content":{"rendered":"\n<p>19.10.2024.\u2013 24.2.2025.<\/p>\n\n\n\n<p>Muzej savremene umetnosti, U\u0161\u0107e 10, Beograd<\/p>\n\n\n\n<hr class=\"wp-block-separator\"\/>\n\n\n\n<p><strong>Izlo\u017eba je deo istoimenog projekta koji obele\u017eava stogodi\u0161njicu nadrealizma u Srbiji i svetu \u2013 sto godina od izla\u017eenja prvog Manifest\u0430 nadrealizma Andree Bretona i sto godina od izdavanja prvih publikacija i aktivnosti Beogradskog nadrealisti\u010dkog kruga u jesen 1924. godine. Projekat obuhvata blisku saradnju tri institucije \u2013 Muzeja savremene umetnosti, Muzeja primenjene umetnosti i Instituta za knji\u017eevnost i umetnost \u2013 kao i ve\u0107eg broja drugih institucija i organizacija.<\/strong><\/p>\n\n\n\n<p>Izlo\u017eba u Muzeju savremene umetnosti pod nazivom Aktivitet: 100 godina nadrealizma predstavlja na\u0161oj i me\u0111unarodnoj javnosti bogatstvo produkcije na\u0161eg nadrealizma i njegovu simultanu aktivnost i saodnos sa drugim globalnim nadrealizmima, te njegov zna\u010daj za umetnost 20. i 21. veka. Izlo\u017eba ima za cilj da predstavi, na najkompletniji na\u010din do sada, celovitu produkciju nadrealisti\u010dkog kruga u razli\u010ditim medijima, te odabrana dela iz dugog \u017eivota nadrealizma \u2013 dela stvaraoca beogradskog nadrealisti\u010dkog kruga nastala nakon perioda kolektivne akcije ili dela umetnika koja su nastala pod jakim uticajem ili u saodnosu sa nadrealizmom, kao i mali broj, strogo izabranih, savremenih odgovora na na\u0161u nadrealisti\u010dku produkciju. Aktiviteti koje su na\u0161i nadrealisti upra\u017enjavali, i \u010dija me\u0111unarodna vidljivost ubrzano raste, uklju\u010duju individualne i grupne prakse u veoma \u0161irokom spektru medija, umetni\u010dkih formi i tipova diskursa: slike, kola\u017ei, objekti, instalacije, grupne proklamacije i participativne dru\u0161tvene akcije, intervencije, fotografije i fotograme, filozofske traktate i de\u010diju knji\u017eevnost, multimedijalne pesme-slike, antiromane, fanzine, \u010dasopise, ankete, cadavre exquis, polemike i mnoge druge iskaze i objekte. Muzej savremene umetnosti \u010duva najopse\u017eniju kolekciju dela na\u0161ih nadrealista i dokumentacije njihovih aktivnosti u razli\u010ditim formama i medijima, i predstavlja regionalni centar za dokumentaciju i nau\u010dni rad iz ove oblasti.<\/p>\n\n\n\n<p>Predstavljanje ovog korpusa zna\u010dajno je oboga\u0107eno kroz saradnju i razmenu sa Muzejom primenjene umetnosti, gde se nalazi najve\u0107i deo fotografskog legata na\u0161ih nadrealista i gde \u0107e se simultano odr\u017eati izlo\u017eba pod istim krovnim konceptom. S obzirom na multimedijalnu prirodu i posebno blisko saodnos pisane re\u010di i vizuelnog artefakta u produkciji na\u0161ih nadrealista, saradnja obuhvata i Institut za knji\u017eevnost i umetnost koji \u0107e u okviru projekta realizovati me\u0111unarodni nau\u010dni skup.<\/p>\n\n\n\n<p>Umetnici i kolektivi \u010dija \u0107e dela biti izlo\u017eena su: Du\u0161an Mati\u0107, Nikola Vu\u010do, Oskar Davi\u010do, Milan Dedinac, Stevan \u017divadinovi\u0107 \u2013 Vane Bor, Radojica \u017divanovi\u0107-Noe, \u0110or\u0111e Jovanovi\u0107, \u0110or\u0111e Kosti\u0107, Aleksandar Vu\u010do, Julijana Lula Vu\u010do, Jelica \u0160eva Risti\u0107, Marko Risti\u0107, Solomon Moni de Buli, Dida de Majo, Andr\u00e9 Breton, Stane Kregar, Miljenko Stan\u010di\u0107, Jovan Bijeli\u0107, Max Ernst, Andr\u00e8 Masson, Joan Mir\u00f3, Pablo Picasso , Man Ray, Yves Tanguy, Andr\u00e9 Thirion, Ivana Tomljenovi\u0107-Meller , Krsto Hegedu\u0161i\u0107, Ljubi\u0161a Joci\u0107, Miodrag Nagornim nepoznati nadrealista, Lana Vasiljevi\u0107, Katia Drenovska, Roberto Echaurren Matta, Bogosav \u017divkovi\u0107, Nives Kavuri\u0107-Kurtovi\u0107, Jean Lur\u00e7at, Wifredo Lam, Pavle Levi i Andrej Dolinka, Predrag Ne\u0161kovi\u0107, Nedeljko Ne\u0161a Paripovi\u0107, Tomislav Peternek, Bogdanka Poznanovi\u0107, Vasko Popa, Zoran Popovi\u0107, Vladan Radovanovi\u0107, Goran Stoj\u010detovi\u0107, Zoran Todorovi\u0107, Milo\u0161 Tomi\u0107, Georges Hugnet, Erwin Wurm, Ljubica Mari\u0107, Natalija Vladisavljevi\u0107, PerArt, kuda.org, Ivana Mom\u010dilovi\u0107, NEP Nova Evropa, Howard Slater.<\/p>\n\n\n\n<p>Autorka koncepta i kustoskinja je Sanja Bahun, profesorka i dekanka Fakulteta umetnosti i humanisti\u010dkih nauka na Univerzitetu u Eseksu, a kustoskinje izlo\u017ebe su Sanja Bahun, Aleksandra Mir\u010di\u0107, Una Popovi\u0107 i \u017daklina Ratkovi\u0107.<\/p>\n\n\n\n<p>INSTITUCIJE I ORGANIZACIJE (PARTNERI)<br>Muzej primenjene umetnosti<br>Institut za knji\u017eevnost i umetnost<br>Istorijski arhiv Srbije<br>Arhiv i Biblioteka Srpske akademije nauka i umetnosti<br>Narodna biblioteka Srbije<br>Univerzitetska biblioteka \u201cSvetozar Markovi\u0107\u201d<br>Avala film<br>Filmske novosti<br>Narodna biblioteka Bor<br>Narodna biblioteka \u201cDu\u0161an Mati\u0107\u201d \u0106uprija<br>Hleb teatar<br>Teatar Ulica<br>Boja doo, Sombor<br>\u0160kola za dizajn \u201cBogdan \u0160uput\u201d Novi Sad<br>Filolo\u0161ka gimnazija Beograd<br>Me\u0111uop\u0161tinski Istorijski arhiv \u0160abac<br>Muzej Jugoslavije<br>\u0160aba\u010dka biblioteka<br>Univerzitet u Kragujevcu<br>Prva kragujeva\u010dka gimnazija<br>Programski arhiv Radio Televizije Srbije<br>Pozori\u0161ni muzej Srbije<br>Centar za nove medije kuda.org<br>PerArt Organizacija \u0455a izvo\u0111a\u010dku umetnost i inkluziju u kulturi<br>Prostor Organizacija za rad sa osobama sa problemima mentalnog zdravlja<\/p>\n\n\n\n<p>Pojedinci<br>Aleksandar Kosti\u0107<br>Beka Vu\u010do<br>Vuk \u0106osi\u0107<br>Dejan Kr\u0161i\u0107<br>\u017deljko Luketi\u0107<br>Leri Ahel<br>Sa\u0161a Ili\u0107<\/p>\n\n\n\n<p>Fotografije: Bojana Janji\u0107\/MSUB<\/p>\n\n\n\n<hr class=\"wp-block-separator\"\/>\n\n\n\n<p>Izvor:<\/p>\n\n\n\n<figure class=\"wp-block-embed-wordpress wp-block-embed is-type-wp-embed is-provider-muzej-savremene-umetnosti\"><div class=\"wp-block-embed__wrapper\">\n<blockquote class=\"wp-embedded-content\" data-secret=\"3DLeC7Esng\"><a href=\"https:\/\/msub.org.rs\/exhibition\/aktivitet-100-godina-nadrealizma\/\">Aktivitet: 100 godina nadrealizma<\/a><\/blockquote><iframe loading=\"lazy\" class=\"wp-embedded-content\" sandbox=\"allow-scripts\" security=\"restricted\" style=\"position: absolute; clip: rect(1px, 1px, 1px, 1px);\" title=\"&#8220;Aktivitet: 100 godina nadrealizma&#8221; &#8212; Muzej Savremene Umetnosti\" src=\"https:\/\/msub.org.rs\/exhibition\/aktivitet-100-godina-nadrealizma\/embed\/#?secret=ZakSIK8Q2p#?secret=3DLeC7Esng\" data-secret=\"3DLeC7Esng\" width=\"600\" height=\"338\" frameborder=\"0\" marginwidth=\"0\" marginheight=\"0\" scrolling=\"no\"><\/iframe>\n<\/div><\/figure>\n\n\n\n<hr class=\"wp-block-separator\"\/>\n\n\n\n<p>Iz medija:<\/p>\n\n\n\n<p><a href=\"https:\/\/www.jutarnji.hr\/kultura\/art\/u-srbiji-izlozen-i-rad-hrvatskog-umjetnika-kojeg-je-policija-zaplijenila-jer-je-prijetnja-javnoj-sigurnosti-15526009?cx_linkref=jl_home_najnovije\">https:\/\/www.jutarnji.hr\/kultura\/art\/u-srbiji-izlozen-i-rad-hrvatskog-umjetnika-kojeg-je-policija-zaplijenila-jer-je-prijetnja-javnoj-sigurnosti-15526009<\/a><\/p>\n\n\n\n<figure class=\"wp-block-embed-wordpress wp-block-embed is-type-wp-embed is-provider-p-portal\"><div class=\"wp-block-embed__wrapper\">\n<blockquote class=\"wp-embedded-content\" data-secret=\"j4fV9K4Ix5\"><a href=\"https:\/\/p-portal.net\/sto-godina-nadrealizma-interakcija-nesvesnog-i-realnog\">Sto godina nadrealizma: interakcija nesvesnog i realnog<\/a><\/blockquote><iframe loading=\"lazy\" class=\"wp-embedded-content\" sandbox=\"allow-scripts\" security=\"restricted\" style=\"position: absolute; clip: rect(1px, 1px, 1px, 1px);\" title=\"&#8220;Sto godina nadrealizma: interakcija nesvesnog i realnog&#8221; &#8212; P-portal\" src=\"https:\/\/p-portal.net\/sto-godina-nadrealizma-interakcija-nesvesnog-i-realnog\/embed#?secret=Y2Ie8tw9QH#?secret=j4fV9K4Ix5\" data-secret=\"j4fV9K4Ix5\" width=\"600\" height=\"338\" frameborder=\"0\" marginwidth=\"0\" marginheight=\"0\" scrolling=\"no\"><\/iframe>\n<\/div><\/figure>\n\n\n\n<hr class=\"wp-block-separator\"\/>\n","protected":false},"excerpt":{"rendered":"","protected":false},"author":2,"featured_media":43621,"comment_status":"open","ping_status":"open","sticky":false,"template":"","format":"standard","meta":{"_acf_changed":false,"jetpack_post_was_ever_published":false,"_jetpack_newsletter_access":"","_jetpack_dont_email_post_to_subs":false,"_jetpack_newsletter_tier_id":0,"_jetpack_memberships_contains_paywalled_content":false,"_jetpack_memberships_contains_paid_content":false,"footnotes":"","jetpack_publicize_message":"","jetpack_publicize_feature_enabled":true,"jetpack_social_post_already_shared":true,"jetpack_social_options":{"image_generator_settings":{"template":"highway","default_image_id":0,"font":"","enabled":false},"version":2}},"categories":[10,3],"tags":[],"class_list":["post-43620","post","type-post","status-publish","format-standard","has-post-thumbnail","hentry","category-izlozbe","category-novosti"],"acf":{"facebook_opis":""},"jetpack_publicize_connections":[],"jetpack_featured_media_url":"https:\/\/i0.wp.com\/historiografija.hr\/wp-content\/uploads\/2024\/11\/Stevan-%C5%BDivadinovi%C4%87-%E2%80%93-Vane-Bor-Manifesto.jpg?fit=2048%2C1280&ssl=1","jetpack_sharing_enabled":true,"jetpack-related-posts":[],"_links":{"self":[{"href":"https:\/\/historiografija.hr\/index.php?rest_route=\/wp\/v2\/posts\/43620","targetHints":{"allow":["GET"]}}],"collection":[{"href":"https:\/\/historiografija.hr\/index.php?rest_route=\/wp\/v2\/posts"}],"about":[{"href":"https:\/\/historiografija.hr\/index.php?rest_route=\/wp\/v2\/types\/post"}],"author":[{"embeddable":true,"href":"https:\/\/historiografija.hr\/index.php?rest_route=\/wp\/v2\/users\/2"}],"replies":[{"embeddable":true,"href":"https:\/\/historiografija.hr\/index.php?rest_route=%2Fwp%2Fv2%2Fcomments&post=43620"}],"version-history":[{"count":2,"href":"https:\/\/historiografija.hr\/index.php?rest_route=\/wp\/v2\/posts\/43620\/revisions"}],"predecessor-version":[{"id":43623,"href":"https:\/\/historiografija.hr\/index.php?rest_route=\/wp\/v2\/posts\/43620\/revisions\/43623"}],"wp:featuredmedia":[{"embeddable":true,"href":"https:\/\/historiografija.hr\/index.php?rest_route=\/wp\/v2\/media\/43621"}],"wp:attachment":[{"href":"https:\/\/historiografija.hr\/index.php?rest_route=%2Fwp%2Fv2%2Fmedia&parent=43620"}],"wp:term":[{"taxonomy":"category","embeddable":true,"href":"https:\/\/historiografija.hr\/index.php?rest_route=%2Fwp%2Fv2%2Fcategories&post=43620"},{"taxonomy":"post_tag","embeddable":true,"href":"https:\/\/historiografija.hr\/index.php?rest_route=%2Fwp%2Fv2%2Ftags&post=43620"}],"curies":[{"name":"wp","href":"https:\/\/api.w.org\/{rel}","templated":true}]}}