{"id":43616,"date":"2024-11-27T17:57:52","date_gmt":"2024-11-27T17:57:52","guid":{"rendered":"http:\/\/historiografija.hr\/?p=43616"},"modified":"2024-11-27T17:59:09","modified_gmt":"2024-11-27T17:59:09","slug":"medunarodni-naucni-skup-nad-realizmom-1924-2024","status":"publish","type":"post","link":"https:\/\/historiografija.hr\/?p=43616","title":{"rendered":"Me\u0111unarodni nau\u010dni skup &#8220;Nad\/realizmom (1924\/2024)&#8221; u Beogradu"},"content":{"rendered":"\n<p>Sa zadovoljstvom vas pozivamo na me\u0111unarodni nau\u010dni skup <em>Nad\/realizmom (1924\/2024)<\/em> koji \u0107e se od 27. do 29. novembra 2024. odr\u017eati u Institutu za knji\u017eevnost i umetnost, Muzeju savremene umetnosti i Muzeju primenjene umetnosti u Beogradu. Urednici skupa su dr Bojan Jovi\u0107, prof. dr Sanja Bahun i dr Biljana Andonovska.<\/p>\n\n\n\n<p>Priklju\u010duju\u0107i se me\u0111unarodnom obele\u017eavanju stogodi\u0161njice objavljivanja prvog <em>Manifesta nadrealizma<\/em> Andrea Bretona i po\u010detka delovanja nadrealisti\u010dkih pokreta u svetu, cilj ovog nau\u010dnog okupljanja je da se iz perspektive savremenih metodologija i ose\u0107ajnosti osvetli ogroman otisak koji je nadrealizam ostavio u umetnosti i kulturi pro\u0161log veka, i to kako u svojim vi\u0161estrukim umetni\u010dkim izrazima tako i u svojim iskoracima ka filozofiji i teoriji ili politi\u010dkoj misli i praksi, te da se sagledaju razli\u010diti vidovi umre\u017eavanja evropskih pokreta i dosada\u0161nji oblici prou\u010davanja nadrealizma.<\/p>\n\n\n\n<p>Konferencija \u0107e okupiti preko pedeset istra\u017eiva\u010da iz dvanaest zemalja (Francuske, Velike Britanije, Amerike, Austrije, \u0160vedske, Gr\u010dke, Kipra, Portugala, Brazila, Hrvatske, Makedonije, Srbije), me\u0111u kojima i vode\u0107e savremene prou\u010davaoce nadrealisti\u010dke i avangardne umetnosti. Prvi dan skupa odr\u017ea\u0107e se u Institutu za knji\u017eevnost i umetnost i bi\u0107e posve\u0107en knji\u017eevnim i teorijskim temama. Drugi dan skupa odr\u017ea\u0107e se u Muzeju savremene umetnosti, kada \u0107emo se baviti nadrealizmom i politikom, nadrealizmom u ju\u017enoslovenskom kontekstu, te nadrealizmom i umetno\u0161\u0107u knjige i filma. Tre\u0107i dan skupa odvija\u0107e se u Muzeju primenjene umetnosti, s fokusom na nadrealizam i vizuelne umetnosti, kao i nadrealizam i de\u010dju knji\u017eevnost.<\/p>\n\n\n\n<p>Otvaranje skupa je u sredu, 27. novembra, u 9:30 \u010dasova u biblioteci Instituta, a zatvaranje skupa obele\u017ei\u0107e kra\u0107e predavanje prof. emerite Doun Ades o Bretonovom <em>Manifestu nadrealizma<\/em>.<\/p>\n\n\n\n<p>Tokom drugog i tre\u0107eg dana skupa za u\u010desnike i posetioce bi\u0107e organizovano i stru\u010dno autorsko vo\u0111enje kroz izlo\u017ebe <em>Aktivitet: 100 godina nadrealizma<\/em> (MSU) i <em>Zadr\u017eano bekstvo nadstvarnosti: fotografija u beogradskom nadrealizmu<\/em> (MPU).<\/p>\n\n\n\n<p>Program skupa mo\u017eete preuzeti <a href=\"https:\/\/www.ikum.org.rs\/images\/stories\/nadrelizamprogram.pdf\">ovde<\/a>, a Knjigu sa\u017eetaka <a href=\"https:\/\/www.ikum.org.rs\/images\/stories\/nadrealizmomknjigarezimea.pdf\">ovde<\/a>.<\/p>\n\n\n\n<hr class=\"wp-block-separator\"\/>\n\n\n\n<p>Izvor:<\/p>\n\n\n\n<p><a href=\"https:\/\/www.ikum.org.rs\/novost.php?id=414\">https:\/\/www.ikum.org.rs\/novost.php?id=414<\/a><\/p>\n\n\n\n<hr class=\"wp-block-separator\"\/>\n","protected":false},"excerpt":{"rendered":"","protected":false},"author":2,"featured_media":43617,"comment_status":"open","ping_status":"open","sticky":false,"template":"","format":"standard","meta":{"_acf_changed":false,"jetpack_post_was_ever_published":false,"_jetpack_newsletter_access":"","_jetpack_dont_email_post_to_subs":false,"_jetpack_newsletter_tier_id":0,"_jetpack_memberships_contains_paywalled_content":false,"_jetpack_memberships_contains_paid_content":false,"footnotes":"","jetpack_publicize_message":"","jetpack_publicize_feature_enabled":true,"jetpack_social_post_already_shared":true,"jetpack_social_options":{"image_generator_settings":{"template":"highway","default_image_id":0,"font":"","enabled":false},"version":2}},"categories":[3,9],"tags":[],"class_list":["post-43616","post","type-post","status-publish","format-standard","has-post-thumbnail","hentry","category-novosti","category-skupovi"],"acf":{"facebook_opis":""},"jetpack_publicize_connections":[],"jetpack_featured_media_url":"https:\/\/i0.wp.com\/historiografija.hr\/wp-content\/uploads\/2024\/11\/nadrealizam_plakat.jpg?fit=886%2C1241&ssl=1","jetpack_sharing_enabled":true,"jetpack-related-posts":[],"_links":{"self":[{"href":"https:\/\/historiografija.hr\/index.php?rest_route=\/wp\/v2\/posts\/43616","targetHints":{"allow":["GET"]}}],"collection":[{"href":"https:\/\/historiografija.hr\/index.php?rest_route=\/wp\/v2\/posts"}],"about":[{"href":"https:\/\/historiografija.hr\/index.php?rest_route=\/wp\/v2\/types\/post"}],"author":[{"embeddable":true,"href":"https:\/\/historiografija.hr\/index.php?rest_route=\/wp\/v2\/users\/2"}],"replies":[{"embeddable":true,"href":"https:\/\/historiografija.hr\/index.php?rest_route=%2Fwp%2Fv2%2Fcomments&post=43616"}],"version-history":[{"count":2,"href":"https:\/\/historiografija.hr\/index.php?rest_route=\/wp\/v2\/posts\/43616\/revisions"}],"predecessor-version":[{"id":43619,"href":"https:\/\/historiografija.hr\/index.php?rest_route=\/wp\/v2\/posts\/43616\/revisions\/43619"}],"wp:featuredmedia":[{"embeddable":true,"href":"https:\/\/historiografija.hr\/index.php?rest_route=\/wp\/v2\/media\/43617"}],"wp:attachment":[{"href":"https:\/\/historiografija.hr\/index.php?rest_route=%2Fwp%2Fv2%2Fmedia&parent=43616"}],"wp:term":[{"taxonomy":"category","embeddable":true,"href":"https:\/\/historiografija.hr\/index.php?rest_route=%2Fwp%2Fv2%2Fcategories&post=43616"},{"taxonomy":"post_tag","embeddable":true,"href":"https:\/\/historiografija.hr\/index.php?rest_route=%2Fwp%2Fv2%2Ftags&post=43616"}],"curies":[{"name":"wp","href":"https:\/\/api.w.org\/{rel}","templated":true}]}}