{"id":43610,"date":"2024-11-27T17:45:12","date_gmt":"2024-11-27T17:45:12","guid":{"rendered":"http:\/\/historiografija.hr\/?p=43610"},"modified":"2024-11-27T17:46:12","modified_gmt":"2024-11-27T17:46:12","slug":"27-seminar-arhivi-knjiznice-muzeji-opisujemo-uvijek-i-zauvijek","status":"publish","type":"post","link":"https:\/\/historiografija.hr\/?p=43610","title":{"rendered":"27. seminar Arhivi, knji\u017enice, muzeji: Opisujemo, uvijek i zauvijek!"},"content":{"rendered":"\n<p>27. seminar Arhivi, knji\u017enice, muzeji odr\u017eava se 27. &#8211; 29. studenoga 2024. u Pore\u010du, s naslovom \u201eOpisujemo, uvijek i zauvijek!\u201c.<\/p>\n\n\n\n<hr class=\"wp-block-separator\"\/>\n\n\n\n<p><strong>Glavni organizator:<\/strong><\/p>\n\n\n\n<p>HRVATSKO ARHIVISTI\u010cKO DRU\u0160TVO<\/p>\n\n\n\n<p><strong>Organizatori:<\/strong><\/p>\n\n\n\n<p>Hrvatsko knji\u017eni\u010darsko dru\u0161tvo<\/p>\n\n\n\n<p>Hrvatsko muzejsko dru\u0161tvo<\/p>\n\n\n\n<p><strong>Suorganizatori:<\/strong><\/p>\n\n\n\n<p>Nacionalna i sveu\u010dili\u0161na knji\u017enica u Zagrebu<\/p>\n\n\n\n<p>Hrvatski dr\u017eavni arhiv, Zagreb<\/p>\n\n\n\n<p>Muzejski dokumentacijski centar, Zagreb<\/p>\n\n\n\n<p>Filozofski fakultet Sveu\u010dili\u0161ta u Zagrebu<\/p>\n\n\n\n<p><em>Odsjek za informacijske i komunikacijske znanosti<\/em><\/p>\n\n\n\n<p>Filozofski fakultet, Sveu\u010dili\u0161te J. J. Strossmayera, Osijek<\/p>\n\n\n\n<p><em>Odsjek za informacijske znanosti<\/em><\/p>\n\n\n\n<p>Sveu\u010dili\u0161te u Zadru<\/p>\n\n\n\n<p><em>Odjel za informacijske znanosti<\/em><\/p>\n\n\n\n<hr class=\"wp-block-separator\"\/>\n\n\n\n<p>Program:<\/p>\n\n\n\n<p><a href=\"http:\/\/www.arhiv.hr\/hr-hr\/Kulturno-prosvjetne-aktivnosti\/ArticleId\/1815\/oamid\/1633\">http:\/\/www.arhiv.hr\/hr-hr\/Kulturno-prosvjetne-aktivnosti\/ArticleId\/1815\/oamid\/1633<\/a><\/p>\n\n\n\n<hr class=\"wp-block-separator\"\/>\n","protected":false},"excerpt":{"rendered":"","protected":false},"author":2,"featured_media":43611,"comment_status":"open","ping_status":"open","sticky":false,"template":"","format":"standard","meta":{"_acf_changed":false,"jetpack_post_was_ever_published":false,"_jetpack_newsletter_access":"","_jetpack_dont_email_post_to_subs":false,"_jetpack_newsletter_tier_id":0,"_jetpack_memberships_contains_paywalled_content":false,"_jetpack_memberships_contains_paid_content":false,"footnotes":"","jetpack_publicize_message":"","jetpack_publicize_feature_enabled":true,"jetpack_social_post_already_shared":true,"jetpack_social_options":{"image_generator_settings":{"template":"highway","default_image_id":0,"font":"","enabled":false},"version":2}},"categories":[3,9],"tags":[],"class_list":["post-43610","post","type-post","status-publish","format-standard","has-post-thumbnail","hentry","category-novosti","category-skupovi"],"acf":{"facebook_opis":""},"jetpack_publicize_connections":[],"jetpack_featured_media_url":"https:\/\/i0.wp.com\/historiografija.hr\/wp-content\/uploads\/2024\/11\/AKM.png?fit=500%2C500&ssl=1","jetpack_sharing_enabled":true,"jetpack-related-posts":[],"_links":{"self":[{"href":"https:\/\/historiografija.hr\/index.php?rest_route=\/wp\/v2\/posts\/43610","targetHints":{"allow":["GET"]}}],"collection":[{"href":"https:\/\/historiografija.hr\/index.php?rest_route=\/wp\/v2\/posts"}],"about":[{"href":"https:\/\/historiografija.hr\/index.php?rest_route=\/wp\/v2\/types\/post"}],"author":[{"embeddable":true,"href":"https:\/\/historiografija.hr\/index.php?rest_route=\/wp\/v2\/users\/2"}],"replies":[{"embeddable":true,"href":"https:\/\/historiografija.hr\/index.php?rest_route=%2Fwp%2Fv2%2Fcomments&post=43610"}],"version-history":[{"count":2,"href":"https:\/\/historiografija.hr\/index.php?rest_route=\/wp\/v2\/posts\/43610\/revisions"}],"predecessor-version":[{"id":43613,"href":"https:\/\/historiografija.hr\/index.php?rest_route=\/wp\/v2\/posts\/43610\/revisions\/43613"}],"wp:featuredmedia":[{"embeddable":true,"href":"https:\/\/historiografija.hr\/index.php?rest_route=\/wp\/v2\/media\/43611"}],"wp:attachment":[{"href":"https:\/\/historiografija.hr\/index.php?rest_route=%2Fwp%2Fv2%2Fmedia&parent=43610"}],"wp:term":[{"taxonomy":"category","embeddable":true,"href":"https:\/\/historiografija.hr\/index.php?rest_route=%2Fwp%2Fv2%2Fcategories&post=43610"},{"taxonomy":"post_tag","embeddable":true,"href":"https:\/\/historiografija.hr\/index.php?rest_route=%2Fwp%2Fv2%2Ftags&post=43610"}],"curies":[{"name":"wp","href":"https:\/\/api.w.org\/{rel}","templated":true}]}}