{"id":43603,"date":"2024-11-27T17:22:42","date_gmt":"2024-11-27T17:22:42","guid":{"rendered":"http:\/\/historiografija.hr\/?p=43603"},"modified":"2024-11-27T17:22:42","modified_gmt":"2024-11-27T17:22:42","slug":"javno-predavanje-milana-radosevica-sudenje-generaciji-vodnjanski-antifasisti-na-specijalnom-sudu-1939-u-vodnjanu","status":"publish","type":"post","link":"https:\/\/historiografija.hr\/?p=43603","title":{"rendered":"Javno predavanje Milana Rado\u0161evi\u0107a \u201cSu\u0111enje generaciji: vodnjanski antifa\u0161isti na Specijalnom sudu 1939.\u201d u Vodnjanu"},"content":{"rendered":"\n<p>U petak, 29. studenoga 2024., s po\u010detkom u 18 sati u Sali za vjen\u010danja u Vodnjanu (Narodni trg) odr\u017eat \u0107e se predavanje dr. sc. Milana Rado\u0161evi\u0107a&nbsp; \u201cSu\u0111enje generaciji: vodnjanski antifa\u0161isti na Specijalnom sudu 1939.\u201d. Predavanje se odr\u017eava u okviru programa \u201cUpoznajmo Vodnjan \u2013 Conosciamo Dignano\u201d, s ciljem predstavljanja i popularizacije rezultata znanstvenih i stru\u010dnih istra\u017eivanja iz arheologije, povijesti, povijesti umjetnosti, etnologije, lingvistike, biologije te drugih znanstvenih i umjetni\u010dkih polja s podru\u010dja Grada Vodnjana. Organizatori su Grad Vodnjan \u2013 Dignano, Istarsko povijesno dru\u0161tvo \u2013 Societ\u00e0 Storica Istriana i Knji\u017enica Vodnjan \u2013 Biblioteca di Dignano.<\/p>\n\n\n\n<p>O predavanju:<\/p>\n\n\n\n<p>Grad Vodnjan od samih se po\u010detaka pozicionirao kao jedno od sredi\u0161ta antifa\u0161isti\u010dkog otpora u Istri: tragi\u010dni sukob iz 1920. godine, poznat kao \u201cVodnjanska bitka\u201d, ozna\u010dio je prve \u017ertve u srazu radni\u0161tva s karabinjerima i fa\u0161istima. Unato\u010d svoj surovosti fa\u0161isti\u010dkog re\u017eima tijekom naredna dva desetlje\u0107a, Vodnjanci, poput mnogih drugih Istrana, nisu odustajali od otpora i borbe za slobodu. Kako bi suzbila rastu\u0107i antifa\u0161isti\u010dki pokret, fa\u0161isti\u010dka vlast pod vodstvom Benita Mussolinija osnovala je 1926. godine Specijalni sud za za\u0161titu dr\u017eave (Tribunale Speciale per la Difesa dello Stato). Do 1943. godine pred ovim sudom osu\u0111eno je 182 stanovnika s podru\u010dja dana\u0161nje Istarske \u017eupanije i rije\u010dkog podru\u010dja. Zajedno su osu\u0111eni na ukupno 1517 godina zatvora, a petorica su pogubljena. Godine 1939., me\u0111u optu\u017eenicima su se, uz istaknute pulske komuniste poput Franje Nefata (budu\u0107eg gradona\u010delnika Pule), Bruna Kosa, Antuna Kapuralina i dr., na\u0161la i dvanaestorica Vodnjanaca. Osu\u0111eni su na vi\u0161egodi\u0161nje kazne zbog \u201csudjelovanja u komunisti\u010dkoj organizaciji i propagandi\u201d, odnosno umno\u017eavanja i distribucije ilegalnih letaka kojima su se protivili talijanskoj podr\u0161ci nacionalisti\u010dko-fa\u0161isti\u010dkim snagama generala Francisca Franca u \u0160panjolskom gra\u0111anskom ratu. Nakon odslu\u017eenja kazni i povratku u Istru pridru\u017eili su se NOB-u do kona\u010dnog oslobo\u0111enja.<\/p>\n\n\n\n<p>O predava\u010d:<\/p>\n\n\n\n<p>Dr. sc. Milan Rado\u0161evi\u0107 (Pula, 1983.), vi\u0161i znanstveni suradnik Zavoda za povijesne i dru\u0161tvene znanosti HAZU u Rijeci, Podru\u010dne jedinice u Puli. U okviru znanstvenoga i stru\u010dnog djelovanja prou\u010dava povijest Istre i Kvarnerskog primorja u XX. stolje\u0107u, posebno politi\u010dku povijest s naglaskom na antifa\u0161izam te socijalnu povijest s naglaskom na javnozdravstvene procese. Ve\u0107 dvadesetak godina aktivno prati i promi\u010de kori\u0161tenje digitalnih alata u historiografiji, kako u istra\u017eiva\u010dkom tako i u popularizacijskom aspektu. Sudjelovao u vi\u0161e bilateralnih znanstvenoistra\u017eiva\u010dkih projekata te bio suvoditeljem projekta \u201eStolje\u0107e europskog antifa\u0161izma. Istra izme\u0111u lokalnog i globalnog\u201c te \u201cDigitalizacija historiografske literature\u201d.. Objavio je tri autorske i tri uredni\u010dke knjige te stotinjak stru\u010dnih i znanstvenih radova, osvrta, priop\u0107enja, prikaza, kataloga izlo\u017ebi. Autor je koncepta i postava Memorijalne ku\u0107e Joakima Rakovca. Vanjski je suradnik na doktorskim studijima na Sveu\u010dili\u0161tu u Kopru (Univerza na Primorskem), Sveu\u010dili\u0161tu u Zagrebu i Sveu\u010dili\u0161tu u Dubrovniku pri komentoriranju te ocjenjivanju doktorskih radova kandidata. Suosniva\u010d je i predstavnik Istarskog povijesnog dru\u0161tva.<\/p>\n\n\n\n<p><a href=\"https:\/\/ipd-ssi.hr\/wp-content\/uploads\/2024\/11\/Pozivnica-Invito.pdf\">Pozivnica \u2013 Invito<\/a><\/p>\n\n\n\n<hr class=\"wp-block-separator\"\/>\n\n\n\n<p>Izvor:<\/p>\n\n\n\n<figure class=\"wp-block-embed-wordpress wp-block-embed is-type-wp-embed is-provider-istarsko-povijesno-drustvo-societa-storica-istriana\"><div class=\"wp-block-embed__wrapper\">\n<blockquote class=\"wp-embedded-content\" data-secret=\"5daJ4gOdYQ\"><a href=\"https:\/\/ipd-ssi.hr\/2024\/11\/22\/javno-predavanje-milana-radosevica-sudenje-generaciji-vodnjanski-antifasisti-na-specijalnom-sudu-1939-u-vodnjanu\/\">Javno predavanje Milana Rado\u0161evi\u0107a\u00a0&#8220;Su\u0111enje generaciji: vodnjanski antifa\u0161isti na Specijalnom sudu 1939.&#8221; u Vodnjanu<\/a><\/blockquote><iframe loading=\"lazy\" class=\"wp-embedded-content\" sandbox=\"allow-scripts\" security=\"restricted\" style=\"position: absolute; clip: rect(1px, 1px, 1px, 1px);\" title=\"&#8220;Javno predavanje Milana Rado\u0161evi\u0107a\u00a0&#8220;Su\u0111enje generaciji: vodnjanski antifa\u0161isti na Specijalnom sudu 1939.&#8221; u Vodnjanu&#8221; &#8212; Istarsko povijesno dru\u0161tvo - Societ\u00e0 Storica Istriana\" src=\"https:\/\/ipd-ssi.hr\/2024\/11\/22\/javno-predavanje-milana-radosevica-sudenje-generaciji-vodnjanski-antifasisti-na-specijalnom-sudu-1939-u-vodnjanu\/embed\/#?secret=Oo7mFejtKG#?secret=5daJ4gOdYQ\" data-secret=\"5daJ4gOdYQ\" width=\"600\" height=\"338\" frameborder=\"0\" marginwidth=\"0\" marginheight=\"0\" scrolling=\"no\"><\/iframe>\n<\/div><\/figure>\n\n\n\n<hr class=\"wp-block-separator\"\/>\n","protected":false},"excerpt":{"rendered":"","protected":false},"author":2,"featured_media":43604,"comment_status":"open","ping_status":"open","sticky":false,"template":"","format":"standard","meta":{"_acf_changed":false,"jetpack_post_was_ever_published":false,"_jetpack_newsletter_access":"","_jetpack_dont_email_post_to_subs":false,"_jetpack_newsletter_tier_id":0,"_jetpack_memberships_contains_paywalled_content":false,"_jetpack_memberships_contains_paid_content":false,"footnotes":"","jetpack_publicize_message":"","jetpack_publicize_feature_enabled":true,"jetpack_social_post_already_shared":true,"jetpack_social_options":{"image_generator_settings":{"template":"highway","default_image_id":0,"font":"","enabled":false},"version":2}},"categories":[3],"tags":[],"class_list":["post-43603","post","type-post","status-publish","format-standard","has-post-thumbnail","hentry","category-novosti"],"acf":{"facebook_opis":""},"jetpack_publicize_connections":[],"jetpack_featured_media_url":"https:\/\/i0.wp.com\/historiografija.hr\/wp-content\/uploads\/2024\/11\/Predavanje.jpg?fit=508%2C266&ssl=1","jetpack_sharing_enabled":true,"jetpack-related-posts":[{"id":52669,"url":"https:\/\/historiografija.hr\/?p=52669","url_meta":{"origin":43603,"position":0},"title":"Predavanje Igora Dude &#8220;Odmor kao \u017eivotna potreba: o slobodnom vremenu u socijalisti\u010dkoj Jugoslaviji&#8221;","author":"Branimir Jankovi\u0107","date":"27. travnja 2026.","format":false,"excerpt":"U sklopu proljetnog ciklusa programa\u00a0Kriti\u010dka dramaturgija: pauza, u\u00a0subotu, 25. travnja 2026. u 19 sati\u00a0u prostoru Udru\u017eenja hrvatskih arhitekata povjesni\u010dar Igor Duda\u00a0odr\u017eao je predavanje naslovljeno\u00a0Odmor kao \u017eivotna potreba: o slobodnom vremenu u socijalisti\u010dkoj Jugoslaviji. Industrijalizacija i urbanizacija dru\u0161tava u povijesti su zna\u010dile i prelazak s predindustrijskog na industrijsko shva\u0107anje vremena. Ono\u2026","rel":"","context":"U &quot;Novosti&quot;","block_context":{"text":"Novosti","link":"https:\/\/historiografija.hr\/?cat=3"},"img":{"alt_text":"","src":"https:\/\/i0.wp.com\/historiografija.hr\/wp-content\/uploads\/2026\/04\/Duda.png?fit=1200%2C628&ssl=1&resize=350%2C200","width":350,"height":200,"srcset":"https:\/\/i0.wp.com\/historiografija.hr\/wp-content\/uploads\/2026\/04\/Duda.png?fit=1200%2C628&ssl=1&resize=350%2C200 1x, https:\/\/i0.wp.com\/historiografija.hr\/wp-content\/uploads\/2026\/04\/Duda.png?fit=1200%2C628&ssl=1&resize=525%2C300 1.5x, https:\/\/i0.wp.com\/historiografija.hr\/wp-content\/uploads\/2026\/04\/Duda.png?fit=1200%2C628&ssl=1&resize=700%2C400 2x, https:\/\/i0.wp.com\/historiografija.hr\/wp-content\/uploads\/2026\/04\/Duda.png?fit=1200%2C628&ssl=1&resize=1050%2C600 3x"},"classes":[]},{"id":52654,"url":"https:\/\/historiografija.hr\/?p=52654","url_meta":{"origin":43603,"position":1},"title":"Gostuju\u0107e predavanje &#8211; Danijel D\u017eino \u201eKasnoanti\u010dke i ranosrednjovjekovne gra\u0111evine u Brezi: Spomenici nepotpune biografije\u201c","author":"Branimir Jankovi\u0107","date":"24. travnja 2026.","format":false,"excerpt":"Doktorski studij predmoderne povijesti poziva na predavanje \"Kasnoanti\u010dke i ranosrednjovjekovne gra\u0111evine u Brezi: Spomenici nepotpune biografije\u201d koje \u0107e odr\u017eati profesor Danijel D\u017eino sa Sveu\u010dili\u0161ta Macquarie u Sydneyu u\u00a0utorak 28. travnja 2026. u 17h u Konferencijskoj dvorani Knji\u017enice Filozofskog fakulteta u Zagrebu. Predavanje \u0107e predo\u010diti nova saznanja dobivena kroz arhivsko-dokumentarna istra\u017eivanja\u2026","rel":"","context":"U &quot;Novosti&quot;","block_context":{"text":"Novosti","link":"https:\/\/historiografija.hr\/?cat=3"},"img":{"alt_text":"","src":"https:\/\/i0.wp.com\/historiografija.hr\/wp-content\/uploads\/2026\/04\/Dzino.jpg?fit=980%2C819&ssl=1&resize=350%2C200","width":350,"height":200,"srcset":"https:\/\/i0.wp.com\/historiografija.hr\/wp-content\/uploads\/2026\/04\/Dzino.jpg?fit=980%2C819&ssl=1&resize=350%2C200 1x, https:\/\/i0.wp.com\/historiografija.hr\/wp-content\/uploads\/2026\/04\/Dzino.jpg?fit=980%2C819&ssl=1&resize=525%2C300 1.5x, https:\/\/i0.wp.com\/historiografija.hr\/wp-content\/uploads\/2026\/04\/Dzino.jpg?fit=980%2C819&ssl=1&resize=700%2C400 2x"},"classes":[]},{"id":52752,"url":"https:\/\/historiografija.hr\/?p=52752","url_meta":{"origin":43603,"position":2},"title":"Otvaranje izlo\u017ebe &#8220;Hrvati na So\u010danskom frontu&#8221; i predavanje &#8220;So\u010danska fronta u Prvome svjetskom ratu&#8221;","author":"Filip \u0160imunjak","date":"30. travnja 2026.","format":false,"excerpt":"Otvaranje izlo\u017ebe \u201eHrvati na So\u010danskom frontu\u201c, Kobari\u0161ki muzej Prvog svjetskog rata, Kobarid, odr\u017eat \u0107e se u sklopu ovogodi\u0161njega Festivala povijesti Kliofest u Nacionalnoj i sveu\u010dili\u0161noj knji\u017enici u Zagrebu, u utorak 5. svibnja, s po\u010detkom u 10 sati, uz sudjelovanje: Ga\u0161pera Dov\u017eana, veleposlanika Republike Slovenije u RH, te Martina \u0160olara, direktora\u2026","rel":"","context":"U &quot;Izlo\u017ebe&quot;","block_context":{"text":"Izlo\u017ebe","link":"https:\/\/historiografija.hr\/?cat=10"},"img":{"alt_text":"","src":"https:\/\/i0.wp.com\/historiografija.hr\/wp-content\/uploads\/2026\/04\/Kliofest-01-utorak-II-08-P-Socanska-fronta.jpg?fit=1200%2C566&ssl=1&resize=350%2C200","width":350,"height":200,"srcset":"https:\/\/i0.wp.com\/historiografija.hr\/wp-content\/uploads\/2026\/04\/Kliofest-01-utorak-II-08-P-Socanska-fronta.jpg?fit=1200%2C566&ssl=1&resize=350%2C200 1x, https:\/\/i0.wp.com\/historiografija.hr\/wp-content\/uploads\/2026\/04\/Kliofest-01-utorak-II-08-P-Socanska-fronta.jpg?fit=1200%2C566&ssl=1&resize=525%2C300 1.5x, https:\/\/i0.wp.com\/historiografija.hr\/wp-content\/uploads\/2026\/04\/Kliofest-01-utorak-II-08-P-Socanska-fronta.jpg?fit=1200%2C566&ssl=1&resize=700%2C400 2x, https:\/\/i0.wp.com\/historiografija.hr\/wp-content\/uploads\/2026\/04\/Kliofest-01-utorak-II-08-P-Socanska-fronta.jpg?fit=1200%2C566&ssl=1&resize=1050%2C600 3x"},"classes":[]},{"id":52619,"url":"https:\/\/historiografija.hr\/?p=52619","url_meta":{"origin":43603,"position":3},"title":"Predavanje \u0110ur\u0111ice Vitkovi\u0107 &#8220;Izme\u0111u pera i objektiva: Zagorka i Foto Tonka&#8221;","author":"Branimir Jankovi\u0107","date":"23. travnja 2026.","format":false,"excerpt":"Memorijalni stan Marije Juri\u0107 Zagorke poziva Vas na predavanje \u0110ur\u0111ice Vitkovi\u0107 \u201eIzme\u0111u pera i objektiva: Zagorka i Foto Tonka\u201c koje \u0107e se odr\u017eati u utorak, 28. travnja 2026. s po\u010detkom u 18 h u sklopu Ciklusa predavanja u Memorijalnom stanu Marije Juri\u0107 Zagorke. Kako su se susrele knji\u017eevnost i fotografija\u2026","rel":"","context":"U &quot;Novosti&quot;","block_context":{"text":"Novosti","link":"https:\/\/historiografija.hr\/?cat=3"},"img":{"alt_text":"","src":"https:\/\/i0.wp.com\/historiografija.hr\/wp-content\/uploads\/2024\/11\/Zagorka_ciklus.jpg?fit=1200%2C1006&ssl=1&resize=350%2C200","width":350,"height":200,"srcset":"https:\/\/i0.wp.com\/historiografija.hr\/wp-content\/uploads\/2024\/11\/Zagorka_ciklus.jpg?fit=1200%2C1006&ssl=1&resize=350%2C200 1x, https:\/\/i0.wp.com\/historiografija.hr\/wp-content\/uploads\/2024\/11\/Zagorka_ciklus.jpg?fit=1200%2C1006&ssl=1&resize=525%2C300 1.5x, https:\/\/i0.wp.com\/historiografija.hr\/wp-content\/uploads\/2024\/11\/Zagorka_ciklus.jpg?fit=1200%2C1006&ssl=1&resize=700%2C400 2x, https:\/\/i0.wp.com\/historiografija.hr\/wp-content\/uploads\/2024\/11\/Zagorka_ciklus.jpg?fit=1200%2C1006&ssl=1&resize=1050%2C600 3x"},"classes":[]},{"id":52496,"url":"https:\/\/historiografija.hr\/?p=52496","url_meta":{"origin":43603,"position":4},"title":"30 godina Podru\u017enice \u2013 Javno predavanje Matea \u010calu\u0161i\u0107a \u201eSlavonski Brod u Domovinskom ratu\u201c","author":"Branimir Jankovi\u0107","date":"17. travnja 2026.","format":false,"excerpt":"U 2026. navr\u0161ava se trideset godina od osnutka Podru\u017enice za povijest Slavonije, Srijema i Baranje Hrvatskoga instituta za povijest. Obilje\u017eavanje ove zna\u010dajne obljetnice zapo\u010dinje ciklusom javnih povijesnih predavanja znanstvenika Instituta. Tre\u0107e po redu je predavanje Matea \u010calu\u0161i\u0107a \u2013 \u201eSLAVONSKI BROD U DOMOVINSKOM RATU\u201c. Predavanje \u0107e se odr\u017eati 21. travnja 2026.\u2026","rel":"","context":"U &quot;Novosti&quot;","block_context":{"text":"Novosti","link":"https:\/\/historiografija.hr\/?cat=3"},"img":{"alt_text":"","src":"https:\/\/i0.wp.com\/historiografija.hr\/wp-content\/uploads\/2026\/04\/Predavanje-Calusic.png?fit=860%2C1200&ssl=1&resize=350%2C200","width":350,"height":200,"srcset":"https:\/\/i0.wp.com\/historiografija.hr\/wp-content\/uploads\/2026\/04\/Predavanje-Calusic.png?fit=860%2C1200&ssl=1&resize=350%2C200 1x, https:\/\/i0.wp.com\/historiografija.hr\/wp-content\/uploads\/2026\/04\/Predavanje-Calusic.png?fit=860%2C1200&ssl=1&resize=525%2C300 1.5x, https:\/\/i0.wp.com\/historiografija.hr\/wp-content\/uploads\/2026\/04\/Predavanje-Calusic.png?fit=860%2C1200&ssl=1&resize=700%2C400 2x"},"classes":[]},{"id":52547,"url":"https:\/\/historiografija.hr\/?p=52547","url_meta":{"origin":43603,"position":5},"title":"ISHA Zagreb \u2013 Filmska ve\u010der: Povratak Martina Guerrea","author":"Branimir Jankovi\u0107","date":"20. travnja 2026.","format":false,"excerpt":"Klub studenata povijesti \u2013 ISHA Zagreb poziva Vas na filmsku ve\u010der na kojoj \u0107e se prikazivati \u201ePovratak Martina Guerrea\u201c, povijesna drama iz 1982. godine s radnjom smje\u0161tenom u 16. stolje\u0107u. Radnja je utemeljena na stvarnoj povijesnoj li\u010dnosti Martina Guerrea koji se nakon mnogo godina izbivanja vra\u0107a u svoje rodno mjesto\u2026","rel":"","context":"U &quot;Filmovi i serije&quot;","block_context":{"text":"Filmovi i serije","link":"https:\/\/historiografija.hr\/?cat=13"},"img":{"alt_text":"","src":"https:\/\/i0.wp.com\/historiografija.hr\/wp-content\/uploads\/2026\/04\/M-Guerre.png?fit=702%2C1006&ssl=1&resize=350%2C200","width":350,"height":200,"srcset":"https:\/\/i0.wp.com\/historiografija.hr\/wp-content\/uploads\/2026\/04\/M-Guerre.png?fit=702%2C1006&ssl=1&resize=350%2C200 1x, https:\/\/i0.wp.com\/historiografija.hr\/wp-content\/uploads\/2026\/04\/M-Guerre.png?fit=702%2C1006&ssl=1&resize=525%2C300 1.5x, https:\/\/i0.wp.com\/historiografija.hr\/wp-content\/uploads\/2026\/04\/M-Guerre.png?fit=702%2C1006&ssl=1&resize=700%2C400 2x"},"classes":[]}],"_links":{"self":[{"href":"https:\/\/historiografija.hr\/index.php?rest_route=\/wp\/v2\/posts\/43603","targetHints":{"allow":["GET"]}}],"collection":[{"href":"https:\/\/historiografija.hr\/index.php?rest_route=\/wp\/v2\/posts"}],"about":[{"href":"https:\/\/historiografija.hr\/index.php?rest_route=\/wp\/v2\/types\/post"}],"author":[{"embeddable":true,"href":"https:\/\/historiografija.hr\/index.php?rest_route=\/wp\/v2\/users\/2"}],"replies":[{"embeddable":true,"href":"https:\/\/historiografija.hr\/index.php?rest_route=%2Fwp%2Fv2%2Fcomments&post=43603"}],"version-history":[{"count":1,"href":"https:\/\/historiografija.hr\/index.php?rest_route=\/wp\/v2\/posts\/43603\/revisions"}],"predecessor-version":[{"id":43605,"href":"https:\/\/historiografija.hr\/index.php?rest_route=\/wp\/v2\/posts\/43603\/revisions\/43605"}],"wp:featuredmedia":[{"embeddable":true,"href":"https:\/\/historiografija.hr\/index.php?rest_route=\/wp\/v2\/media\/43604"}],"wp:attachment":[{"href":"https:\/\/historiografija.hr\/index.php?rest_route=%2Fwp%2Fv2%2Fmedia&parent=43603"}],"wp:term":[{"taxonomy":"category","embeddable":true,"href":"https:\/\/historiografija.hr\/index.php?rest_route=%2Fwp%2Fv2%2Fcategories&post=43603"},{"taxonomy":"post_tag","embeddable":true,"href":"https:\/\/historiografija.hr\/index.php?rest_route=%2Fwp%2Fv2%2Ftags&post=43603"}],"curies":[{"name":"wp","href":"https:\/\/api.w.org\/{rel}","templated":true}]}}