{"id":43600,"date":"2024-11-27T17:15:24","date_gmt":"2024-11-27T17:15:24","guid":{"rendered":"http:\/\/historiografija.hr\/?p=43600"},"modified":"2024-11-27T17:15:24","modified_gmt":"2024-11-27T17:15:24","slug":"prikazivanje-dokumentarnog-filma-stope-sarajevskog-atentata","status":"publish","type":"post","link":"https:\/\/historiografija.hr\/?p=43600","title":{"rendered":"Prikazivanje dokumentarnog filma \u201eStope Sarajevskog atentata\u201c"},"content":{"rendered":"\n<p>Federalna televizija po\u010dinje prikazivati dokumentarni film Elme Kazagi\u0107 o Sarajevskom atentatu.<\/p>\n\n\n\n<p>Niz je kontroverzi u vezi sa Sarajevskim atentatom koje se provla\u010de jo\u0161 od 1914.godine i trenutka kada je Gavrilo Princip ubio austrougarskg prijestolonasljednika, nadvojvodu Franju Ferdinanda i njegovu suprugu Sofiju. Upravo te kontroverze, \u010dak 100.000 razli\u010ditih dokumenata o Sarajevskom atentatu, razli\u010dita tuma\u010denja historije, pisanja svojih istina, pro\u0161lost koja dijeli sada\u0161njost, razli\u010dita poimanja o Mladoj Bosni i Gavrilu Principu, \u0161to se kroz decenije mjenjalo kako vrijeme prolazi, vlasti name\u0107u, a narod propagira, uz nikad objavljene arhivske zapise ili neke malo poznate detalje o cijelom slu\u010daju,bili su povod za produkciju dokumentarnog filma <em>Stope sarajevskog atentata<\/em> koji potpisuje autorka Elma Kazagi\u0107.<\/p>\n\n\n\n<p>Kako je kroz 110 godina ime Gavrila Principa i Mlade Bosne tretirano, kako je sagledana pozadina sarajevskog atentata na Ferdinanda, je li uloga Apisa i Crne ruke bila bezazlena, ko precizira da su religija i politika podijelili Mladobosance, ko \u201cideolo\u0161kim ludilom\u201d ocjenjuje prisutne poku\u0161aje promjene historije, ko\u010de li nas stope sarajevskog atentata u hodu ka budu\u0107nosti, saznajete od sagovornika u filmu koji svojim izjavama bogate ovo djelo, a govore: Dubravka Stojanovi\u0107, Zijad \u0160ehi\u0107, Slobodan \u0160oja, Husnija Kamberovi\u0107, Draga Mastilovi\u0107, Hrvoje Klasi\u0107, Mirsad Avdi\u0107, Nerzuk \u0106urak, Dino Mustafi\u0107, Dino Abazovi\u0107.&nbsp;<\/p>\n\n\n\n<p>Dokumentarni film je ra\u0111en u dva dijela. Prvi dio bit \u0107e emitiran 28. novembra 2024. u okviru Dokumentarnog \u010detvrtka FTV u 20.40 min. Drugi dio je 5. decembra 2024. u isto vrijeme.<\/p>\n\n\n\n<hr class=\"wp-block-separator\"\/>\n\n\n\n<p>Izvor i dodatne obavijesti:<\/p>\n\n\n\n<p><a href=\"https:\/\/historiografija.ba\/historija-u-javnosti\/dogadjaji\/stope-sarajevskog-atentata\">https:\/\/historiografija.ba\/historija-u-javnosti\/dogadjaji\/stope-sarajevskog-atentata<\/a><\/p>\n\n\n\n<p><a href=\"https:\/\/www.federalna.ba\/dokumentarni-cetvrtak-stope-sarajevskog-atentata-dokumentarni-film-cetvrtak-u-2040-1-dio-dtvcw\">https:\/\/www.federalna.ba\/dokumentarni-cetvrtak-stope-sarajevskog-atentata-dokumentarni-film-cetvrtak-u-2040-1-dio-dtvcw<\/a><\/p>\n\n\n\n<hr class=\"wp-block-separator\"\/>\n","protected":false},"excerpt":{"rendered":"","protected":false},"author":2,"featured_media":43601,"comment_status":"open","ping_status":"open","sticky":false,"template":"","format":"standard","meta":{"_acf_changed":false,"jetpack_post_was_ever_published":false,"_jetpack_newsletter_access":"","_jetpack_dont_email_post_to_subs":false,"_jetpack_newsletter_tier_id":0,"_jetpack_memberships_contains_paywalled_content":false,"_jetpack_memberships_contains_paid_content":false,"footnotes":"","jetpack_publicize_message":"","jetpack_publicize_feature_enabled":true,"jetpack_social_post_already_shared":true,"jetpack_social_options":{"image_generator_settings":{"template":"highway","default_image_id":0,"font":"","enabled":false},"version":2}},"categories":[13,3],"tags":[],"class_list":["post-43600","post","type-post","status-publish","format-standard","has-post-thumbnail","hentry","category-filmovi-i-serije","category-novosti"],"acf":{"facebook_opis":""},"jetpack_publicize_connections":[],"jetpack_featured_media_url":"https:\/\/i0.wp.com\/historiografija.hr\/wp-content\/uploads\/2024\/11\/stope-sarajevskog-atentata.jpg?fit=554%2C294&ssl=1","jetpack_sharing_enabled":true,"jetpack-related-posts":[],"_links":{"self":[{"href":"https:\/\/historiografija.hr\/index.php?rest_route=\/wp\/v2\/posts\/43600","targetHints":{"allow":["GET"]}}],"collection":[{"href":"https:\/\/historiografija.hr\/index.php?rest_route=\/wp\/v2\/posts"}],"about":[{"href":"https:\/\/historiografija.hr\/index.php?rest_route=\/wp\/v2\/types\/post"}],"author":[{"embeddable":true,"href":"https:\/\/historiografija.hr\/index.php?rest_route=\/wp\/v2\/users\/2"}],"replies":[{"embeddable":true,"href":"https:\/\/historiografija.hr\/index.php?rest_route=%2Fwp%2Fv2%2Fcomments&post=43600"}],"version-history":[{"count":1,"href":"https:\/\/historiografija.hr\/index.php?rest_route=\/wp\/v2\/posts\/43600\/revisions"}],"predecessor-version":[{"id":43602,"href":"https:\/\/historiografija.hr\/index.php?rest_route=\/wp\/v2\/posts\/43600\/revisions\/43602"}],"wp:featuredmedia":[{"embeddable":true,"href":"https:\/\/historiografija.hr\/index.php?rest_route=\/wp\/v2\/media\/43601"}],"wp:attachment":[{"href":"https:\/\/historiografija.hr\/index.php?rest_route=%2Fwp%2Fv2%2Fmedia&parent=43600"}],"wp:term":[{"taxonomy":"category","embeddable":true,"href":"https:\/\/historiografija.hr\/index.php?rest_route=%2Fwp%2Fv2%2Fcategories&post=43600"},{"taxonomy":"post_tag","embeddable":true,"href":"https:\/\/historiografija.hr\/index.php?rest_route=%2Fwp%2Fv2%2Ftags&post=43600"}],"curies":[{"name":"wp","href":"https:\/\/api.w.org\/{rel}","templated":true}]}}