{"id":43592,"date":"2024-11-27T16:57:29","date_gmt":"2024-11-27T16:57:29","guid":{"rendered":"http:\/\/historiografija.hr\/?p=43592"},"modified":"2024-11-27T16:57:58","modified_gmt":"2024-11-27T16:57:58","slug":"izlozba-tekuci-prostori-karte-dunavskog-prostora-1650-1800-u-muzeju-slavonije","status":"publish","type":"post","link":"https:\/\/historiografija.hr\/?p=43592","title":{"rendered":"Izlo\u017eba \u201cTeku\u0107i prostori. Karte dunavskog prostora 1650.-1800.\u201c u Muzeju Slavonije"},"content":{"rendered":"\n<p>Izlo\u017eba \u201cTeku\u0107i prostori\u201d prikazuje razvoj kartografije dunavskog podru\u010dja od 1650. do 1800. godine. Glavna tema izlo\u017ebe privla\u010di pa\u017enju jer se radi o podru\u010dju od velikog geografskog i povijesnog zna\u010daja za Hrvatsku. Djela kartografa su donijela sliku nepoznatih krajolika i stvorila nove regije. Dunav je bio povezuju\u0107i element koji je osvojena podru\u010dja u ratovima s Osmanlijama u 18. stolje\u0107u pretvorio u jedinstveni europski prostor: od izvora rijeke kod Donaueschingena do u\u0161\u0107a u Crno more.<\/p>\n\n\n\n<p>Temelj prezentacije \u010dini opse\u017ena zbirka karata i planova koju su badenski markgrofovi izradili u vojne svrhe. U to vrijeme, uz politi\u010dke, doga\u0111aju se i epohalne promjene u kartografiji potaknute razvojem znanosti. Planovi se po\u010dinju izra\u0111ivati u mjerilu, na geodetskoj tj. matemati\u010dkoj osnovi, \u010dega su rezultat objektivni, a ne umjetni\u010dki prikazi naselja. S obzirom na slabu razvijenost vojne kartografije i vojno-in\u017eenjerske struke u habsbur\u0161koj vojsci tijekom Velikog be\u010dkog rata (1683.-1699.) ne \u010dudi kako su autori prvih planova na\u0161ih gradova francuski in\u017eenjeri u slu\u017ebi Monarhije. Jedan od prire\u0111iva\u010da izlo\u017ebe \u2013 Generallandesarchiv Karlsruhe, institucija je u kojoj se \u010duvaju ti najstariji moderni planovi gradova Osijeka, Vukovara i Iloka nastali odmah po oslobo\u0111enju od osmanske vlasti. Ovaj veliki kulturni i tehni\u010dki napredak za cijelu Monarhiju jedan je od glavnih podsadr\u017eaja ilustriranih na izlo\u017ebi.<\/p>\n\n\n\n<p>Vremenski okvir ove izlo\u017ebe je tako\u0111er vrlo va\u017ean. Radi se o prijelomnom razdoblju u povijesti Slavonije i Srijema u kojem dolazi do oslobo\u0111enja od osmanske vlasti, refeudalizacije, izgradnje tvr\u0111ava i gradova, nove mre\u017ee naselja i promjena u agrarnom pejza\u017eu do te mjere da je onda\u0161nja slika prostora u konturama sa\u010duvana i prepoznatljiva do danas.<\/p>\n\n\n\n<p>Izlo\u017eba desetine karata \u2013 bile one tiskane ili ru\u010dno ra\u0111ene, napravljene mjerenjem i vjerodostojne ili samo na temelju informacija s nepoznatog terena \u2013 pokazuje svu rasko\u0161 tzv. barokne kartografije, te donosi neke raritetne i nikad prije izlaganih karte.<\/p>\n\n\n\n<p>Izlo\u017eba je zajedni\u010dki projekt Dr\u017eavnog arhiva Baden-W\u00fcrttemberga i Instituta za podunavsku \u0161vapsku povijest i regionalnu znanost u T\u00fcbingenu. Uz eksponate iz zbirki projektnih partnera, izlo\u017ebu oboga\u0107uju i eksponati privatnih donatora. Nakon otvaranja u Karlsruheu, me\u0111unarodna je putuju\u0107a izlo\u017eba posjetila brojne gradove dunavskog podru\u010dja u Austriji, Ma\u0111arskoj, Rumunjskoj, a sada je i u Hrvatskoj.<\/p>\n\n\n\n<p>Izlo\u017eba poziva na putovanje u \u010desto \u201enepoznatu\u201c Europu te postavlja pitanje \u0161to danas smatramo Europom i s kojim slikama povezujemo pojedine regije u ovom \u201ezajedni\u010dkom domu\u201c.<\/p>\n\n\n\n<hr class=\"wp-block-separator\"\/>\n\n\n\n<div class=\"wp-block-file\"><a href=\"https:\/\/historiografija.hr\/wp-content\/uploads\/2024\/11\/deplijan.pdf\">deplijan<\/a><a href=\"https:\/\/historiografija.hr\/wp-content\/uploads\/2024\/11\/deplijan.pdf\" class=\"wp-block-file__button\" download>Preuzmi<\/a><\/div>\n\n\n\n<hr class=\"wp-block-separator\"\/>\n\n\n\n<p>Izvor i dodatne informacije:<\/p>\n\n\n\n<figure class=\"wp-block-embed-wordpress wp-block-embed is-type-wp-embed is-provider-muzej-slavonije\"><div class=\"wp-block-embed__wrapper\">\n<blockquote class=\"wp-embedded-content\" data-secret=\"WjaYwaGpY8\"><a href=\"https:\/\/mso.hr\/aktualne-izlozbe\/tekuci-prostori\/\">&#8220;TEKU\u0106I PROSTORI&#8221;<\/a><\/blockquote><iframe loading=\"lazy\" class=\"wp-embedded-content\" sandbox=\"allow-scripts\" security=\"restricted\" style=\"position: absolute; clip: rect(1px, 1px, 1px, 1px);\" title=\"&#8220;&#8220;TEKU\u0106I PROSTORI&#8221;&#8221; &#8212; Muzej Slavonije\" src=\"https:\/\/mso.hr\/aktualne-izlozbe\/tekuci-prostori\/embed\/#?secret=ZgAt1SOzRM#?secret=WjaYwaGpY8\" data-secret=\"WjaYwaGpY8\" width=\"600\" height=\"338\" frameborder=\"0\" marginwidth=\"0\" marginheight=\"0\" scrolling=\"no\"><\/iframe>\n<\/div><\/figure>\n\n\n\n<hr class=\"wp-block-separator\"\/>\n","protected":false},"excerpt":{"rendered":"","protected":false},"author":2,"featured_media":43594,"comment_status":"open","ping_status":"open","sticky":false,"template":"","format":"standard","meta":{"_acf_changed":false,"jetpack_post_was_ever_published":false,"_jetpack_newsletter_access":"","_jetpack_dont_email_post_to_subs":false,"_jetpack_newsletter_tier_id":0,"_jetpack_memberships_contains_paywalled_content":false,"_jetpack_memberships_contains_paid_content":false,"footnotes":"","jetpack_publicize_message":"","jetpack_publicize_feature_enabled":true,"jetpack_social_post_already_shared":true,"jetpack_social_options":{"image_generator_settings":{"template":"highway","default_image_id":0,"font":"","enabled":false},"version":2}},"categories":[10,3],"tags":[],"class_list":["post-43592","post","type-post","status-publish","format-standard","has-post-thumbnail","hentry","category-izlozbe","category-novosti"],"acf":{"facebook_opis":""},"jetpack_publicize_connections":[],"jetpack_featured_media_url":"https:\/\/i0.wp.com\/historiografija.hr\/wp-content\/uploads\/2024\/11\/Teku%C4%87i_prostori.jpg?fit=1920%2C1080&ssl=1","jetpack_sharing_enabled":true,"jetpack-related-posts":[],"_links":{"self":[{"href":"https:\/\/historiografija.hr\/index.php?rest_route=\/wp\/v2\/posts\/43592","targetHints":{"allow":["GET"]}}],"collection":[{"href":"https:\/\/historiografija.hr\/index.php?rest_route=\/wp\/v2\/posts"}],"about":[{"href":"https:\/\/historiografija.hr\/index.php?rest_route=\/wp\/v2\/types\/post"}],"author":[{"embeddable":true,"href":"https:\/\/historiografija.hr\/index.php?rest_route=\/wp\/v2\/users\/2"}],"replies":[{"embeddable":true,"href":"https:\/\/historiografija.hr\/index.php?rest_route=%2Fwp%2Fv2%2Fcomments&post=43592"}],"version-history":[{"count":2,"href":"https:\/\/historiografija.hr\/index.php?rest_route=\/wp\/v2\/posts\/43592\/revisions"}],"predecessor-version":[{"id":43596,"href":"https:\/\/historiografija.hr\/index.php?rest_route=\/wp\/v2\/posts\/43592\/revisions\/43596"}],"wp:featuredmedia":[{"embeddable":true,"href":"https:\/\/historiografija.hr\/index.php?rest_route=\/wp\/v2\/media\/43594"}],"wp:attachment":[{"href":"https:\/\/historiografija.hr\/index.php?rest_route=%2Fwp%2Fv2%2Fmedia&parent=43592"}],"wp:term":[{"taxonomy":"category","embeddable":true,"href":"https:\/\/historiografija.hr\/index.php?rest_route=%2Fwp%2Fv2%2Fcategories&post=43592"},{"taxonomy":"post_tag","embeddable":true,"href":"https:\/\/historiografija.hr\/index.php?rest_route=%2Fwp%2Fv2%2Ftags&post=43592"}],"curies":[{"name":"wp","href":"https:\/\/api.w.org\/{rel}","templated":true}]}}