{"id":43588,"date":"2024-11-27T16:38:07","date_gmt":"2024-11-27T16:38:07","guid":{"rendered":"http:\/\/historiografija.hr\/?p=43588"},"modified":"2024-11-27T16:40:25","modified_gmt":"2024-11-27T16:40:25","slug":"udruzenje-bathinvs-iz-sarajeva-svecanom-akademijom-obiljezilo-10-godina-postojanja","status":"publish","type":"post","link":"https:\/\/historiografija.hr\/?p=43588","title":{"rendered":"Udru\u017eenje \u201eBATHINVS\u201c iz Sarajeva sve\u010danom akademijom obilje\u017eilo 10 godina postojanja"},"content":{"rendered":"\n<p>U srijedu 20.11.2024. godine u organizaciji Udru\u017eenja za prou\u010davanje i promoviranje ilirskog naslije\u0111a i drevnih i klasi\u010dnih civilizacija BATHINVS, a povodom deset godina od osnivanja Udru\u017eenja, u Brusa bezistanu (depandans Muzeja Sarajeva) uprili\u010dena je sve\u010dana akademija. Doga\u0111aj je okupio brojne prijatelje Udru\u017eenja iz akademskog svijeta. Ovaj doga\u0111aj bio je prilika za retrospektivu uspjeha Udru\u017eenja BATHINVS, kao i isticanje zna\u010daja njegovog djelovanja u istra\u017eivanju i o\u010duvanju ilirskog naslije\u0111a i klasi\u010dnih civilizacija.<\/p>\n\n\n\n<p>Neki od najva\u017enijih rezultata koje je ovo strukovno Udru\u017eenje ostvarilo u proteklih deset godina je izme\u0111u ostalog objavljivanje \u0161est nau\u010dnih&nbsp; monografija, dva izdanja izvora i jednog Vodi\u010d za turiste. Svakako najva\u017eniji izdava\u010dki poduhvat je objavljivanje sedam brojeva nau\u010dnog \u010dasopisa \u201cActa Illyrica\u201d. Rije\u010d je o \u010dasopisu u kome rezultate svojih istra\u017eivanja objavljuju stru\u010dnjaci iz prahistorijske i klasi\u010dne arheologije, historije starog vijeka, rimskog prava i klasi\u010dne filologije. Izdanja su promovirana diljem Bosne i Hercegovine&nbsp; u muzejskim institucijama i univerzitetima. U razdoblju od 2014 \u2013 2024. Udru\u017eenje je realiziralo tri nau\u010dna projekta \u010diju realizaciju je podr\u017ealo Ministarstvo kulture i Sporta Kantona Sarajevo. S ciljem da nauku pribli\u017ei ve\u0107em broju ljubitelja najstarije pro\u0161losti Udru\u017eenje Bathinvs je do sada realiziralo osam ciklusa javnih predavanja. Predavanja su pored \u010dlanova Udru\u017eenja odr\u017eali eminentni stru\u010dnjaci iz Bosne i Hercegovine, Austrije&nbsp; i Hrvatske. U organizaciji BATHINVSA odr\u017eane su i tri me\u0111unarodne nau\u010dne konferencije, dvije video konferencije, dvije tribine i jedan&nbsp; okrugli stol. Kroz razli\u010dite dje\u010dje radionice Udru\u017eenje je nastojalo kod najmla\u0111ih probuditi interes za historiju i arheologiju. Tako\u0111er va\u017eno mjesto u radu Udru\u017eenja zauzima prire\u0111ivanje stru\u010dnih muzejskih&nbsp; izlo\u017ebi od kojih najve\u0107a posve\u0107ena prof.dr. Esadu Pa\u0161ali\u0107u. Upravo u spomen profesora Pa\u0161ali\u0107a od 2020. godine u suradnji sa porodicom Pa\u0161ali\u0107 Udru\u017eenje \u201cBATHINVS\u201d dodjeljuje nagradu \u201cProf.dr. Esad Pa\u0161ali\u0107\u201d. Nagrada je namijenjena talentovanim studentima studija historije i arheologije, te je jedina takve vrste u Bosni i Hercegovini.<\/p>\n\n\n\n<p>Akademiju je otvorio dr. Edin Veletovac, predsjednik Udru\u017eenja BATHINVS koji je govorio o aktivnostima Udru\u017eenja u proteklom periodu. Zatim, prisutnima se obratila prof.dr. Amra \u0160a\u010di\u0107 Be\u0107a, izvanredna profesorica na Filozofskom fakultetu Univerziteta u Sarajevu, \u010dlanica Nadzornog odbora Udru\u017eenja i izvr\u0161na urednica \u010dasopisa \u201eActa Illyrica\u201c . Profesorica \u0160a\u010di\u0107 Be\u0107a je prisutne upoznala da BATHINVS priprema nove aktivnosti i nove doga\u0111aje u narednom periodu. &nbsp;<\/p>\n\n\n\n<p>Potom, na akademiji su uru\u010dene zahvalnice institucijama i pojedincima koji su doprinijeli aktivnostima Udru\u017eenja BATHINVS. Me\u0111u odabranim dobitnicima su i tri nau\u010dnika iz Republike Hrvatske. Za poseban doprinos radu Udru\u017eenja zahvalnice su dobili doc.dr. Fe\u0111a Milivojevi\u0107 (Sveu\u010dili\u0161te u Rijeci), te dr. Branka Migotti i dr.sc. Alka Domi\u0107 Kuni\u0107 (Odsjek za arheologiju HAZU u Zagrebu).<\/p>\n\n\n\n<hr class=\"wp-block-separator\"\/>\n","protected":false},"excerpt":{"rendered":"","protected":false},"author":2,"featured_media":43591,"comment_status":"open","ping_status":"open","sticky":false,"template":"","format":"standard","meta":{"_acf_changed":false,"jetpack_post_was_ever_published":false,"_jetpack_newsletter_access":"","_jetpack_dont_email_post_to_subs":false,"_jetpack_newsletter_tier_id":0,"_jetpack_memberships_contains_paywalled_content":false,"_jetpack_memberships_contains_paid_content":false,"footnotes":"","jetpack_publicize_message":"","jetpack_publicize_feature_enabled":true,"jetpack_social_post_already_shared":true,"jetpack_social_options":{"image_generator_settings":{"template":"highway","default_image_id":0,"font":"","enabled":false},"version":2}},"categories":[3],"tags":[],"class_list":["post-43588","post","type-post","status-publish","format-standard","has-post-thumbnail","hentry","category-novosti"],"acf":{"facebook_opis":""},"jetpack_publicize_connections":[],"jetpack_featured_media_url":"https:\/\/i0.wp.com\/historiografija.hr\/wp-content\/uploads\/2024\/11\/Udru%C5%BEenje.jpg?fit=1536%2C1415&ssl=1","jetpack_sharing_enabled":true,"jetpack-related-posts":[],"_links":{"self":[{"href":"https:\/\/historiografija.hr\/index.php?rest_route=\/wp\/v2\/posts\/43588","targetHints":{"allow":["GET"]}}],"collection":[{"href":"https:\/\/historiografija.hr\/index.php?rest_route=\/wp\/v2\/posts"}],"about":[{"href":"https:\/\/historiografija.hr\/index.php?rest_route=\/wp\/v2\/types\/post"}],"author":[{"embeddable":true,"href":"https:\/\/historiografija.hr\/index.php?rest_route=\/wp\/v2\/users\/2"}],"replies":[{"embeddable":true,"href":"https:\/\/historiografija.hr\/index.php?rest_route=%2Fwp%2Fv2%2Fcomments&post=43588"}],"version-history":[{"count":1,"href":"https:\/\/historiografija.hr\/index.php?rest_route=\/wp\/v2\/posts\/43588\/revisions"}],"predecessor-version":[{"id":43590,"href":"https:\/\/historiografija.hr\/index.php?rest_route=\/wp\/v2\/posts\/43588\/revisions\/43590"}],"wp:featuredmedia":[{"embeddable":true,"href":"https:\/\/historiografija.hr\/index.php?rest_route=\/wp\/v2\/media\/43591"}],"wp:attachment":[{"href":"https:\/\/historiografija.hr\/index.php?rest_route=%2Fwp%2Fv2%2Fmedia&parent=43588"}],"wp:term":[{"taxonomy":"category","embeddable":true,"href":"https:\/\/historiografija.hr\/index.php?rest_route=%2Fwp%2Fv2%2Fcategories&post=43588"},{"taxonomy":"post_tag","embeddable":true,"href":"https:\/\/historiografija.hr\/index.php?rest_route=%2Fwp%2Fv2%2Ftags&post=43588"}],"curies":[{"name":"wp","href":"https:\/\/api.w.org\/{rel}","templated":true}]}}