{"id":43572,"date":"2024-11-26T16:59:59","date_gmt":"2024-11-26T16:59:59","guid":{"rendered":"http:\/\/historiografija.hr\/?p=43572"},"modified":"2024-11-26T16:59:59","modified_gmt":"2024-11-26T16:59:59","slug":"predstavljanje-knjige-oaza-u-crikvenici-sudbina-kolonije-poljskih-emigranata-u-jugoslaviji-tijekom-drugoga-svjetskog-rata-u-zagrebu","status":"publish","type":"post","link":"https:\/\/historiografija.hr\/?p=43572","title":{"rendered":"Predstavljanje knjige \u201eOaza u Crikvenici. Sudbina kolonije poljskih emigranata u Jugoslaviji tijekom Drugoga svjetskog rata\u201c u Zagrebu"},"content":{"rendered":"\n<p>U srijedu 27. studenog 2024. u Zagrebu u PTK Kopernik, na adresi Savska 34-36, u 18.30 sati odr\u017eat \u0107e se predstavljanje knjige \u201eOaza u Crikvenici\u201c, autorice Janine Kujawska-Tenner u prijevodu Slavena Kale.<\/p>\n\n\n\n<p>U predstavljanju sudjeluju Marica Karaka\u0161 Obradov, Slaven Kale i Damir Agi\u010di\u0107.<\/p>\n\n\n\n<hr class=\"wp-block-separator\"\/>\n\n\n\n<p>Izvor:<\/p>\n\n\n\n<figure class=\"wp-block-embed-wordpress wp-block-embed is-type-wp-embed is-provider-srednja-europa\"><div class=\"wp-block-embed__wrapper\">\n<blockquote class=\"wp-embedded-content\" data-secret=\"I7g0ZHqagC\"><a href=\"https:\/\/srednja-europa.hr\/dogadaji\/predstavljanje-knjige-oaza-u-crikvenici\/\">Predstavljanje knjige Oaza u Crikvenici, srijeda, 27. studenog 2024. u 18.30 PTK Kopernik, Savska 34-36<\/a><\/blockquote><iframe loading=\"lazy\" class=\"wp-embedded-content\" sandbox=\"allow-scripts\" security=\"restricted\" style=\"position: absolute; clip: rect(1px, 1px, 1px, 1px);\" title=\"&#8220;Predstavljanje knjige Oaza u Crikvenici, srijeda, 27. studenog 2024. u 18.30 PTK Kopernik, Savska 34-36&#8221; &#8212; Srednja Europa\" src=\"https:\/\/srednja-europa.hr\/dogadaji\/predstavljanje-knjige-oaza-u-crikvenici\/embed\/#?secret=I7g0ZHqagC\" data-secret=\"I7g0ZHqagC\" width=\"600\" height=\"338\" frameborder=\"0\" marginwidth=\"0\" marginheight=\"0\" scrolling=\"no\"><\/iframe>\n<\/div><\/figure>\n\n\n\n<hr class=\"wp-block-separator\"\/>\n","protected":false},"excerpt":{"rendered":"","protected":false},"author":2,"featured_media":43573,"comment_status":"open","ping_status":"open","sticky":false,"template":"","format":"standard","meta":{"_acf_changed":false,"jetpack_post_was_ever_published":false,"_jetpack_newsletter_access":"","_jetpack_dont_email_post_to_subs":false,"_jetpack_newsletter_tier_id":0,"_jetpack_memberships_contains_paywalled_content":false,"_jetpack_memberships_contains_paid_content":false,"footnotes":"","jetpack_publicize_message":"","jetpack_publicize_feature_enabled":true,"jetpack_social_post_already_shared":true,"jetpack_social_options":{"image_generator_settings":{"template":"highway","default_image_id":0,"font":"","enabled":false},"version":2}},"categories":[3],"tags":[],"class_list":["post-43572","post","type-post","status-publish","format-standard","has-post-thumbnail","hentry","category-novosti"],"acf":{"facebook_opis":""},"jetpack_publicize_connections":[],"jetpack_featured_media_url":"https:\/\/i0.wp.com\/historiografija.hr\/wp-content\/uploads\/2024\/11\/Oaza.jpg?fit=2000%2C943&ssl=1","jetpack_sharing_enabled":true,"jetpack-related-posts":[],"_links":{"self":[{"href":"https:\/\/historiografija.hr\/index.php?rest_route=\/wp\/v2\/posts\/43572","targetHints":{"allow":["GET"]}}],"collection":[{"href":"https:\/\/historiografija.hr\/index.php?rest_route=\/wp\/v2\/posts"}],"about":[{"href":"https:\/\/historiografija.hr\/index.php?rest_route=\/wp\/v2\/types\/post"}],"author":[{"embeddable":true,"href":"https:\/\/historiografija.hr\/index.php?rest_route=\/wp\/v2\/users\/2"}],"replies":[{"embeddable":true,"href":"https:\/\/historiografija.hr\/index.php?rest_route=%2Fwp%2Fv2%2Fcomments&post=43572"}],"version-history":[{"count":1,"href":"https:\/\/historiografija.hr\/index.php?rest_route=\/wp\/v2\/posts\/43572\/revisions"}],"predecessor-version":[{"id":43574,"href":"https:\/\/historiografija.hr\/index.php?rest_route=\/wp\/v2\/posts\/43572\/revisions\/43574"}],"wp:featuredmedia":[{"embeddable":true,"href":"https:\/\/historiografija.hr\/index.php?rest_route=\/wp\/v2\/media\/43573"}],"wp:attachment":[{"href":"https:\/\/historiografija.hr\/index.php?rest_route=%2Fwp%2Fv2%2Fmedia&parent=43572"}],"wp:term":[{"taxonomy":"category","embeddable":true,"href":"https:\/\/historiografija.hr\/index.php?rest_route=%2Fwp%2Fv2%2Fcategories&post=43572"},{"taxonomy":"post_tag","embeddable":true,"href":"https:\/\/historiografija.hr\/index.php?rest_route=%2Fwp%2Fv2%2Ftags&post=43572"}],"curies":[{"name":"wp","href":"https:\/\/api.w.org\/{rel}","templated":true}]}}