{"id":43565,"date":"2024-11-26T16:42:27","date_gmt":"2024-11-26T16:42:27","guid":{"rendered":"http:\/\/historiografija.hr\/?p=43565"},"modified":"2024-11-26T16:49:53","modified_gmt":"2024-11-26T16:49:53","slug":"promocija-knjige-dominique-kirchner-reill-rijecka-kriza-zivot-nakon-habsburske-monarhije-u-zagrebu","status":"publish","type":"post","link":"https:\/\/historiografija.hr\/?p=43565","title":{"rendered":"Promocija knjige Dominique Kirchner Reill \u201eRije\u010dka kriza. \u017divot nakon Habsbur\u0161ke Monarhije\u201c u Zagrebu"},"content":{"rendered":"\n<p>Zagreba\u010dka promocija knjige Dominique Kirchner Reill \u201eRije\u010dka kriza. \u017divot nakon Habsbur\u0161ke Monarhije\u201c odr\u017eat \u0107e se u \u010detvrtak, 28. studenog u 18 sati u Knji\u017enici i \u010ditaonici Bogdana Ogrizovi\u0107a (Preradovi\u0107eva ulica 5, Zagreb).<\/p>\n\n\n\n<p>U razgovoru \u0107e sudjelovati autorica Dominique Kirchner Reill, profesor Tvrtko Jakovina i urednik Sr\u0111an Grbi\u0107.<\/p>\n\n\n\n<p>Autorica \u0107e govoriti na engleskom jeziku, a ostali sudionici na hrvatskom.<\/p>\n\n\n\n<hr class=\"wp-block-separator\"\/>\n\n\n\n<p>Izvor:<\/p>\n\n\n\n<p><a href=\"https:\/\/www.facebook.com\/ljevak.hr\/\">https:\/\/www.facebook.com\/ljevak.hr\/<\/a><\/p>\n\n\n\n<hr class=\"wp-block-separator\"\/>\n","protected":false},"excerpt":{"rendered":"","protected":false},"author":2,"featured_media":43566,"comment_status":"open","ping_status":"open","sticky":false,"template":"","format":"standard","meta":{"_acf_changed":false,"jetpack_post_was_ever_published":false,"_jetpack_newsletter_access":"","_jetpack_dont_email_post_to_subs":false,"_jetpack_newsletter_tier_id":0,"_jetpack_memberships_contains_paywalled_content":false,"_jetpack_memberships_contains_paid_content":false,"footnotes":"","jetpack_publicize_message":"","jetpack_publicize_feature_enabled":true,"jetpack_social_post_already_shared":true,"jetpack_social_options":{"image_generator_settings":{"template":"highway","default_image_id":0,"font":"","enabled":false},"version":2}},"categories":[3],"tags":[],"class_list":["post-43565","post","type-post","status-publish","format-standard","has-post-thumbnail","hentry","category-novosti"],"acf":{"facebook_opis":""},"jetpack_publicize_connections":[],"jetpack_featured_media_url":"https:\/\/i0.wp.com\/historiografija.hr\/wp-content\/uploads\/2024\/11\/Rijecka-kriza-pozivnica-Zagreb.jpg?fit=1600%2C1200&ssl=1","jetpack_sharing_enabled":true,"jetpack-related-posts":[],"_links":{"self":[{"href":"https:\/\/historiografija.hr\/index.php?rest_route=\/wp\/v2\/posts\/43565","targetHints":{"allow":["GET"]}}],"collection":[{"href":"https:\/\/historiografija.hr\/index.php?rest_route=\/wp\/v2\/posts"}],"about":[{"href":"https:\/\/historiografija.hr\/index.php?rest_route=\/wp\/v2\/types\/post"}],"author":[{"embeddable":true,"href":"https:\/\/historiografija.hr\/index.php?rest_route=\/wp\/v2\/users\/2"}],"replies":[{"embeddable":true,"href":"https:\/\/historiografija.hr\/index.php?rest_route=%2Fwp%2Fv2%2Fcomments&post=43565"}],"version-history":[{"count":2,"href":"https:\/\/historiografija.hr\/index.php?rest_route=\/wp\/v2\/posts\/43565\/revisions"}],"predecessor-version":[{"id":43571,"href":"https:\/\/historiografija.hr\/index.php?rest_route=\/wp\/v2\/posts\/43565\/revisions\/43571"}],"wp:featuredmedia":[{"embeddable":true,"href":"https:\/\/historiografija.hr\/index.php?rest_route=\/wp\/v2\/media\/43566"}],"wp:attachment":[{"href":"https:\/\/historiografija.hr\/index.php?rest_route=%2Fwp%2Fv2%2Fmedia&parent=43565"}],"wp:term":[{"taxonomy":"category","embeddable":true,"href":"https:\/\/historiografija.hr\/index.php?rest_route=%2Fwp%2Fv2%2Fcategories&post=43565"},{"taxonomy":"post_tag","embeddable":true,"href":"https:\/\/historiografija.hr\/index.php?rest_route=%2Fwp%2Fv2%2Ftags&post=43565"}],"curies":[{"name":"wp","href":"https:\/\/api.w.org\/{rel}","templated":true}]}}