{"id":43558,"date":"2024-11-26T16:30:37","date_gmt":"2024-11-26T16:30:37","guid":{"rendered":"http:\/\/historiografija.hr\/?p=43558"},"modified":"2024-11-26T16:30:37","modified_gmt":"2024-11-26T16:30:37","slug":"predavanje-lovre-kuncevica-dubrovacka-republika-i-lastovo-u-17-stoljecu-pobune-nemiri-i-zavjere","status":"publish","type":"post","link":"https:\/\/historiografija.hr\/?p=43558","title":{"rendered":"Predavanje Lovre Kun\u010devi\u0107a \u201eDubrova\u010dka Republika i Lastovo u 17. stolje\u0107u: pobune, nemiri i zavjere\u201c"},"content":{"rendered":"\n<p>Nakon predavanja Relje Seferovi\u0107a, Zdenke Janekovi\u0107 R\u00f6mer i Nelle Lonze, \u010detvrto predavanje iz ciklusa &#8220;Jedinstvene pri\u010de iz Arhiva Republike\u201c odr\u017eat \u0107e Lovro Kun\u010devi\u0107. Op\u0161irnije u nastavku.<\/p>\n\n\n\n<hr class=\"wp-block-separator\"\/>\n\n\n\n<p>Zadovoljstvo nam je pozvati Vas na predavanje \u201cDubrova\u010dka Republika i Lastovo u 17. stolje\u0107u: pobune, nemiri i zavjere\u201d koje \u0107e dr. sc. Lovro Kun\u010devi\u0107 odr\u017eati u utorak, 26.11.2024. u 19 h u Lazaretima (5. la\u0111a).<\/p>\n\n\n\n<p>Iako je Dubrova\u010dka Republika bila jedna od dru\u0161tveno najstabilnijih dr\u017eava predmoderne Europe, nije bila posve po\u0161te\u0111ena pobuna, zavjera i otpora svojoj vlasti. Zanimljivo je da su se takve situacije doga\u0111ale prvenstveno u jednom dijelu Republike, a to je Lastovo. Ta \u010dinjenica postaje jo\u0161 zanimljivijom kad se podsjetimo da je upravo Lastovo, bez ikakve sumnje, u\u017eivalo naj\u0161iru autonomiju od svih teritorija pod dubrova\u010dkom vlasti. Predavanje poku\u0161ava odgovoriti na pitanje za\u0161to je taj otok bio sklon pobunama, tko su to\u010dno bili pobunjenici i zavjerenici, i, kona\u010dno, za\u0161to se takvi otpori dubrova\u010dkoj vlasti doga\u0111aju ba\u0161 u 17. stolje\u0107u?<\/p>\n\n\n\n<p>Ovo je \u010detvrto predavanje iz ciklusa \u201eJEDINSTVENE PRI\u010cE IZ ARHIVA REPUBLIKE\u201c kojim se Zavod za povijesne znanosti HAZU u Dubrovniku i Dubrova\u010dka ba\u0161tina pridru\u017euju proslavi uvr\u0161tenja arhivskih fondova iz razdoblja Dubrova\u010dke Republike na UNESCO-vu listu \u201eSje\u0107anje svijeta\u201c i \u201eGodine UNESCO-ve svjetske ba\u0161tine\u201c u Dubrovniku. Predavanje je dio projekta \u201ePluralitet aktera u Dubrova\u010dkoj Republici: politika i dru\u0161tvo, institucije i praksa (PLURACTA) IP-2022-10-4560\u201c<\/p>\n\n\n\n<hr class=\"wp-block-separator\"\/>\n\n\n\n<p>Izvori i dodatne obavijesti:<\/p>\n\n\n\n<p><a href=\"https:\/\/dubrovacki.slobodnadalmacija.hr\/dubrovnik\/vijesti\/kultura\/lovro-kuncevic-odrzat-ce-sutra-predavanje-dubrovacka-republika-i-lastovo-u-17-stoljecu-pobune-nemiri-i-zavjere-1435767\">https:\/\/dubrovacki.slobodnadalmacija.hr\/dubrovnik\/vijesti\/kultura\/lovro-kuncevic-odrzat-ce-sutra-predavanje-dubrovacka-republika-i-lastovo-u-17-stoljecu-pobune-nemiri-i-zavjere-1435767<\/a><\/p>\n\n\n\n<p><a href=\"https:\/\/www.facebook.com\/events\/1727737201320087\/\">https:\/\/www.facebook.com\/events\/1727737201320087\/<\/a><\/p>\n\n\n\n<p><a href=\"https:\/\/www.facebook.com\/zavoddbk\/\">https:\/\/www.facebook.com\/zavoddbk\/<\/a><\/p>\n\n\n\n<p><a href=\"https:\/\/www.zavoddbk.org\/\">https:\/\/www.zavoddbk.org\/<\/a><\/p>\n\n\n\n<hr class=\"wp-block-separator\"\/>\n","protected":false},"excerpt":{"rendered":"","protected":false},"author":2,"featured_media":43559,"comment_status":"open","ping_status":"open","sticky":false,"template":"","format":"standard","meta":{"_acf_changed":false,"jetpack_post_was_ever_published":false,"_jetpack_newsletter_access":"","_jetpack_dont_email_post_to_subs":false,"_jetpack_newsletter_tier_id":0,"_jetpack_memberships_contains_paywalled_content":false,"_jetpack_memberships_contains_paid_content":false,"footnotes":"","jetpack_publicize_message":"","jetpack_publicize_feature_enabled":true,"jetpack_social_post_already_shared":true,"jetpack_social_options":{"image_generator_settings":{"template":"highway","default_image_id":0,"font":"","enabled":false},"version":2}},"categories":[3],"tags":[],"class_list":["post-43558","post","type-post","status-publish","format-standard","has-post-thumbnail","hentry","category-novosti"],"acf":{"facebook_opis":""},"jetpack_publicize_connections":[],"jetpack_featured_media_url":"https:\/\/i0.wp.com\/historiografija.hr\/wp-content\/uploads\/2024\/11\/Kun%C4%8Devi%C4%87.jpg?fit=1440%2C1564&ssl=1","jetpack_sharing_enabled":true,"jetpack-related-posts":[],"_links":{"self":[{"href":"https:\/\/historiografija.hr\/index.php?rest_route=\/wp\/v2\/posts\/43558","targetHints":{"allow":["GET"]}}],"collection":[{"href":"https:\/\/historiografija.hr\/index.php?rest_route=\/wp\/v2\/posts"}],"about":[{"href":"https:\/\/historiografija.hr\/index.php?rest_route=\/wp\/v2\/types\/post"}],"author":[{"embeddable":true,"href":"https:\/\/historiografija.hr\/index.php?rest_route=\/wp\/v2\/users\/2"}],"replies":[{"embeddable":true,"href":"https:\/\/historiografija.hr\/index.php?rest_route=%2Fwp%2Fv2%2Fcomments&post=43558"}],"version-history":[{"count":1,"href":"https:\/\/historiografija.hr\/index.php?rest_route=\/wp\/v2\/posts\/43558\/revisions"}],"predecessor-version":[{"id":43560,"href":"https:\/\/historiografija.hr\/index.php?rest_route=\/wp\/v2\/posts\/43558\/revisions\/43560"}],"wp:featuredmedia":[{"embeddable":true,"href":"https:\/\/historiografija.hr\/index.php?rest_route=\/wp\/v2\/media\/43559"}],"wp:attachment":[{"href":"https:\/\/historiografija.hr\/index.php?rest_route=%2Fwp%2Fv2%2Fmedia&parent=43558"}],"wp:term":[{"taxonomy":"category","embeddable":true,"href":"https:\/\/historiografija.hr\/index.php?rest_route=%2Fwp%2Fv2%2Fcategories&post=43558"},{"taxonomy":"post_tag","embeddable":true,"href":"https:\/\/historiografija.hr\/index.php?rest_route=%2Fwp%2Fv2%2Ftags&post=43558"}],"curies":[{"name":"wp","href":"https:\/\/api.w.org\/{rel}","templated":true}]}}