{"id":43546,"date":"2024-11-25T11:10:43","date_gmt":"2024-11-25T11:10:43","guid":{"rendered":"http:\/\/historiografija.hr\/?p=43546"},"modified":"2024-11-27T17:51:30","modified_gmt":"2024-11-27T17:51:30","slug":"polemika-povodom-obljetnice-utemeljenja-hrvatske-zajednice-herceg-bosne","status":"publish","type":"post","link":"https:\/\/historiografija.hr\/?p=43546","title":{"rendered":"Polemike povodom obljetnice utemeljenja Hrvatske zajednice Herceg-Bosne"},"content":{"rendered":"\n<p>Nakon reakcije Inicijative mladih za ljudska prava na izjave Ante Nazora povodom 33. obljetnice utemeljenja Hrvatske zajednice Herceg-Bosne uslijedili su odgovori Ante Nazora i Davora Marijana.<\/p>\n\n\n\n<hr class=\"wp-block-separator\"\/>\n\n\n\n<p><strong>Reakcija Inicijative mladih za ljudska prava na medijski istup Ante Nazora povodom obljetnice utemeljenja Hrvatske zajednice Herceg-Bosne<\/strong><\/p>\n\n\n\n<figure class=\"wp-block-embed-wordpress wp-block-embed is-type-wp-embed is-provider-historiografija-hr\"><div class=\"wp-block-embed__wrapper\">\n<blockquote class=\"wp-embedded-content\" data-secret=\"hxlIgyhwag\"><a href=\"https:\/\/historiografija.hr\/?p=43468\">Reakcija Inicijative mladih za ljudska prava na medijski istup Ante Nazora povodom obljetnice utemeljenja Hrvatske zajednice Herceg-Bosne<\/a><\/blockquote><iframe loading=\"lazy\" class=\"wp-embedded-content\" sandbox=\"allow-scripts\" security=\"restricted\" style=\"position: absolute; clip: rect(1px, 1px, 1px, 1px);\" title=\"&#8220;Reakcija Inicijative mladih za ljudska prava na medijski istup Ante Nazora povodom obljetnice utemeljenja Hrvatske zajednice Herceg-Bosne&#8221; &#8212; Historiografija.hr\" src=\"https:\/\/historiografija.hr\/?p=43468&#038;embed=true#?secret=hxlIgyhwag\" data-secret=\"hxlIgyhwag\" width=\"600\" height=\"338\" frameborder=\"0\" marginwidth=\"0\" marginheight=\"0\" scrolling=\"no\"><\/iframe>\n<\/div><\/figure>\n\n\n\n<hr class=\"wp-block-separator\"\/>\n\n\n\n<p><strong>Ante Nazor: Odgovor na prozivke Inicijative mladih za ljudska prava<\/strong><\/p>\n\n\n\n<figure class=\"wp-block-embed-wordpress wp-block-embed is-type-wp-embed is-provider-narod-hr\"><div class=\"wp-block-embed__wrapper\">\n<blockquote class=\"wp-embedded-content\" data-secret=\"ASIskZXbDU\"><a href=\"https:\/\/narod.hr\/hrvatska\/donosimo-odgovor-dr-sc-ante-nazora-na-prozivke-inicijative-mladih-za-ljudska-prava\">Donosimo odgovor dr. sc. Ante Nazora na prozivke Inicijative mladih za ljudska prava<\/a><\/blockquote><iframe loading=\"lazy\" class=\"wp-embedded-content\" sandbox=\"allow-scripts\" security=\"restricted\" style=\"position: absolute; clip: rect(1px, 1px, 1px, 1px);\" title=\"&#8220;Donosimo odgovor dr. sc. Ante Nazora na prozivke Inicijative mladih za ljudska prava&#8221; &#8212; narod.hr\" src=\"https:\/\/narod.hr\/hrvatska\/donosimo-odgovor-dr-sc-ante-nazora-na-prozivke-inicijative-mladih-za-ljudska-prava\/embed#?secret=jmgVeKc8Td#?secret=ASIskZXbDU\" data-secret=\"ASIskZXbDU\" width=\"600\" height=\"338\" frameborder=\"0\" marginwidth=\"0\" marginheight=\"0\" scrolling=\"no\"><\/iframe>\n<\/div><\/figure>\n\n\n\n<hr class=\"wp-block-separator\"\/>\n\n\n\n<p><strong>Davor Marijan: Osvrt na Reakciju Inicijative mladih za ljudska prava<\/strong><\/p>\n\n\n\n<figure class=\"wp-block-embed-wordpress wp-block-embed is-type-wp-embed is-provider-historiografija-hr\"><div class=\"wp-block-embed__wrapper\">\n<blockquote class=\"wp-embedded-content\" data-secret=\"YdNYnCIXft\"><a href=\"https:\/\/historiografija.hr\/?p=43536\">Davor Marijan: Osvrt na Reakciju Inicijative mladih za ljudska prava<\/a><\/blockquote><iframe loading=\"lazy\" class=\"wp-embedded-content\" sandbox=\"allow-scripts\" security=\"restricted\" style=\"position: absolute; clip: rect(1px, 1px, 1px, 1px);\" title=\"&#8220;Davor Marijan: Osvrt na Reakciju Inicijative mladih za ljudska prava&#8221; &#8212; Historiografija.hr\" src=\"https:\/\/historiografija.hr\/?p=43536&#038;embed=true#?secret=YdNYnCIXft\" data-secret=\"YdNYnCIXft\" width=\"600\" height=\"338\" frameborder=\"0\" marginwidth=\"0\" marginheight=\"0\" scrolling=\"no\"><\/iframe>\n<\/div><\/figure>\n\n\n\n<hr class=\"wp-block-separator\"\/>\n\n\n\n<p><strong>Iz medija:<\/strong><\/p>\n\n\n\n<figure class=\"wp-block-embed-wordpress wp-block-embed is-type-wp-embed is-provider-narod-hr\"><div class=\"wp-block-embed__wrapper\">\n<blockquote class=\"wp-embedded-content\" data-secret=\"ikG3VQQEIG\"><a href=\"https:\/\/narod.hr\/hrvatska\/inicijativa-mladih-napala-dr-nazora-i-iznijela-niz-laznih-narativa-o-rh-u-ratu-u-bih\">Inicijativa mladih napala dr. Nazora i iznijela niz la\u017enih narativa o RH u ratu u BiH<\/a><\/blockquote><iframe loading=\"lazy\" class=\"wp-embedded-content\" sandbox=\"allow-scripts\" security=\"restricted\" style=\"position: absolute; clip: rect(1px, 1px, 1px, 1px);\" title=\"&#8220;Inicijativa mladih napala dr. Nazora i iznijela niz la\u017enih narativa o RH u ratu u BiH&#8221; &#8212; narod.hr\" src=\"https:\/\/narod.hr\/hrvatska\/inicijativa-mladih-napala-dr-nazora-i-iznijela-niz-laznih-narativa-o-rh-u-ratu-u-bih\/embed#?secret=zzwJdm1Vuz#?secret=ikG3VQQEIG\" data-secret=\"ikG3VQQEIG\" width=\"600\" height=\"338\" frameborder=\"0\" marginwidth=\"0\" marginheight=\"0\" scrolling=\"no\"><\/iframe>\n<\/div><\/figure>\n\n\n\n<p><a href=\"https:\/\/direktno.hr\/direkt\/inicijativa-za-prava-mladih-hrvatska-zestoko-napala-nazora-relativizira-zlocine-u-bih-359430\/\">https:\/\/direktno.hr\/direkt\/inicijativa-za-prava-mladih-hrvatska-zestoko-napala-nazora-relativizira-zlocine-u-bih-359430\/<\/a><\/p>\n\n\n\n<p><a href=\"https:\/\/direktno.hr\/direkt\/nazor-razotkrio-inicijativu-koja-ga-proziva-cinjenice-koje-sam-rekao-ne-mogu-se-osporiti-359526\/\">https:\/\/direktno.hr\/direkt\/nazor-razotkrio-inicijativu-koja-ga-proziva-cinjenice-koje-sam-rekao-ne-mogu-se-osporiti-359526\/<\/a><\/p>\n\n\n\n<p><a href=\"https:\/\/www.dragovoljac.com\/index.php\/politika-i-drustvo\/41621-nazor-razotkrio-inicijativu-koja-ga-proziva-cinjenice-koje-sam-rekao-ne-mogu-se-osporiti\">https:\/\/www.dragovoljac.com\/index.php\/politika-i-drustvo\/41621-nazor-razotkrio-inicijativu-koja-ga-proziva-cinjenice-koje-sam-rekao-ne-mogu-se-osporiti<\/a><\/p>\n\n\n\n<p><a href=\"https:\/\/rtv-hb.com\/vijesti-bosna-i-hercegovina-hrvatska\/procitajte-odgovor-ante-nazora-na-prozivke-inicijative-mladih\">https:\/\/rtv-hb.com\/vijesti-bosna-i-hercegovina-hrvatska\/procitajte-odgovor-ante-nazora-na-prozivke-inicijative-mladih<\/a><\/p>\n\n\n\n<p><a href=\"https:\/\/h-alter.org\/vijesti\/yihr-ante-nazor-i-relativizacija-hrvatskih-zlocina-u-bosni-i-hercegovini\/\">https:\/\/h-alter.org\/vijesti\/yihr-ante-nazor-i-relativizacija-hrvatskih-zlocina-u-bosni-i-hercegovini\/<\/a><\/p>\n\n\n\n<p><a href=\"https:\/\/historiografija.ba\/clanci-i-polemike\/revizionisticki-istup-ante-nazora-u-kojem-negira-utvrdjenu-odgovornost-hrvatske-za-rat-u-bih\">https:\/\/historiografija.ba\/clanci-i-polemike\/revizionisticki-istup-ante-nazora-u-kojem-negira-utvrdjenu-odgovornost-hrvatske-za-rat-u-bih<\/a><\/p>\n\n\n\n<p><a href=\"https:\/\/historiografija.ba\/clanci-i-polemike\/polemike-povodom-godisnjice-stvaranja-hzhb\">https:\/\/historiografija.ba\/clanci-i-polemike\/polemike-povodom-godisnjice-stvaranja-hzhb<\/a><\/p>\n\n\n\n<figure class=\"wp-block-embed-wordpress wp-block-embed is-type-wp-embed is-provider-fond-za-humanitarno-pravo-humanitarian-law-center-fondi-per-te-drejten-humanitare\"><div class=\"wp-block-embed__wrapper\">\n<blockquote class=\"wp-embedded-content\" data-secret=\"rQoj0y1qJ2\"><a href=\"http:\/\/www.hlc-rdc.org\/?p=40175\">Reakcija Inicijative mladih za ljudska prava na medijski istup Ante Nazora povodom obljetnice utemeljenja Hrvatske zajednice Herceg-Bosne<\/a><\/blockquote><iframe loading=\"lazy\" class=\"wp-embedded-content\" sandbox=\"allow-scripts\" security=\"restricted\" style=\"position: absolute; clip: rect(1px, 1px, 1px, 1px);\" title=\"Embedded WordPress Post\" src=\"http:\/\/www.hlc-rdc.org\/?p=40175&#038;embed=true#?secret=rQoj0y1qJ2\" data-secret=\"rQoj0y1qJ2\" width=\"600\" height=\"338\" frameborder=\"0\" marginwidth=\"0\" marginheight=\"0\" scrolling=\"no\"><\/iframe>\n<\/div><\/figure>\n\n\n\n<figure class=\"wp-block-embed-wordpress wp-block-embed is-type-wp-embed is-provider-detektor\"><div class=\"wp-block-embed__wrapper\">\n<blockquote class=\"wp-embedded-content\" data-secret=\"pGxvA0fs0G\"><a href=\"https:\/\/detektor.ba\/2024\/11\/21\/presudom-sestorki-protiv-revizionistickih-izjava-historicara-iz-hrvatske\/\">Presudom \u0161estorki protiv revizionisti\u010dkih izjava histori\u010dara iz Hrvatske<\/a><\/blockquote><iframe loading=\"lazy\" class=\"wp-embedded-content\" sandbox=\"allow-scripts\" security=\"restricted\" style=\"position: absolute; clip: rect(1px, 1px, 1px, 1px);\" title=\"&#8220;Presudom \u0161estorki protiv revizionisti\u010dkih izjava histori\u010dara iz Hrvatske&#8221; &#8212; Detektor\" src=\"https:\/\/detektor.ba\/2024\/11\/21\/presudom-sestorki-protiv-revizionistickih-izjava-historicara-iz-hrvatske\/embed\/#?secret=BdR0BNMStr#?secret=pGxvA0fs0G\" data-secret=\"pGxvA0fs0G\" width=\"600\" height=\"338\" frameborder=\"0\" marginwidth=\"0\" marginheight=\"0\" scrolling=\"no\"><\/iframe>\n<\/div><\/figure>\n\n\n\n<p><a href=\"https:\/\/www.slobodna-bosna.ba\/vijest\/386810\/nazor_pokusaji_presudom_sestorki_protiv_revizionistichkih_izjava_historichara_iz_hrvatske_bih_se_ne_bi_odrzala_da_nije_bilo.html#goog_rewarded\">https:\/\/www.slobodna-bosna.ba\/vijest\/386810\/nazor_pokusaji_presudom_sestorki_protiv_revizionistichkih_izjava_historichara_iz_hrvatske_bih_se_ne_bi_odrzala_da_nije_bilo.html<\/a><\/p>\n\n\n\n<p><a href=\"https:\/\/avaz.ba\/vijesti\/bih\/941693\/presudom-sestorki-protiv-revizionistickih-izjava-historicara-iz-hrvatske\">https:\/\/avaz.ba\/vijesti\/bih\/941693\/presudom-sestorki-protiv-revizionistickih-izjava-historicara-iz-hrvatske<\/a><\/p>\n\n\n\n<hr class=\"wp-block-separator\"\/>\n\n\n\n<p><\/p>\n","protected":false},"excerpt":{"rendered":"","protected":false},"author":2,"featured_media":43549,"comment_status":"open","ping_status":"open","sticky":false,"template":"","format":"standard","meta":{"_acf_changed":false,"jetpack_post_was_ever_published":false,"_jetpack_newsletter_access":"","_jetpack_dont_email_post_to_subs":false,"_jetpack_newsletter_tier_id":0,"_jetpack_memberships_contains_paywalled_content":false,"_jetpack_memberships_contains_paid_content":false,"footnotes":"","jetpack_publicize_message":"","jetpack_publicize_feature_enabled":true,"jetpack_social_post_already_shared":true,"jetpack_social_options":{"image_generator_settings":{"template":"highway","default_image_id":0,"font":"","enabled":false},"version":2}},"categories":[3,17],"tags":[],"class_list":["post-43546","post","type-post","status-publish","format-standard","has-post-thumbnail","hentry","category-novosti","category-rasprave"],"acf":{"facebook_opis":""},"jetpack_publicize_connections":[],"jetpack_featured_media_url":"https:\/\/i0.wp.com\/historiografija.hr\/wp-content\/uploads\/2024\/11\/Ante_Nazor_Inicijativa_mladih_za_ljudska_prava_HR.jpg?fit=1024%2C415&ssl=1","jetpack_sharing_enabled":true,"jetpack-related-posts":[],"_links":{"self":[{"href":"https:\/\/historiografija.hr\/index.php?rest_route=\/wp\/v2\/posts\/43546","targetHints":{"allow":["GET"]}}],"collection":[{"href":"https:\/\/historiografija.hr\/index.php?rest_route=\/wp\/v2\/posts"}],"about":[{"href":"https:\/\/historiografija.hr\/index.php?rest_route=\/wp\/v2\/types\/post"}],"author":[{"embeddable":true,"href":"https:\/\/historiografija.hr\/index.php?rest_route=\/wp\/v2\/users\/2"}],"replies":[{"embeddable":true,"href":"https:\/\/historiografija.hr\/index.php?rest_route=%2Fwp%2Fv2%2Fcomments&post=43546"}],"version-history":[{"count":7,"href":"https:\/\/historiografija.hr\/index.php?rest_route=\/wp\/v2\/posts\/43546\/revisions"}],"predecessor-version":[{"id":43614,"href":"https:\/\/historiografija.hr\/index.php?rest_route=\/wp\/v2\/posts\/43546\/revisions\/43614"}],"wp:featuredmedia":[{"embeddable":true,"href":"https:\/\/historiografija.hr\/index.php?rest_route=\/wp\/v2\/media\/43549"}],"wp:attachment":[{"href":"https:\/\/historiografija.hr\/index.php?rest_route=%2Fwp%2Fv2%2Fmedia&parent=43546"}],"wp:term":[{"taxonomy":"category","embeddable":true,"href":"https:\/\/historiografija.hr\/index.php?rest_route=%2Fwp%2Fv2%2Fcategories&post=43546"},{"taxonomy":"post_tag","embeddable":true,"href":"https:\/\/historiografija.hr\/index.php?rest_route=%2Fwp%2Fv2%2Ftags&post=43546"}],"curies":[{"name":"wp","href":"https:\/\/api.w.org\/{rel}","templated":true}]}}