{"id":43536,"date":"2024-11-25T10:37:00","date_gmt":"2024-11-25T10:37:00","guid":{"rendered":"http:\/\/historiografija.hr\/?p=43536"},"modified":"2024-11-25T11:37:59","modified_gmt":"2024-11-25T11:37:59","slug":"davor-marijan-osvrt-na-reakciju-inicijative-mladih-za-ljudska-prava","status":"publish","type":"post","link":"https:\/\/historiografija.hr\/?p=43536","title":{"rendered":"Davor Marijan: Osvrt na Reakciju Inicijative mladih za ljudska prava"},"content":{"rendered":"\n<p>Prije par dana objavljena je Reakcija Inicijative mladih za ljudska prava (dalje IMzLjP) na izjavu dr. sc. Ante Nazora, ravnatelja Hrvatskog memorijalno-dokumentacijskog centra Domovinskog rata povodom obljetnice utemeljenja Hrvatske zajednice Herceg Bosna (HZ HB). O\u010dito je da IMzLjP tretira HZ HB kao krajnje negativnu pojavu, pri \u010demu se kao argument za takav stav pote\u017eu sudske presude protiv nekoliko hrvatskih du\u017enosnika na Me\u0111unarodnom kaznenom sudu za biv\u0161u Jugoslaviju u Den Haagu. U Reakciji se upozorava na presudu \u0161estorici du\u017enosnika HZ HB (slu\u010daj Prli\u0107 i ostali) kao \u201ena vrlo jasne, nedvosmislene i na dokazima utemeljene \u010dinjenice o ratu u Bosni i Hercegovini koje je dokumentirao Me\u0111unarodni kazneni sud za biv\u0161u Jugoslaviju (MKSJ)\u201c.&nbsp;<\/p>\n\n\n\n<p>Tako\u0111er se tvrdi da je tom \u201epresudom de facto i de iure, na fizi\u010dkim dokazima, svjedo\u010danstvima, dokumentima i drugim izvorima utemeljeno postojanje udru\u017eenog zlo\u010dina\u010dkog pothvata na \u010delu s hrvatskim politi\u010dkim i vojnim vodstvom, kao i postojanje me\u0111unarodnog sukoba izme\u0111u Republike Hrvatske i Bosne i Hercegovine\u201c. Nazor je optu\u017een za povijesni revizionizam, pri \u010demu se kao primjer takvog revizionizma navodi i nedavno objavljeni zbornik radova&nbsp;<em>Muslimansko (bo\u0161nja\u010dko) hrvatski rat s posebnim osvrtom na oru\u017eane sukobe i stradanja Hrvata u sredi\u0161njoj Bosni<\/em>. U zadnjem dijelu Reakcije u IMzLjP su se sjetili i mene s rije\u010dima:&nbsp;<\/p>\n\n\n\n<p>\u201eDa ovaj zbornik nije izolirani slu\u010daj, pokazuje knjiga povjesni\u010dara Davora Marijana, &#8216;Rat Hrvata i Muslimana u Bosni i Hercegovini od 1992. do 1994.&#8217; objavljena 2018. godine u kojoj ratni zlo\u010din u Ahmi\u0107ima opisuje na sljede\u0107i na\u010din:<\/p>\n\n\n\n<p>&#8216;Ahmi\u0107e je napala i zauzela 4. bojna Vojne policije s postrojbom Jokeri. U napadu HVO-a mnogo toga nije jasno osim \u0161to je do kraja dana selo zauzeto i gotovo uni\u0161teno, pri \u010demu je poginulo i ubijeno 88 osoba.&#8217;&nbsp;<\/p>\n\n\n\n<p>Svesti detaljno opisani ratni zlo\u010din u Ahmi\u0107ima na sintagmu kako &#8216;mnogo toga nije jasno&#8217; u najmanju je ruku problemati\u010dno, posebice kad dolazi od povjesni\u010dara koji je svoju znanstvenu karijeru posvetio upravo istra\u017eivanju doga\u0111aja vezanih za ratove devedesetih.&nbsp;<\/p>\n\n\n\n<p>Ovakvim i sli\u010dnim istupima hrvatska historiografija u Hrvatskoj, ali i Bosni i Hercegovini, iznova propu\u0161ta odmaknuti se od nacionalisti\u010dke pozicije koju revno njeguje desetlje\u0107ima, a koja je najplasti\u010dnije opisana u Deklaraciji o Domovinskom ratu 2000. i njezinom pandanu izglasanom u Mostaru sedamnaest i pol godina kasnije, Deklaraciji Hrvatskog narodnog sabora\u201c.<\/p>\n\n\n\n<p>U \u201enajmanju je ruku problemati\u010dno\u201c na ovakav na\u010din prezentirati moj osvrt na zlo\u010din u Ahmi\u0107ima u knjizi iz 2018. Navedena re\u010denica je to\u010dno prenesena, ali neto\u010dno je da je cijeli zlo\u010din sveden samo na tu re\u010denicu. Navedena re\u010denica se nalazi na str. 311 moje knjige i zavr\u0161ava s bilje\u0161kom 2001 u kojoj sam se referirao na: izvje\u0161taj 4. bojne Vojne policije HVO od 16. travnja 1993., zatim izvje\u0161taj HVO Vitez od istog dana i na kraju, na monografiju muslimanskog Tre\u0107eg korpusa ABiH iz 2014. u kojoj je naveden broj stradalih u Ahmi\u0107ima. S obzirom da nisam ignorirao \u017ertve pretpostavljam da u IMzLJP smatraju da je problem u sintagmi kako \u201emnogo toga nije jasno\u201c. Naime, nakon prenesene re\u010denice slijedi jo\u0161 nekoliko na kojima obja\u0161njavam \u0161to to nije jasno. Te re\u010denice navodim s bilje\u0161kama na kojima se temelje:&nbsp;&nbsp;&nbsp; &nbsp;&nbsp;&nbsp;<\/p>\n\n\n\n<p>\u201ePrema hrvatskim procjenama, u selu je bio najmanje vod prostorne strukture bez oja\u010danja sa strane.<a href=\"#_ftn1\"><sup>[1]<\/sup><\/a> Bo\u0161nja\u010dki autori negiraju da je u selu uop\u0107e bilo vojnika premda to potvr\u0111uje dnevnik \u010dlana \u0160taba Teritorijalne obrane Vitez Eniza Varupe.<a href=\"#_ftn2\"><sup>[2]<\/sup><\/a> S rijetkim iznimkama, bo\u0161nja\u010dki autori pre\u0161u\u0107uju i da je Komanda 3. korpusa 16. travnja poslala \u010detu 7. muslimanske brigade da pomogne i oja\u010da obranu Ahmi\u0107a i izvede protunapad na smjeru Ahmi\u0107i \u2013 \u0160anti\u0107i \u2013 Dubravica.<a href=\"#_ftn3\"><sup>[3]<\/sup><\/a> Iz naredbe je o\u010dito da je u obrani sela netko ve\u0107 bio anga\u017eiran. S crte Jelinak \u2013 Lon\u010dari u napad prema Ahmi\u0107ima poslan je i jedan oja\u010dani bataljun 303. brdske brigade da zauzme dominantne objekte i ovlada prometnicom izme\u0111u Busova\u010de i Viteza na dijelu Kaoni\u010dka kosa \u2013 Nadioci \u2013 Ahmi\u0107i.<a href=\"#_ftn4\"><sup>[4]<\/sup><\/a> Zauzimanjem Ahmi\u0107a HVO je otklonio opasnost od presijecanja prometnice Vitez \u2013 Busova\u010da kao i mogu\u0107nost da se zbog svojeg dominantnog polo\u017eaja koristi za nadzor te prometnice\u201c.<\/p>\n\n\n\n<p>Uz ovaj odlomak naveo bih jo\u0161 ne\u0161to \u0161to se mo\u017ee svesti pod sintagmu da \u201emnogo toga nije jasno\u201c u svezi ratnog zlo\u010dina HVO-a u selu Ahmi\u0107i. Mnogo toga nije jasno i u svezi navodnog sastanka na kojem je dogovoren preventivni odgovor HVO-a za koji je izvor bio za\u0161ti\u0107eni svjedok koji na njemu nije bio, a \u0161to nije bila zaprjeka sudu da bez razumne sumnje prihvati njegovo svjedo\u010denje.<\/p>\n\n\n\n<p>S obzirom da su u pitanju \u201emladi aktivisti\u201c sjetih se one narodne izreke \u201emladost-ludost\u201c, tj. zaigrala se djeca i brbljaju o ne\u010dem \u0161to slabo poznaju. Da ne\u0161to razumiju dr\u017eali bi se vrijednosti koje imaju u svom imenu, a to su ljudska prava. Zar nije jedno od bitnih ljudskih prava, pravo na mi\u0161ljenje?<\/p>\n\n\n\n<p>No o\u010dito ne i kod IMzLJP, pa im predla\u017eem da promjene ime udruge, primjerice u: Selektivna inicijativa mladih za ljudska prava. Da se radi o mladcima koji olako koriste prejaku rije\u010d vidi se iz prvih re\u010denica s kojima se predstavljaju na svom portalu. Kada vam netko ka\u017ee da &nbsp;da je svrha njegovog postojanja doprinos \u201eostvarenju pravde u slu\u010dajevima ratnih zlo\u010dina, pomirenju unutar Hrvatske i s regijom te oja\u010davanju demokracije\u201c, te navede da mu je u \u201etemeljima \u2026 pristupa\u201c izme\u0111u ostalog \u201eostvarivanje prava na istinu\u201c, znate da imate posla s politi\u010dkim aktivizmom koji njeguje isklju\u010divo monolog. Istina je sfera sakralnog, a u svjetovnom filozofije. A kada je u pitanju rat Hrvata i Muslimana u BiH \u201eistina\u201c je o\u010dito samo ono \u0161to pi\u0161e u presudama Ha\u0161kog suda i na jednu od njih, onu \u0161estorice su u IMzLjP stavili poveznicu. To su za njih sudski utvr\u0111ene \u010dinjenice kojih se svi moraju pridr\u017eavati, uklju\u010duju\u0107i i povjesni\u010dare, u protivnom pote\u017eu optu\u017ebe za povijesni revizionizam. Presude su samo jedna od interpretacija sukoba koje se temelji na selektivno odabranim dokumentima, iskrivljivanju \u010dinjenica i besramnom favoriziranju jedne strane u sudskom sporu, one tu\u017eiteljeve.<\/p>\n\n\n\n<p>Rat Hrvata i Muslimana eskalirao je u travnju 1993. a prethodio mu je sukob u dolini Vrbasa, tj. podru\u010dju op\u0107ine Uskoplje \u2013 Gornji Vakuf koji je izazvala muslimanska strana kada je u prosincu 1992. po\u010dela dovoditi snage iz sredi\u0161nje Bosne i usmjeravati ih prema prijevoju Makljen. To je bio povod za sukob, a ne \u0161irenje Herceg-Bosne kako se tvrdi u presudi \u0161estorici du\u017enosnika Herceg-Bosne. U mojoj knjizi su dani argumenti za to i zainteresiranim \u010ditateljima predla\u017eem da ih usporede s kontekstualnim \u201e\u010dinjenicama\u201c koje je za ovaj slu\u010daj utvrdio Sud. Cijela optu\u017eba se zapravo temelji na zapovijedi predsjednika HVO-a, Jadranka Prli\u0107a od 15. sije\u010dnja 1993. koja je napisana tri dana nakon \u0161to je po\u010deo sukob u dolini Vrbasa. A na osnovi te zapovijedi je iskonstruiran i povod za sukob u travnju 1993. na temelju sjednice Hrvatske zajednice Herceg-Bosna od 3. travnja na kojoj je navodno donesena politi\u010dka odluku o provedbi odredbi Vance-Owenova plana. Dokaz na kojem je Tu\u017eiteljstvo gradilo, a suci prihvatili takvu tvrdnju jest vijest novinske agencije <em>Reuters<\/em> objavljena u jednim srpskim novinama 5. travnja 1993. \u201eUltimatum\u201c je zapravo bio prijedlog izjave, tj. vojnog sporazuma koju je HVO planirao poslati Aliji Izetbegovi\u0107u na potpis. Sud je to prihvatio kao \u010dinjenicu premda se na njihovo tra\u017eenje Izetbegovi\u0107 22. srpnja 1997. o\u010ditovao da nije potpisao izjavu i da je nema u \u201edokumentaciji kojom\u201d raspola\u017ee. Izmi\u0161ljeni \u201eultimatum\u201c naveden je kao hrvatski krimen u presudi Dariju Kordi\u0107u i Mariju \u010cerkezu. U analizi Tu\u017eiteljstva Ha\u0161kog suda izra\u0111enoj za slu\u010daj Prli\u0107 i ostali ultimatum se ne spominje izrijekom, nego se posredno uvodi u interpretaciji Zapisnika sa sjednice HVO-a od 3. travnja, uz napomenu da to\u010dke 3. do 6. sli\u010de \u201eultimatumu kojeg je Jadranko Prli\u0107 izdao 15. sije\u010dnja 1993. godine\u201d. I to je sudski utvr\u0111ena \u010dinjenica\u201c koju bih ja kao profesionalni povjesni\u010dar trebao po\u0161tivati?<\/p>\n\n\n\n<p>Jo\u0161 je grotesknija \u201esudski utvr\u0111ena \u010dinjenica\u201c iz presude \u0160estorici da je HVO kriv za travanjske sukobe u sredi\u0161njoj Bosni i sjevernoj Hercegovini, na temelju dviju zapovijedi u kojima je brigada HVO-a iz \u010capljine zahtijevala da se postrojba Armije BiH izmjesti iz njezine zone odgovornosti s podru\u010dja op\u0107ine Stolac. Te zapovijedi su potom postale \u201esudski utvr\u0111ena \u010dinjenica\u201c o ultimatumu Hrvatske zajednice Herceg-Bosne i op\u0107im mjerama koje je Glavni sto\u017eer HVO-a poduzeo na temelju njega. Ni jedna od tih navodnih mjera nije prilo\u017eena \u0161to nije \u010dudno, jer ih nema. No to nije bila zaprjeka da to\u010dkom 471 Presude (1. tom) suci sugeriraju da je HVO kriv za sukobe koji su oko \u201e15. aprila 1993. izbili \u2026 izme\u0111u HVO-a i Armije BiH, konkretno u op\u0161tinama Prozor i Jablanica\u201d premda su prihvatili dokaz iz sije\u010dnja 1994. u kojem je Komanda 6. korpusa Armije BiH priznala da je 14. travnja \u201epreventivno\u201d napala HVO. Zna\u010di, ako Sud presudi da je kru\u0161ka jabuka, slu\u010daj je zavr\u0161en i tu nema vi\u0161e rasprave, to je jabuka. \u201eIstina\u201c na razini vica o Muji koji vodi svinju na povodcu i mrmlja sebi u bradu: \u201eRok\u0107&#8217;o ti ne rok&#8217;\u0107o, ti si za mene ovca\u201c.<\/p>\n\n\n\n<hr class=\"wp-block-separator\"\/>\n\n\n\n<p><em>Davor Marijan<\/em><\/p>\n\n\n\n<hr class=\"wp-block-separator\"\/>\n\n\n\n<p><a href=\"#_ftnref1\">[1]<\/a> C. R. SHRADER, <em>Muslimansko-hrvatski gra\u0111anski rat u srednjoj Bosni<\/em>, 148-149.<\/p>\n\n\n\n<p><a href=\"#_ftnref2\">[2]<\/a> Prema dnevniku Eniza Varupe, u Ahmi\u0107ima je bila \u010deta od 85 vojnika. U istom redu dodana su i sela Nadioci i Piri\u0107i, pa se vjerojatno radilo o \u010deti na razini mjesne zajednice Ahmi\u0107i. Nadnevak upisa je nejasan, no \u010dini se da je prije u pitanju travanj 1992. nego travanj 1993. godine. ICTY: Dnevnik Eniza Varupe. O borbama za selo u: E. HAD\u017dIHASANOVI\u0106, \u201eNajzna\u010dajnija borbena dejstva u zoni odgovornosti 3. korpusa u 1993. godini\u201d, <em>Ratna 1993. godina<\/em>, 55-56; Rasim MURATOVI\u0106, <em>Genocid u Ahmi\u0107ima 1993.<\/em>, Institut za istra\u017eivanje zlo\u010dina protiv \u010dovje\u010dnosti i me\u0111unarodnog prava Univerziteta u Sarajevu, Udru\u017eenje gra\u0111ana \u017ertava rata &#8217;92-&#8217;95. \u201e16. april\u201d Ahmi\u0107i, Sarajevo, 2013., 59-61; <em>Tre\u0107i korpus Armije BiH (1992-1995)<\/em>, 207-208.<\/p>\n\n\n\n<p><a href=\"#_ftnref3\">[3]<\/a> ICTY: Komanda 3. korpusa RBiH, Nare\u0111enje, str. pov. br. 02\/33-872 od 16. 4. 1993.;<em> Tre\u0107i korpus Armije BiH (1992-1995)<\/em>, 209.<\/p>\n\n\n\n<p><a href=\"#_ftnref4\">[4]<\/a> ICTY: Komanda 3. korpusa RBiH, Nare\u0111enje, str. pov. br. 02\/33-898 od 16. 4. 1993.; ICTY: Komanda 3. korpusa RBiH, Nare\u0111enje, str. pov. br. 02\/33-890 od 16. 4. 1993.<\/p>\n\n\n\n<hr class=\"wp-block-separator\"\/>\n\n\n\n<p><em>Uredni\u0161tvo portala Historiografija.hr ne odgovara za tvrdnje izre\u010dene u osvrtima, raspravama i polemikama. Svoje kriti\u010dke osvrte, reagiranja i polemi\u010dke priloge mo\u017eete slati na e-mail adresu urednika portala bjankovi@m.ffzg.hr<\/em><\/p>\n\n\n\n<hr class=\"wp-block-separator\"\/>\n","protected":false},"excerpt":{"rendered":"","protected":false},"author":2,"featured_media":0,"comment_status":"open","ping_status":"open","sticky":false,"template":"","format":"standard","meta":{"_acf_changed":false,"jetpack_post_was_ever_published":false,"_jetpack_newsletter_access":"","_jetpack_dont_email_post_to_subs":false,"_jetpack_newsletter_tier_id":0,"_jetpack_memberships_contains_paywalled_content":false,"_jetpack_memberships_contains_paid_content":false,"footnotes":"","jetpack_publicize_message":"","jetpack_publicize_feature_enabled":true,"jetpack_social_post_already_shared":true,"jetpack_social_options":{"image_generator_settings":{"template":"highway","default_image_id":0,"font":"","enabled":false},"version":2}},"categories":[4,17],"tags":[],"class_list":["post-43536","post","type-post","status-publish","format-standard","hentry","category-osvrti","category-rasprave"],"acf":{"facebook_opis":""},"jetpack_publicize_connections":[],"jetpack_featured_media_url":"","jetpack_sharing_enabled":true,"jetpack-related-posts":[{"id":52666,"url":"https:\/\/historiografija.hr\/?p=52666","url_meta":{"origin":43536,"position":0},"title":"Najava programa Festivala povijesti Kliofest (5-8. V. 2026)","author":"Branimir Jankovi\u0107","date":"24. travnja 2026.","format":false,"excerpt":"Po trinaesti put odr\u017eava se Festival povijesti Kliofest! Do petka \u0107emo odr\u017eati osam okruglih stolova i dva kolokvija te niz predstavljanja knjiga i projekata razli\u010dite tematike, od antike do suvremenosti. Bit \u0107e predstavljeno i nekoliko izlo\u017ebi te odr\u017ean jedan povijesni kviz. Prikazat \u0107emo i jedan film \u2013 o generalu Boroevi\u0107u.\u2026","rel":"","context":"U &quot;Novosti&quot;","block_context":{"text":"Novosti","link":"https:\/\/historiografija.hr\/?cat=3"},"img":{"alt_text":"","src":"https:\/\/i0.wp.com\/historiografija.hr\/wp-content\/uploads\/2026\/04\/Kliofest-2026.jpg?fit=526%2C526&ssl=1&resize=350%2C200","width":350,"height":200,"srcset":"https:\/\/i0.wp.com\/historiografija.hr\/wp-content\/uploads\/2026\/04\/Kliofest-2026.jpg?fit=526%2C526&ssl=1&resize=350%2C200 1x, https:\/\/i0.wp.com\/historiografija.hr\/wp-content\/uploads\/2026\/04\/Kliofest-2026.jpg?fit=526%2C526&ssl=1&resize=525%2C300 1.5x"},"classes":[]},{"id":52505,"url":"https:\/\/historiografija.hr\/?p=52505","url_meta":{"origin":43536,"position":1},"title":"Izlo\u017eba &#8220;Eschenstock \/ Jasenov prut&#8221;","author":"Branimir Jankovi\u0107","date":"17. travnja 2026.","format":false,"excerpt":"Srpsko narodno vije\u0107e (SNV) i Vizura aperta postavljaju izlo\u017ebu \u0161vicarskog slikara Velimira Ili\u0161evi\u0107a: Eschenstock \/ Jasenov prut. Izlo\u017eba se uz prisustvo autora otvara povodom 81. godi\u0161njice proboja logora\u0161a iz usta\u0161kog logora smrti Jasenovac 22. aprila 2026. u 19 sati u Srpskom kulturnom centru (SKC) u Preradovi\u0107evoj ulici 21 u Zagrebu.\u2026","rel":"","context":"U &quot;Izlo\u017ebe&quot;","block_context":{"text":"Izlo\u017ebe","link":"https:\/\/historiografija.hr\/?cat=10"},"img":{"alt_text":"","src":"https:\/\/i0.wp.com\/historiografija.hr\/wp-content\/uploads\/2026\/04\/Jasenov_prut.jpg?fit=1024%2C640&ssl=1&resize=350%2C200","width":350,"height":200,"srcset":"https:\/\/i0.wp.com\/historiografija.hr\/wp-content\/uploads\/2026\/04\/Jasenov_prut.jpg?fit=1024%2C640&ssl=1&resize=350%2C200 1x, https:\/\/i0.wp.com\/historiografija.hr\/wp-content\/uploads\/2026\/04\/Jasenov_prut.jpg?fit=1024%2C640&ssl=1&resize=525%2C300 1.5x, https:\/\/i0.wp.com\/historiografija.hr\/wp-content\/uploads\/2026\/04\/Jasenov_prut.jpg?fit=1024%2C640&ssl=1&resize=700%2C400 2x"},"classes":[]},{"id":52589,"url":"https:\/\/historiografija.hr\/?p=52589","url_meta":{"origin":43536,"position":2},"title":"Predstavljena knjiga Miomira \u017du\u017eula &#8220;Dayton: Diplomacija &#8211; druga strana rata&#8221;","author":"Branimir Jankovi\u0107","date":"22. travnja 2026.","format":false,"excerpt":"Knjiga Miomira \u017du\u017eula \u201eDayton: Diplomacija \u2013 druga strana rata\u201d predstavljena je u srijedu, 22. travnja 2026. godine u foajeu Hrvatskoga narodnog kazali\u0161ta u Zagrebu. Op\u0161irnije: https:\/\/vijesti.hrt.hr\/hrvatska\/predstavljena-knjiga-miomira-zuzula-dayton-diplomacija-druga-strana-rata-12683259 https:\/\/www.vecernji.ba\/amp\/vijesti\/zuzulova-knjiga-o-daytonu-predstavljena-u-zagrebu-diplomacija-kao-druga-strana-rata-1953700 https:\/\/www.tportal.hr\/vijesti\/clanak\/bivsi-sanaderov-ministar-odrzao-promociju-evo-tko-je-sve-dosao-na-predstavljanje-knjige-miomira-zuzula-foto-20260422 https:\/\/direktno.hr\/zivot\/kultura\/zuzul-otkrio-sve-o-drugoj-strani-rata-za-hrvatsku-se-nije-libio-povuci-nekoga-i-za-kosu-395042 https:\/\/www.24sata.hr\/news\/miomir-zuzul-predstavio-je-knjigu-o-daytonu-diplomacija-je-bila-druga-strana-rata-1123152 https:\/\/www.vecernji.hr\/kultura\/kolinda-grabar-kitarovic-otvoreno-miomir-zuzul-nije-vukao-samo-za-rukav-nego-i-za-kosu-1953722 https:\/\/www.vecernji.hr\/kultura\/i-papa-lav-xiv-eksplicitno-je-daytonski-sporazum-istaknuo-kao-primjer-uspjesna-rjesavanja-sukoba-1952215","rel":"","context":"U &quot;Novosti&quot;","block_context":{"text":"Novosti","link":"https:\/\/historiografija.hr\/?cat=3"},"img":{"alt_text":"","src":"https:\/\/i0.wp.com\/historiografija.hr\/wp-content\/uploads\/2026\/04\/Dayton.jpg?fit=1024%2C683&ssl=1&resize=350%2C200","width":350,"height":200,"srcset":"https:\/\/i0.wp.com\/historiografija.hr\/wp-content\/uploads\/2026\/04\/Dayton.jpg?fit=1024%2C683&ssl=1&resize=350%2C200 1x, https:\/\/i0.wp.com\/historiografija.hr\/wp-content\/uploads\/2026\/04\/Dayton.jpg?fit=1024%2C683&ssl=1&resize=525%2C300 1.5x, https:\/\/i0.wp.com\/historiografija.hr\/wp-content\/uploads\/2026\/04\/Dayton.jpg?fit=1024%2C683&ssl=1&resize=700%2C400 2x"},"classes":[]},{"id":52592,"url":"https:\/\/historiografija.hr\/?p=52592","url_meta":{"origin":43536,"position":3},"title":"Predstavljanje knjige &#8220;Turska ku\u0107a u Rijeci&#8221; u Zagrebu","author":"Branimir Jankovi\u0107","date":"22. travnja 2026.","format":false,"excerpt":"U prostorijama Turskog kulturnog centra Yunus Emre u Zagrebu, u utorak 21. travnja 2026. godine, odr\u017eano je sve\u010dano predstavljanje dopunjenog izdanja knjige Turska ku\u0107a u Rijeci, u organizaciji Hrvatsko-turskog dru\u0161tva Rijeka i partnerstvu sa Skupinom prijateljstva Hrvatska-Turska Hrvatskog sabora, Veleposlanstvom Republike Turske u Republici Hrvatskoj te Turskim kulturnim centrom Yunus\u2026","rel":"","context":"U &quot;Novosti&quot;","block_context":{"text":"Novosti","link":"https:\/\/historiografija.hr\/?cat=3"},"img":{"alt_text":"","src":"https:\/\/i0.wp.com\/historiografija.hr\/wp-content\/uploads\/2026\/04\/Turska-kuca-ZG.jpg?fit=1200%2C800&ssl=1&resize=350%2C200","width":350,"height":200,"srcset":"https:\/\/i0.wp.com\/historiografija.hr\/wp-content\/uploads\/2026\/04\/Turska-kuca-ZG.jpg?fit=1200%2C800&ssl=1&resize=350%2C200 1x, https:\/\/i0.wp.com\/historiografija.hr\/wp-content\/uploads\/2026\/04\/Turska-kuca-ZG.jpg?fit=1200%2C800&ssl=1&resize=525%2C300 1.5x, https:\/\/i0.wp.com\/historiografija.hr\/wp-content\/uploads\/2026\/04\/Turska-kuca-ZG.jpg?fit=1200%2C800&ssl=1&resize=700%2C400 2x, https:\/\/i0.wp.com\/historiografija.hr\/wp-content\/uploads\/2026\/04\/Turska-kuca-ZG.jpg?fit=1200%2C800&ssl=1&resize=1050%2C600 3x"},"classes":[]},{"id":52628,"url":"https:\/\/historiografija.hr\/?p=52628","url_meta":{"origin":43536,"position":4},"title":"Predavanje dopisnog \u010dlana HAZU Alaina Finkielkrauta Izrael, Europa, antisemitizam","author":"Branimir Jankovi\u0107","date":"23. travnja 2026.","format":false,"excerpt":"Francuski filozof Alain Finkielkraut, redoviti \u010dlan Francuske akademije i dopisni \u010dlan HAZU, odr\u017eat \u0107e predavanje\u00a0Izrael, Europa, antisemitizam u utorak 28. travnja 2026. u 13 sati u Knji\u017enici HAZU,\u00a0Strossmayerov trg 14 u Zagrebu. Uvodne rije\u010di odr\u017eat \u0107e\u00a0akademkinja \u017deljka \u010corak i\u00a0akademik Dra\u017een Katunari\u0107. Predavanje \u0107e se odr\u017eati na francuskom jeziku uz konsekutivno\u2026","rel":"","context":"U &quot;Novosti&quot;","block_context":{"text":"Novosti","link":"https:\/\/historiografija.hr\/?cat=3"},"img":{"alt_text":"","src":"https:\/\/i0.wp.com\/historiografija.hr\/wp-content\/uploads\/2026\/04\/Alain_Finkielkraut.jpg?fit=350%2C407&ssl=1&resize=350%2C200","width":350,"height":200},"classes":[]},{"id":52508,"url":"https:\/\/historiografija.hr\/?p=52508","url_meta":{"origin":43536,"position":5},"title":"Glazbena radionica \u201eDUGMETARA REVISITED\u201c","author":"Branimir Jankovi\u0107","date":"17. travnja 2026.","format":false,"excerpt":"DUGMETARA REVISITED glazbena radionica vodi: Ana Horvat 13., 20. i 27. travnja, od 18 do 20 sati Radiona, Nova cesta 186 Na tri radioni\u010dka susreta uranjamo u naslje\u0111e Dugmetare, biv\u0161e tvornice dugmadi na Savskoj cesti koja je po\u010detkom 2000-ih igrom slu\u010daja postala \u017eivo, jedinstveno mjesto glazbene proizvodnje. Svoje su probe\u2026","rel":"","context":"U &quot;Novosti&quot;","block_context":{"text":"Novosti","link":"https:\/\/historiografija.hr\/?cat=3"},"img":{"alt_text":"","src":"https:\/\/i0.wp.com\/historiografija.hr\/wp-content\/uploads\/2026\/04\/TRESNJA_TRESTI.jpg?fit=380%2C475&ssl=1&resize=350%2C200","width":350,"height":200},"classes":[]}],"_links":{"self":[{"href":"https:\/\/historiografija.hr\/index.php?rest_route=\/wp\/v2\/posts\/43536","targetHints":{"allow":["GET"]}}],"collection":[{"href":"https:\/\/historiografija.hr\/index.php?rest_route=\/wp\/v2\/posts"}],"about":[{"href":"https:\/\/historiografija.hr\/index.php?rest_route=\/wp\/v2\/types\/post"}],"author":[{"embeddable":true,"href":"https:\/\/historiografija.hr\/index.php?rest_route=\/wp\/v2\/users\/2"}],"replies":[{"embeddable":true,"href":"https:\/\/historiografija.hr\/index.php?rest_route=%2Fwp%2Fv2%2Fcomments&post=43536"}],"version-history":[{"count":5,"href":"https:\/\/historiografija.hr\/index.php?rest_route=\/wp\/v2\/posts\/43536\/revisions"}],"predecessor-version":[{"id":43556,"href":"https:\/\/historiografija.hr\/index.php?rest_route=\/wp\/v2\/posts\/43536\/revisions\/43556"}],"wp:attachment":[{"href":"https:\/\/historiografija.hr\/index.php?rest_route=%2Fwp%2Fv2%2Fmedia&parent=43536"}],"wp:term":[{"taxonomy":"category","embeddable":true,"href":"https:\/\/historiografija.hr\/index.php?rest_route=%2Fwp%2Fv2%2Fcategories&post=43536"},{"taxonomy":"post_tag","embeddable":true,"href":"https:\/\/historiografija.hr\/index.php?rest_route=%2Fwp%2Fv2%2Ftags&post=43536"}],"curies":[{"name":"wp","href":"https:\/\/api.w.org\/{rel}","templated":true}]}}