{"id":43534,"date":"2024-11-25T10:33:20","date_gmt":"2024-11-25T10:33:20","guid":{"rendered":"http:\/\/historiografija.hr\/?p=43534"},"modified":"2024-11-25T10:33:20","modified_gmt":"2024-11-25T10:33:20","slug":"regionalna-cajanka-predavanje-milivoja-beslina-jugoslavija-kao-emancipacija-identitetske-karakteristike-kao-temelj-drzavnog-i-drustvenog-ekscepcionalizma","status":"publish","type":"post","link":"https:\/\/historiografija.hr\/?p=43534","title":{"rendered":"Regionalna \u010dajanka: Predavanje Milivoja Be\u0161lina \u201eJugoslavija kao emancipacija \u2013 identitetske karakteristike kao temelj dr\u017eavnog i dru\u0161tvenog ekscepcionalizma\u201c"},"content":{"rendered":"\n<p>Pozivamo Vas na predavanje<br>\u00a0<br><strong>dr Milivoja Be\u0161lina<\/strong><br>Institut za filozofiju i dru\u0161tvenu teoriju<br>Univerzitet u Beogradu<br><br>na temu<br><em>Jugoslavija kao emancipacija \u2013 Identitetske karakteristike kao temelj dr\u017eavnog i dru\u0161tvenog ekscepcionalizma<\/em><br>\u00a0\u00a0<br>Predavanje \u0107e se odr\u017eati<br>u sredu<strong> 27. novembra 2024. godine u 12 \u010dasova<\/strong><br>u Institutu dru\u0161tvenih nauka u Beogradu (ulica Kraljice Natalije br. 45),<br>u Velikoj sali na prvom spratu.<br><br>Moderator predavanja i diskusije je dr Goran Ba\u0161i\u0107 (IDN).\u00a0<br>\u00a0<br>Predavanje mo\u017eete pratiti i onlajn putem zoom platforme.<\/p>\n\n\n\n<p><a href=\"https:\/\/zoom.us\/j\/98866006468?pwd=mqydgXvXWd5aa8pxASaScVmHjT2NUq.1\">https:\/\/zoom.us\/j\/98866006468?pwd=mqydgXvXWd5aa8pxASaScVmHjT2NUq.1<\/a><\/p>\n\n\n\n<p>Meeting ID: 988 6600 6468<br>Passcode: 704825<\/p>\n\n\n\n<hr class=\"wp-block-separator\"\/>\n\n\n\n<p>Op\u0161irnije:<\/p>\n\n\n\n<p><a href=\"https:\/\/idn.org.rs\/regionalna-cajanka-sa-milivojem-beslinom-jugoslavija-kao-emancipacija-identitetske-karakteristike-kao-temelj-drzavnog-i-drustvenog-ekscepcionalizma\/\">https:\/\/idn.org.rs\/regionalna-cajanka-sa-milivojem-beslinom-jugoslavija-kao-emancipacija-identitetske-karakteristike-kao-temelj-drzavnog-i-drustvenog-ekscepcionalizma\/<\/a><\/p>\n\n\n\n<figure class=\"wp-block-embed-wordpress wp-block-embed is-type-wp-embed is-provider-ancsee-network\"><div class=\"wp-block-embed__wrapper\">\n<blockquote class=\"wp-embedded-content\" data-secret=\"Pfe31OBZq0\"><a href=\"https:\/\/ancsee.org\/regional-tea-party-with-milivoj-beslin-yugoslavia-as-emancipation\/\">&#8220;Tea party&#8221; with Milivoj Be\u0161lin: The emancipatory potential of Yugoslavia<\/a><\/blockquote><iframe loading=\"lazy\" class=\"wp-embedded-content\" sandbox=\"allow-scripts\" security=\"restricted\" style=\"position: absolute; clip: rect(1px, 1px, 1px, 1px);\" title=\"&#8220;&#8220;Tea party&#8221; with Milivoj Be\u0161lin: The emancipatory potential of Yugoslavia&#8221; &#8212; ANCSEE Network\" src=\"https:\/\/ancsee.org\/regional-tea-party-with-milivoj-beslin-yugoslavia-as-emancipation\/embed\/#?secret=NfYnm6wlnz#?secret=Pfe31OBZq0\" data-secret=\"Pfe31OBZq0\" width=\"600\" height=\"338\" frameborder=\"0\" marginwidth=\"0\" marginheight=\"0\" scrolling=\"no\"><\/iframe>\n<\/div><\/figure>\n\n\n\n<hr class=\"wp-block-separator\"\/>\n","protected":false},"excerpt":{"rendered":"","protected":false},"author":2,"featured_media":40214,"comment_status":"open","ping_status":"open","sticky":false,"template":"","format":"standard","meta":{"_acf_changed":false,"jetpack_post_was_ever_published":false,"_jetpack_newsletter_access":"","_jetpack_dont_email_post_to_subs":false,"_jetpack_newsletter_tier_id":0,"_jetpack_memberships_contains_paywalled_content":false,"_jetpack_memberships_contains_paid_content":false,"footnotes":"","jetpack_publicize_message":"","jetpack_publicize_feature_enabled":true,"jetpack_social_post_already_shared":true,"jetpack_social_options":{"image_generator_settings":{"template":"highway","default_image_id":0,"font":"","enabled":false},"version":2}},"categories":[3],"tags":[],"class_list":["post-43534","post","type-post","status-publish","format-standard","has-post-thumbnail","hentry","category-novosti"],"acf":{"facebook_opis":""},"jetpack_publicize_connections":[],"jetpack_featured_media_url":"https:\/\/i0.wp.com\/historiografija.hr\/wp-content\/uploads\/2024\/03\/cajanka-2024-lat.jpg?fit=1920%2C1080&ssl=1","jetpack_sharing_enabled":true,"jetpack-related-posts":[],"_links":{"self":[{"href":"https:\/\/historiografija.hr\/index.php?rest_route=\/wp\/v2\/posts\/43534","targetHints":{"allow":["GET"]}}],"collection":[{"href":"https:\/\/historiografija.hr\/index.php?rest_route=\/wp\/v2\/posts"}],"about":[{"href":"https:\/\/historiografija.hr\/index.php?rest_route=\/wp\/v2\/types\/post"}],"author":[{"embeddable":true,"href":"https:\/\/historiografija.hr\/index.php?rest_route=\/wp\/v2\/users\/2"}],"replies":[{"embeddable":true,"href":"https:\/\/historiografija.hr\/index.php?rest_route=%2Fwp%2Fv2%2Fcomments&post=43534"}],"version-history":[{"count":1,"href":"https:\/\/historiografija.hr\/index.php?rest_route=\/wp\/v2\/posts\/43534\/revisions"}],"predecessor-version":[{"id":43535,"href":"https:\/\/historiografija.hr\/index.php?rest_route=\/wp\/v2\/posts\/43534\/revisions\/43535"}],"wp:featuredmedia":[{"embeddable":true,"href":"https:\/\/historiografija.hr\/index.php?rest_route=\/wp\/v2\/media\/40214"}],"wp:attachment":[{"href":"https:\/\/historiografija.hr\/index.php?rest_route=%2Fwp%2Fv2%2Fmedia&parent=43534"}],"wp:term":[{"taxonomy":"category","embeddable":true,"href":"https:\/\/historiografija.hr\/index.php?rest_route=%2Fwp%2Fv2%2Fcategories&post=43534"},{"taxonomy":"post_tag","embeddable":true,"href":"https:\/\/historiografija.hr\/index.php?rest_route=%2Fwp%2Fv2%2Ftags&post=43534"}],"curies":[{"name":"wp","href":"https:\/\/api.w.org\/{rel}","templated":true}]}}