{"id":43509,"date":"2024-11-22T15:31:25","date_gmt":"2024-11-22T15:31:25","guid":{"rendered":"http:\/\/historiografija.hr\/?p=43509"},"modified":"2024-11-22T15:31:25","modified_gmt":"2024-11-22T15:31:25","slug":"izlozba-medieval-women-in-their-own-words","status":"publish","type":"post","link":"https:\/\/historiografija.hr\/?p=43509","title":{"rendered":"Izlo\u017eba \u201eMedieval Women: In Their Own Words\u201c"},"content":{"rendered":"\n<p>U Londonu je od 25. listopada 2024. do 2. o\u017eujka 2025. u tijeku izlo\u017eba \u201eSrednjovjekovne \u017eene\u201c u organizaciji Britanske knji\u017enice (British Library), nacionalne knji\u017enice Velike Britanije. Mnogi dijelovi izlo\u017ebe dostupni su i u virtualnom obliku, na poveznici u prilogu.<\/p>\n\n\n\n<hr class=\"wp-block-separator\"\/>\n\n\n\n<p><strong>British Library<\/strong><\/p>\n\n\n\n<p>Exhibition<\/p>\n\n\n\n<p><strong>Medieval Women: In Their Own Words<\/strong><\/p>\n\n\n\n<hr class=\"wp-block-separator\"\/>\n\n\n\n<p>With over 140 extraordinary items, discover the rich and complex lives of women of medieval Europe, both famous and forgotten, through their own words, visions and experiences.<\/p>\n\n\n\n<hr class=\"wp-block-separator\"\/>\n\n\n\n<p>Our latest exhibition introduces the women of medieval Europe through their own words, visions and experiences. Discover the themes of the exhibition and some of the star items in our digital webspace.<\/p>\n\n\n\n<p><em>Medieval Women: In Their Own Words <\/em>is supported by Joanna and Graham Barker and Unwin Charitable Trust.<\/p>\n\n\n\n<hr class=\"wp-block-separator\"\/>\n\n\n\n<p>Find out more about the exhibition<\/p>\n\n\n\n<p><a href=\"https:\/\/www.bl.uk\/whats-on\/medieval-women\/\">https:\/\/www.bl.uk\/whats-on\/medieval-women\/<\/a><\/p>\n\n\n\n<hr class=\"wp-block-separator\"\/>\n","protected":false},"excerpt":{"rendered":"","protected":false},"author":2,"featured_media":43510,"comment_status":"open","ping_status":"open","sticky":false,"template":"","format":"standard","meta":{"_acf_changed":false,"jetpack_post_was_ever_published":false,"_jetpack_newsletter_access":"","_jetpack_dont_email_post_to_subs":false,"_jetpack_newsletter_tier_id":0,"_jetpack_memberships_contains_paywalled_content":false,"_jetpack_memberships_contains_paid_content":false,"footnotes":"","jetpack_publicize_message":"","jetpack_publicize_feature_enabled":true,"jetpack_social_post_already_shared":true,"jetpack_social_options":{"image_generator_settings":{"template":"highway","default_image_id":0,"font":"","enabled":false},"version":2}},"categories":[10,3],"tags":[],"class_list":["post-43509","post","type-post","status-publish","format-standard","has-post-thumbnail","hentry","category-izlozbe","category-novosti"],"acf":{"facebook_opis":""},"jetpack_publicize_connections":[],"jetpack_featured_media_url":"https:\/\/i0.wp.com\/historiografija.hr\/wp-content\/uploads\/2024\/11\/logo_MW.png?fit=900%2C526&ssl=1","jetpack_sharing_enabled":true,"jetpack-related-posts":[],"_links":{"self":[{"href":"https:\/\/historiografija.hr\/index.php?rest_route=\/wp\/v2\/posts\/43509","targetHints":{"allow":["GET"]}}],"collection":[{"href":"https:\/\/historiografija.hr\/index.php?rest_route=\/wp\/v2\/posts"}],"about":[{"href":"https:\/\/historiografija.hr\/index.php?rest_route=\/wp\/v2\/types\/post"}],"author":[{"embeddable":true,"href":"https:\/\/historiografija.hr\/index.php?rest_route=\/wp\/v2\/users\/2"}],"replies":[{"embeddable":true,"href":"https:\/\/historiografija.hr\/index.php?rest_route=%2Fwp%2Fv2%2Fcomments&post=43509"}],"version-history":[{"count":1,"href":"https:\/\/historiografija.hr\/index.php?rest_route=\/wp\/v2\/posts\/43509\/revisions"}],"predecessor-version":[{"id":43511,"href":"https:\/\/historiografija.hr\/index.php?rest_route=\/wp\/v2\/posts\/43509\/revisions\/43511"}],"wp:featuredmedia":[{"embeddable":true,"href":"https:\/\/historiografija.hr\/index.php?rest_route=\/wp\/v2\/media\/43510"}],"wp:attachment":[{"href":"https:\/\/historiografija.hr\/index.php?rest_route=%2Fwp%2Fv2%2Fmedia&parent=43509"}],"wp:term":[{"taxonomy":"category","embeddable":true,"href":"https:\/\/historiografija.hr\/index.php?rest_route=%2Fwp%2Fv2%2Fcategories&post=43509"},{"taxonomy":"post_tag","embeddable":true,"href":"https:\/\/historiografija.hr\/index.php?rest_route=%2Fwp%2Fv2%2Ftags&post=43509"}],"curies":[{"name":"wp","href":"https:\/\/api.w.org\/{rel}","templated":true}]}}