{"id":43504,"date":"2024-11-22T15:12:25","date_gmt":"2024-11-22T15:12:25","guid":{"rendered":"http:\/\/historiografija.hr\/?p=43504"},"modified":"2024-11-22T15:13:17","modified_gmt":"2024-11-22T15:13:17","slug":"znanstveni-skup-skrinja-povlastica-povijesno-filoloske-refleksije","status":"publish","type":"post","link":"https:\/\/historiografija.hr\/?p=43504","title":{"rendered":"Znanstveni skup \u201e\u0160krinja povlastica: povijesno-filolo\u0161ke refleksije\u201c"},"content":{"rendered":"\n<p>Poziv na znanstveni skup <em>\u0160krinja povlastica: povijesno-filolo\u0161ke refleksije<\/em><\/p>\n\n\n\n<p>Hrvatski dr\u017eavni arhiv, 28. i 29. studenoga 2024.<\/p>\n\n\n\n<hr class=\"wp-block-separator\"\/>\n\n\n\n<figure class=\"wp-block-image size-large\"><img data-recalc-dims=\"1\" loading=\"lazy\" decoding=\"async\" width=\"860\" height=\"549\" data-attachment-id=\"43505\" data-permalink=\"https:\/\/historiografija.hr\/?attachment_id=43505\" data-orig-file=\"https:\/\/i0.wp.com\/historiografija.hr\/wp-content\/uploads\/2024\/11\/Naslovnica_Skrinja_povlastica.jpg?fit=2047%2C1307&amp;ssl=1\" data-orig-size=\"2047,1307\" data-comments-opened=\"1\" data-image-meta=\"{&quot;aperture&quot;:&quot;0&quot;,&quot;credit&quot;:&quot;&quot;,&quot;camera&quot;:&quot;&quot;,&quot;caption&quot;:&quot;&quot;,&quot;created_timestamp&quot;:&quot;0&quot;,&quot;copyright&quot;:&quot;&quot;,&quot;focal_length&quot;:&quot;0&quot;,&quot;iso&quot;:&quot;0&quot;,&quot;shutter_speed&quot;:&quot;0&quot;,&quot;title&quot;:&quot;&quot;,&quot;orientation&quot;:&quot;0&quot;}\" data-image-title=\"Naslovnica_Skrinja_povlastica\" data-image-description=\"\" data-image-caption=\"\" data-large-file=\"https:\/\/i0.wp.com\/historiografija.hr\/wp-content\/uploads\/2024\/11\/Naslovnica_Skrinja_povlastica.jpg?fit=860%2C549&amp;ssl=1\" src=\"https:\/\/i0.wp.com\/historiografija.hr\/wp-content\/uploads\/2024\/11\/Naslovnica_Skrinja_povlastica.jpg?resize=860%2C549&#038;ssl=1\" alt=\"\" class=\"wp-image-43505\" srcset=\"https:\/\/i0.wp.com\/historiografija.hr\/wp-content\/uploads\/2024\/11\/Naslovnica_Skrinja_povlastica.jpg?resize=1024%2C654&amp;ssl=1 1024w, https:\/\/i0.wp.com\/historiografija.hr\/wp-content\/uploads\/2024\/11\/Naslovnica_Skrinja_povlastica.jpg?resize=300%2C192&amp;ssl=1 300w, https:\/\/i0.wp.com\/historiografija.hr\/wp-content\/uploads\/2024\/11\/Naslovnica_Skrinja_povlastica.jpg?resize=768%2C490&amp;ssl=1 768w, https:\/\/i0.wp.com\/historiografija.hr\/wp-content\/uploads\/2024\/11\/Naslovnica_Skrinja_povlastica.jpg?resize=1536%2C981&amp;ssl=1 1536w, https:\/\/i0.wp.com\/historiografija.hr\/wp-content\/uploads\/2024\/11\/Naslovnica_Skrinja_povlastica.jpg?w=2047&amp;ssl=1 2047w, https:\/\/i0.wp.com\/historiografija.hr\/wp-content\/uploads\/2024\/11\/Naslovnica_Skrinja_povlastica.jpg?w=1720&amp;ssl=1 1720w\" sizes=\"auto, (max-width: 860px) 100vw, 860px\" \/><\/figure>\n\n\n\n<hr class=\"wp-block-separator\"\/>\n\n\n\n<p>Hrvatski dr\u017eavni arhiv pro\u0161le je godine obilje\u017eio 380. obljetnicu nastanka \u0160krinje povlastica (1643.) objaviv\u0161i tom prigodom istoimenu monografiju. Kako bi se o \u0160krinji povlastica i ispravama koje je u sebi pohranjivala produbile spoznaje i dodatno naglasila njihova vrijednost, 28. i 29. studenoga u prostorijama Arhiva na Maruli\u0107evu trgu 21 odr\u017eat \u0107e se dvodnevni znanstveni skup pod nazivom <em>\u0160krinja povlastica: povijesno-filolo\u0161ke refleksije<\/em>. Skup \u0107e okupiti niz stru\u010dnjaka i znanstvenika iz razli\u010ditih institucija u Hrvatskoj i Ma\u0111arskoj koji \u0107e s aspekta historiografije, filologije, prava, heraldike i razli\u010ditih drugih podru\u010dja izlo\u017eiti svoja promi\u0161ljanja koja su svoje ishodi\u0161te prona\u0161la u \u0160krinji povlastica i njezinim ispravama.<\/p>\n\n\n\n<hr class=\"wp-block-separator\"\/>\n\n\n\n<p><strong>PROGRAM:<\/strong><\/p>\n\n\n\n<p><strong>\u010cETVRTAK, 28. studenoga 2024.<\/strong><\/p>\n\n\n\n<p><strong>8:30 \u2013 9:00<\/strong>&nbsp;&nbsp;&nbsp;&nbsp;&nbsp; Registracija sudionika<\/p>\n\n\n\n<p><strong>9:00 \u2013 9:15<\/strong>&nbsp;&nbsp;&nbsp;&nbsp;&nbsp; Otvorenje skupa<\/p>\n\n\n\n<p><strong><em>Diplomati\u010dko-egdoti\u010dka promi\u0161ljanja<\/em><\/strong><\/p>\n\n\n\n<p><strong>9:15<\/strong> Mirjana Matijevi\u0107 Sokol: Kako je prire\u0111eno izdanje <em>\u0160krinja povlastica<\/em> Hrvatskoga dr\u017eavnog arhiva: poticaj za razmi\u0161ljanje o egdoti\u010dkim metodama<\/p>\n\n\n\n<p><strong>9:30<\/strong> Maja Tabak Demo: Diplomati\u010dko-jezi\u010dna analiza grbovnice Kraljevine Slavonije<\/p>\n\n\n\n<p><strong><em>Kaleidoskop srednjovjekovlja<\/em><\/strong><\/p>\n\n\n\n<p><strong>9:45<\/strong> \u00c9va B. Hal\u00e1sz: Remarks to the Charter of Matthew, son of Matthew of the \u00c1kos Kindred, Ban of Slavonia (Osvrt na ispravu slavonskoga bana Matije, sina Matije od roda \u00c1kosa)<\/p>\n\n\n\n<p><strong>10:00<\/strong> Nella Lonza: Pravni institut proskripcije &#8211; prilog tuma\u010denju isprave bana Hermana Celjskog s po\u010detka 15. stolje\u0107a<\/p>\n\n\n\n<p><strong>10:15<\/strong> Antun Neki\u0107: Kojim putem do privilegija? Zajednice slavonskog plemstva (1273.<strong> \u2013 <\/strong>1433.)<\/p>\n\n\n\n<p><strong>10:30<\/strong> Marija Karbi\u0107: Nasljedna i posjedovna prava plemkinja u srednjovjekovnoj Slavoniji: pravne odredbe i praksa<\/p>\n\n\n\n<p><strong>10:45<\/strong> \u2013 <strong>11:30 PAUZA ZA KAVU<\/strong><\/p>\n\n\n\n<p><strong>11:30<\/strong> Tam\u00e1s P\u00e1losfalvi: The Formation of a political community: the <em>universitas<\/em> of the Slavonian nobility in the late Middle Ages (Oblikovanje politi\u010dke zajednice: <em>universitas <\/em>slavonskoga plemstva u kasnome srednjem vijeku)<\/p>\n\n\n\n<p><strong>11:45<\/strong> Ivan Majnari\u0107: Kasnosrednjovjekovni <em>congregatio generalis<\/em> i \u0160krinja povlastica<\/p>\n\n\n\n<p><strong>12:00<\/strong> Luka \u0160poljari\u0107: Kroatizacija ju\u017ene Slavonije<\/p>\n\n\n\n<p><strong>12:15<\/strong> Borislav Grgin: Dalmacija, Hrvatska i Slavonija prema Ugarskoj u posljednjih pola stolje\u0107a srednjega vijeka<\/p>\n\n\n\n<p><strong>12:30<\/strong><strong> <\/strong>Ivanka Magi\u0107 Kani\u017eaj: Isprave Zagreba\u010dkoga i \u010cazmanskoga kaptola koje su se \u010duvale u \u0160krinji povlastica<\/p>\n\n\n\n<p><strong>12:45<\/strong> <strong>\u2013 13:30<\/strong> Diskusija<\/p>\n\n\n\n<p><strong>13:30 \u2013 15:00&nbsp; RU\u010cAK<\/strong><\/p>\n\n\n\n<p><strong>PETAK, 29. studenoga&nbsp; 2024.<\/strong><\/p>\n\n\n\n<p><strong><em>Papir srednjovjekovnih isprava<\/em><\/strong><\/p>\n\n\n\n<p><strong>9:00<\/strong> Andreja Dragojevi\u0107: Papiri kao nositelji isprava u \u0160krinji povlastica<\/p>\n\n\n\n<p><strong>9:15<\/strong> Suzana Njega\u010d i Suzana Grube\u0161i\u0107: Istra\u017eivanje vodenih znakova na papirnatom nositelju pojedinih isprava iz \u0160krinje povlastica<\/p>\n\n\n\n<p><strong><em>Ranonovovjekovne vedute<\/em><\/strong><\/p>\n\n\n\n<p><strong>9:30<\/strong>&nbsp; Kre\u0161imir Regan: Laziusova <em>Karta Kraljevine Ugarske<\/em> iz 1556. kao prvorazredni izvor za istra\u017eivanje srednjovjekovne i ranonovovjekovne hrvatske fortifikacijske ba\u0161tine<\/p>\n\n\n\n<p><strong>9:45<\/strong>&nbsp; Damir Stani\u0107: Grad u opasnosti. Osmanski napadi u okolici Zagreba u drugoj polovici 1550-ih<\/p>\n\n\n\n<p><strong>10:00<\/strong><strong> <\/strong>&nbsp;Szabolcs Varga: <em>Notarius regni<\/em>. Notaries at the Early Modern Croatian-Slavonian Provincial Assemblies (<em>Notarius regni<\/em>. Bilje\u017enici na ranonovovjekovnim hrvatsko-slavonskim pokrajinskim saborima)<\/p>\n\n\n\n<p><strong>10:15<\/strong>&nbsp; Filip Hren: Unutra\u0161nja i vanjska politika Hrvatskoga sabora u prvoj polovini XVII. stolje\u0107a: zna\u010daj, mogu\u0107nosti i ograni\u010denja<\/p>\n\n\n\n<p><strong>10:30<\/strong><strong> <\/strong>&nbsp;Filip Novosel: Archivio generalizio u Zadru \u2013 osnutak 1624. godine i rad njegovih prvih arhivista<\/p>\n\n\n\n<p><strong>10:45 \u2013 11:30&nbsp; PAUZA ZA KAVU<\/strong><\/p>\n\n\n\n<p><strong>11:30<\/strong>&nbsp; Stjepan \u0106osi\u0107: Heraldi\u010dka simbolika \u0160krinje povlastica iz 1643.<\/p>\n\n\n\n<p><strong>11:45<\/strong>&nbsp; Luka Vuku\u0161i\u0107: Stjepan Keglevi\u0107, poznanik Ivana Zakmardija<\/p>\n\n\n\n<p><strong>12:00<\/strong>&nbsp; Ladislav Dobrica: Arhiv Kraljevine u obrani kraljevinskih municipalnih prava<\/p>\n\n\n\n<p><strong>12:15<\/strong>&nbsp; Mislav Gregl: Josip Ku\u0161evi\u0107 i isprave iz \u0160krinje povlastica<\/p>\n\n\n\n<p><strong>12:30<\/strong>&nbsp; Drago Roksandi\u0107: <em>Habsburgica<\/em> u \u0160krinji povlastica<\/p>\n\n\n\n<p><strong>12:45<\/strong><strong>&nbsp; <\/strong>Alexander Buczynski: Regulacija Vojne krajine sredinom 18. stolje\u0107a iz be\u010dke perspektive<\/p>\n\n\n\n<p><strong>13:00 \u2013 13:45 <\/strong>Diskusija i zatvaranje skupa<\/p>\n\n\n\n<p><strong>13:45 \u2013 15:30 RU\u010cAK<\/strong><\/p>\n\n\n\n<hr class=\"wp-block-separator\"\/>\n\n\n\n<p>Monografiju <em>\u0160krinja povlastica<\/em> i prigodne suvenire mo\u017eete nabaviti po promotivnoj cijeni tijekom registracije sudionika, pauza za kavu i ru\u010dka, oba dana odr\u017eavanja skupa.<\/p>\n\n\n\n<p>Skup se odr\u017eava pod visokim pokroviteljstvom Ministarstva kulture i medija Republike Hrvatske.<\/p>\n\n\n\n<p>Organizacijski i programski odbor: Silvija Babi\u0107, Melina Lu\u010di\u0107, Maja Pajni\u0107 i Mario Stipan\u010devi\u0107<\/p>\n\n\n\n<p>Dizajn: Ana Pojatina\/ <a href=\"http:\/\/www.ramdesign.hr\">www.ramdesign.hr<\/a><\/p>\n\n\n\n<hr class=\"wp-block-separator\"\/>\n\n\n\n<p>Izvor:<\/p>\n\n\n\n<p><a href=\"http:\/\/www.arhiv.hr\/hr-hr\/Kulturno-prosvjetne-aktivnosti\/ArticleId\/1830\/oamid\/1633\">http:\/\/www.arhiv.hr\/hr-hr\/Kulturno-prosvjetne-aktivnosti\/ArticleId\/1830\/oamid\/1633<\/a><\/p>\n\n\n\n<hr class=\"wp-block-separator\"\/>\n","protected":false},"excerpt":{"rendered":"","protected":false},"author":2,"featured_media":43506,"comment_status":"open","ping_status":"open","sticky":false,"template":"","format":"standard","meta":{"_acf_changed":false,"jetpack_post_was_ever_published":false,"_jetpack_newsletter_access":"","_jetpack_dont_email_post_to_subs":false,"_jetpack_newsletter_tier_id":0,"_jetpack_memberships_contains_paywalled_content":false,"_jetpack_memberships_contains_paid_content":false,"footnotes":"","jetpack_publicize_message":"","jetpack_publicize_feature_enabled":true,"jetpack_social_post_already_shared":true,"jetpack_social_options":{"image_generator_settings":{"template":"highway","default_image_id":0,"font":"","enabled":false},"version":2}},"categories":[3,9],"tags":[],"class_list":["post-43504","post","type-post","status-publish","format-standard","has-post-thumbnail","hentry","category-novosti","category-skupovi"],"acf":{"facebook_opis":""},"jetpack_publicize_connections":[],"jetpack_featured_media_url":"https:\/\/i0.wp.com\/historiografija.hr\/wp-content\/uploads\/2024\/11\/Pozivnica_%C5%A0krinja_povlastica.jpg?fit=500%2C500&ssl=1","jetpack_sharing_enabled":true,"jetpack-related-posts":[{"id":52559,"url":"https:\/\/historiografija.hr\/?p=52559","url_meta":{"origin":43504,"position":0},"title":"Dobitnici dr\u017eavne nagrade za znanost za 2024. godinu","author":"Branimir Jankovi\u0107","date":"20. travnja 2026.","format":false,"excerpt":"Na sjednici Odbora za podjelu dr\u017eavnih nagrada za znanost odr\u017eanoj 16. travnja 2026. godine donesena je Odluka o dodjeli dr\u017eavnih nagrada za znanost za 2024. godinu. Godi\u0161njom nagradom za popularizaciju i promid\u017ebu znanosti nagra\u0111eni su u podru\u010dju humanisti\u010dkih znanosti znanstveni suradnici dr. sc. Josip Mihaljevi\u0107 i dr. sc. Gordan Ravan\u010di\u0107,\u2026","rel":"","context":"U &quot;Novosti&quot;","block_context":{"text":"Novosti","link":"https:\/\/historiografija.hr\/?cat=3"},"img":{"alt_text":"","src":"https:\/\/i0.wp.com\/historiografija.hr\/wp-content\/uploads\/2021\/12\/povijesne-kontroverze.jpg?fit=1200%2C675&ssl=1&resize=350%2C200","width":350,"height":200,"srcset":"https:\/\/i0.wp.com\/historiografija.hr\/wp-content\/uploads\/2021\/12\/povijesne-kontroverze.jpg?fit=1200%2C675&ssl=1&resize=350%2C200 1x, https:\/\/i0.wp.com\/historiografija.hr\/wp-content\/uploads\/2021\/12\/povijesne-kontroverze.jpg?fit=1200%2C675&ssl=1&resize=525%2C300 1.5x, https:\/\/i0.wp.com\/historiografija.hr\/wp-content\/uploads\/2021\/12\/povijesne-kontroverze.jpg?fit=1200%2C675&ssl=1&resize=700%2C400 2x, https:\/\/i0.wp.com\/historiografija.hr\/wp-content\/uploads\/2021\/12\/povijesne-kontroverze.jpg?fit=1200%2C675&ssl=1&resize=1050%2C600 3x"},"classes":[]},{"id":52578,"url":"https:\/\/historiografija.hr\/?p=52578","url_meta":{"origin":43504,"position":1},"title":"Poziv za sudjelovanje: XXII. Dani Julija Bene\u0161i\u0107a u Iloku","author":"Branimir Jankovi\u0107","date":"21. travnja 2026.","format":false,"excerpt":"Zavod za lingvisti\u010dka istra\u017eivanja Hrvatske akademije znanosti i umjetnosti, zajedno s Muzejom grada Iloka, organizira XXII. Dane Julija Bene\u0161i\u0107a, koji \u0107e se odr\u017eati od 28. do 30. listopada 2026. u Iloku.\u00a0Teme ovogodi\u0161njih Dana podijeljene su u dvije cjeline: Knji\u017eevno-jezikoslovni d\u00ecv\u0101n s Bene\u0161i\u0107em te Ilok i Srijem u povijesnim stalnicama i\u2026","rel":"","context":"U &quot;Novosti&quot;","block_context":{"text":"Novosti","link":"https:\/\/historiografija.hr\/?cat=3"},"img":{"alt_text":"","src":"https:\/\/i0.wp.com\/historiografija.hr\/wp-content\/uploads\/2019\/10\/HE2_Benesic.jpg?fit=413%2C591&ssl=1&resize=350%2C200","width":350,"height":200},"classes":[]},{"id":52502,"url":"https:\/\/historiografija.hr\/?p=52502","url_meta":{"origin":43504,"position":2},"title":"Novi znanstveni projekt Hrvatskog instituta za povijest: \u201c\u017drtve ratova i dr\u017eavnog\/politi\u010dkog nasilja u hrvatskoj povijesti 20. stolje\u0107a\u201d","author":"Branimir Jankovi\u0107","date":"17. travnja 2026.","format":false,"excerpt":"Na redovitoj sjednici Vlade RH, 16. travnja 2026., donijet je Zaklju\u010dak kojim se pokre\u0107e znanstveni projekt \u201c\u017drtve ratova i dr\u017eavnog\/politi\u010dkog nasilja u hrvatskoj povijesti 20. stolje\u0107a\u201d. Projekt \u0107e provoditi i koordinirati Hrvatski institut za povijest u razdoblju trajanja projekta od pet godina. Zakljucak Vlade RH Iz teksta projektnog prijedloga: Problematika\u2026","rel":"","context":"U &quot;Novosti&quot;","block_context":{"text":"Novosti","link":"https:\/\/historiografija.hr\/?cat=3"},"img":{"alt_text":"","src":"https:\/\/i0.wp.com\/historiografija.hr\/wp-content\/uploads\/2026\/04\/Vlada-RH.jpg?fit=1200%2C557&ssl=1&resize=350%2C200","width":350,"height":200,"srcset":"https:\/\/i0.wp.com\/historiografija.hr\/wp-content\/uploads\/2026\/04\/Vlada-RH.jpg?fit=1200%2C557&ssl=1&resize=350%2C200 1x, https:\/\/i0.wp.com\/historiografija.hr\/wp-content\/uploads\/2026\/04\/Vlada-RH.jpg?fit=1200%2C557&ssl=1&resize=525%2C300 1.5x, https:\/\/i0.wp.com\/historiografija.hr\/wp-content\/uploads\/2026\/04\/Vlada-RH.jpg?fit=1200%2C557&ssl=1&resize=700%2C400 2x, https:\/\/i0.wp.com\/historiografija.hr\/wp-content\/uploads\/2026\/04\/Vlada-RH.jpg?fit=1200%2C557&ssl=1&resize=1050%2C600 3x"},"classes":[]},{"id":52543,"url":"https:\/\/historiografija.hr\/?p=52543","url_meta":{"origin":43504,"position":3},"title":"Znanstveno-stru\u010dni skup \u201eOto\u010dne pu\u010dke pobo\u017enosti: kontinuiteti i transformacije\u201c","author":"Branimir Jankovi\u0107","date":"20. travnja 2026.","format":false,"excerpt":"Najavljujemo\u00a0znanstveno-stru\u010dni skup \u201eOto\u010dne pu\u010dke pobo\u017enosti: kontinuiteti i transformacije\u201c,\u00a0koji \u0107e se odr\u017eati\u00a0u Rabu od 24. do 26. travnja 2026.,\u00a0u organizaciji i uz potporu\u00a0Instituta za etnologiju i folkloristiku, Zagreb, \u00a0Grada Raba, Pu\u010dkog otvorenog u\u010dili\u0161ta Rab i Centra za istra\u017eivanje srednjovjekovne ba\u0161tine Jadrana RIMAH. Skup okuplja vode\u0107e doma\u0107e stru\u010dnjake koji \u0107e kroz niz\u2026","rel":"","context":"U &quot;Novosti&quot;","block_context":{"text":"Novosti","link":"https:\/\/historiografija.hr\/?cat=3"},"img":{"alt_text":"","src":"https:\/\/i0.wp.com\/historiografija.hr\/wp-content\/uploads\/2026\/04\/Skup_Rab.jpg?fit=848%2C1200&ssl=1&resize=350%2C200","width":350,"height":200,"srcset":"https:\/\/i0.wp.com\/historiografija.hr\/wp-content\/uploads\/2026\/04\/Skup_Rab.jpg?fit=848%2C1200&ssl=1&resize=350%2C200 1x, https:\/\/i0.wp.com\/historiografija.hr\/wp-content\/uploads\/2026\/04\/Skup_Rab.jpg?fit=848%2C1200&ssl=1&resize=525%2C300 1.5x, https:\/\/i0.wp.com\/historiografija.hr\/wp-content\/uploads\/2026\/04\/Skup_Rab.jpg?fit=848%2C1200&ssl=1&resize=700%2C400 2x"},"classes":[]},{"id":52660,"url":"https:\/\/historiografija.hr\/?p=52660","url_meta":{"origin":43504,"position":4},"title":"Medijski odjeci \u010dlanka Steve \u0110ura\u0161kovi\u0107a \u201e\u017dupanovljeva ne\u017eeljena djeca: ideolo\u0161ko pribli\u017eavanje neoliberala i kr\u0161\u0107anske radikalne desnice u Hrvatskoj\u201c","author":"Branimir Jankovi\u0107","date":"24. travnja 2026.","format":false,"excerpt":"U sklopu projekta \u201eIzazovi intelektualne povijesti: recepcije, preobrazbe i upotrebe politi\u010dkih ideja\u201c objavljen je polemi\u010dki \u010dlanak Steve \u0110ura\u0161kovi\u0107a \u201e\u017dupanovljeva ne\u017eeljena djeca: ideolo\u0161ko pribli\u017eavanje neoliberala i kr\u0161\u0107anske radikalne desnice u Hrvatskoj\u201c, koji je izazvao odre\u0111ene medijske reakcije. Stevo \u0110ura\u0161kovi\u0107 \u017dupanovljeva ne\u017eeljena djeca: ideolo\u0161ko pribli\u017eavanje neoliberala i kr\u0161\u0107anske radikalne desnice u Hrvatskoj\u2026","rel":"","context":"U &quot;Novosti&quot;","block_context":{"text":"Novosti","link":"https:\/\/historiografija.hr\/?cat=3"},"img":{"alt_text":"","src":"https:\/\/i0.wp.com\/historiografija.hr\/wp-content\/uploads\/2026\/04\/SD.png?fit=809%2C821&ssl=1&resize=350%2C200","width":350,"height":200,"srcset":"https:\/\/i0.wp.com\/historiografija.hr\/wp-content\/uploads\/2026\/04\/SD.png?fit=809%2C821&ssl=1&resize=350%2C200 1x, https:\/\/i0.wp.com\/historiografija.hr\/wp-content\/uploads\/2026\/04\/SD.png?fit=809%2C821&ssl=1&resize=525%2C300 1.5x, https:\/\/i0.wp.com\/historiografija.hr\/wp-content\/uploads\/2026\/04\/SD.png?fit=809%2C821&ssl=1&resize=700%2C400 2x"},"classes":[]},{"id":52712,"url":"https:\/\/historiografija.hr\/?p=52712","url_meta":{"origin":43504,"position":5},"title":"Okrugli stol &#8220;Proslava 1100 godina Hrvatskoga Kraljevstva \u2013 kako danas gledamo na hrvatski rani srednji vijek?&#8221;","author":"Filip \u0160imunjak","date":"29. travnja 2026.","format":false,"excerpt":"Godinu iza nas obilje\u017eile su brojne manifestacije posve\u0107ene 1100. obljetnici Hrvatskoga Kraljevstva, koje su privukle veliku pozornost javnosti i medija, pa tako i na\u0161ega portala. Nastavljaju\u0107i se na taj niz, pozivamo Vas na okrugli stol \u201eProslava 1100 godina Hrvatskoga Kraljevstva \u2013 kako danas gledamo na hrvatski rani srednji vijek?\u201d, koji\u2026","rel":"","context":"U &quot;Novosti&quot;","block_context":{"text":"Novosti","link":"https:\/\/historiografija.hr\/?cat=3"},"img":{"alt_text":"","src":"https:\/\/i0.wp.com\/historiografija.hr\/wp-content\/uploads\/2026\/04\/Kliofest-01-utorak-I-01-OS-1100-godina.jpg?fit=1200%2C566&ssl=1&resize=350%2C200","width":350,"height":200,"srcset":"https:\/\/i0.wp.com\/historiografija.hr\/wp-content\/uploads\/2026\/04\/Kliofest-01-utorak-I-01-OS-1100-godina.jpg?fit=1200%2C566&ssl=1&resize=350%2C200 1x, https:\/\/i0.wp.com\/historiografija.hr\/wp-content\/uploads\/2026\/04\/Kliofest-01-utorak-I-01-OS-1100-godina.jpg?fit=1200%2C566&ssl=1&resize=525%2C300 1.5x, https:\/\/i0.wp.com\/historiografija.hr\/wp-content\/uploads\/2026\/04\/Kliofest-01-utorak-I-01-OS-1100-godina.jpg?fit=1200%2C566&ssl=1&resize=700%2C400 2x, https:\/\/i0.wp.com\/historiografija.hr\/wp-content\/uploads\/2026\/04\/Kliofest-01-utorak-I-01-OS-1100-godina.jpg?fit=1200%2C566&ssl=1&resize=1050%2C600 3x"},"classes":[]}],"_links":{"self":[{"href":"https:\/\/historiografija.hr\/index.php?rest_route=\/wp\/v2\/posts\/43504","targetHints":{"allow":["GET"]}}],"collection":[{"href":"https:\/\/historiografija.hr\/index.php?rest_route=\/wp\/v2\/posts"}],"about":[{"href":"https:\/\/historiografija.hr\/index.php?rest_route=\/wp\/v2\/types\/post"}],"author":[{"embeddable":true,"href":"https:\/\/historiografija.hr\/index.php?rest_route=\/wp\/v2\/users\/2"}],"replies":[{"embeddable":true,"href":"https:\/\/historiografija.hr\/index.php?rest_route=%2Fwp%2Fv2%2Fcomments&post=43504"}],"version-history":[{"count":2,"href":"https:\/\/historiografija.hr\/index.php?rest_route=\/wp\/v2\/posts\/43504\/revisions"}],"predecessor-version":[{"id":43508,"href":"https:\/\/historiografija.hr\/index.php?rest_route=\/wp\/v2\/posts\/43504\/revisions\/43508"}],"wp:featuredmedia":[{"embeddable":true,"href":"https:\/\/historiografija.hr\/index.php?rest_route=\/wp\/v2\/media\/43506"}],"wp:attachment":[{"href":"https:\/\/historiografija.hr\/index.php?rest_route=%2Fwp%2Fv2%2Fmedia&parent=43504"}],"wp:term":[{"taxonomy":"category","embeddable":true,"href":"https:\/\/historiografija.hr\/index.php?rest_route=%2Fwp%2Fv2%2Fcategories&post=43504"},{"taxonomy":"post_tag","embeddable":true,"href":"https:\/\/historiografija.hr\/index.php?rest_route=%2Fwp%2Fv2%2Ftags&post=43504"}],"curies":[{"name":"wp","href":"https:\/\/api.w.org\/{rel}","templated":true}]}}