{"id":43497,"date":"2024-11-22T15:01:28","date_gmt":"2024-11-22T15:01:28","guid":{"rendered":"http:\/\/historiografija.hr\/?p=43497"},"modified":"2024-11-22T15:01:48","modified_gmt":"2024-11-22T15:01:48","slug":"predavanje-vaclava-cermaka-kult-ceskih-svetaca-u-hrvatskoj-u-srednjemu-vijeku","status":"publish","type":"post","link":"https:\/\/historiografija.hr\/?p=43497","title":{"rendered":"Predavanje V\u00e1clava \u010cerm\u00e1ka &#8221;Kult \u010de\u0161kih svetaca u Hrvatskoj u srednjemu vijeku&#8221;"},"content":{"rendered":"\n<p>Predavanje dr. sc. V\u00e1clava \u010cerm\u00e1ka, ravnatelja Instituta za slavistiku \u010ce\u0161ke akademije znanosti u Pragu (Slovansk\u00fd \u00fastav AV \u010cR), bit \u0107e odr\u017eano u Institutu za hrvatski jezik u Zagrebu u utorak 26. studenoga 2024. u 14 sati.<\/p>\n\n\n\n<hr class=\"wp-block-separator\"\/>\n\n\n\n<p>Mgr. V\u00e1clav \u010cerm\u00e1k, PhD., diplomirao je 1997. \u010de\u0161ku i latinsku filologiju na Filozofskom fakultetu u Olomoucu. Doktorski studij slavistike usmjeren na staroslavenski zavr\u0161io je 2002. na Karlovom sveu\u010dili\u0161tu u Pragu. Od 1997. zaposlen je u Institutu za slavistiku \u010ce\u0161ke akademije znanosti, a od 2017. njegov je ravnatelj. \u010clan je Me\u0111unarodnog slavisti\u010dkog odbora i predsjednik \u010ce\u0161kog slavisti\u010dkog odbora. \u010clan je autorskog kolektiva <em>Gr\u010dko-staroslavenskog rje\u010dnika<\/em>. Njegovi su znanstveni interesi povezani s prou\u010davanjem staroslavenskih prijevoda biblijskih tekstova u odnosu na neslavenske predlo\u0161ke, a dugo je posve\u0107en hrvatskoj crkvenoslavenskoj glagolji\u010dnoj pismenosti. Rezultat je tih istra\u017eivanja monografija <em>Hlaholsk\u00e9 p\u00edsemnictv\u00ed v \u010cech\u00e1ch doby lucembursk\u00e9<\/em> (Praha 2020), u kojoj se detaljno analizira knji\u017eevna tvorba Emauskog samostana u Pragu, te sadr\u017eava izdanje svih glagolji\u010dnih ulomaka iz \u010de\u0161kih i moravskih zbirka. Bavi se i povije\u0161\u0107u \u010de\u0161ke paleoslavistike.<\/p>\n\n\n\n<hr class=\"wp-block-separator\"\/>\n","protected":false},"excerpt":{"rendered":"","protected":false},"author":2,"featured_media":35962,"comment_status":"open","ping_status":"open","sticky":false,"template":"","format":"standard","meta":{"_acf_changed":false,"jetpack_post_was_ever_published":false,"_jetpack_newsletter_access":"","_jetpack_dont_email_post_to_subs":false,"_jetpack_newsletter_tier_id":0,"_jetpack_memberships_contains_paywalled_content":false,"_jetpack_memberships_contains_paid_content":false,"footnotes":"","jetpack_publicize_message":"","jetpack_publicize_feature_enabled":true,"jetpack_social_post_already_shared":true,"jetpack_social_options":{"image_generator_settings":{"template":"highway","default_image_id":0,"font":"","enabled":false},"version":2}},"categories":[3],"tags":[],"class_list":["post-43497","post","type-post","status-publish","format-standard","has-post-thumbnail","hentry","category-novosti"],"acf":{"facebook_opis":""},"jetpack_publicize_connections":[],"jetpack_featured_media_url":"https:\/\/i0.wp.com\/historiografija.hr\/wp-content\/uploads\/2023\/06\/ihj.jpg?fit=1160%2C755&ssl=1","jetpack_sharing_enabled":true,"jetpack-related-posts":[],"_links":{"self":[{"href":"https:\/\/historiografija.hr\/index.php?rest_route=\/wp\/v2\/posts\/43497","targetHints":{"allow":["GET"]}}],"collection":[{"href":"https:\/\/historiografija.hr\/index.php?rest_route=\/wp\/v2\/posts"}],"about":[{"href":"https:\/\/historiografija.hr\/index.php?rest_route=\/wp\/v2\/types\/post"}],"author":[{"embeddable":true,"href":"https:\/\/historiografija.hr\/index.php?rest_route=\/wp\/v2\/users\/2"}],"replies":[{"embeddable":true,"href":"https:\/\/historiografija.hr\/index.php?rest_route=%2Fwp%2Fv2%2Fcomments&post=43497"}],"version-history":[{"count":2,"href":"https:\/\/historiografija.hr\/index.php?rest_route=\/wp\/v2\/posts\/43497\/revisions"}],"predecessor-version":[{"id":43499,"href":"https:\/\/historiografija.hr\/index.php?rest_route=\/wp\/v2\/posts\/43497\/revisions\/43499"}],"wp:featuredmedia":[{"embeddable":true,"href":"https:\/\/historiografija.hr\/index.php?rest_route=\/wp\/v2\/media\/35962"}],"wp:attachment":[{"href":"https:\/\/historiografija.hr\/index.php?rest_route=%2Fwp%2Fv2%2Fmedia&parent=43497"}],"wp:term":[{"taxonomy":"category","embeddable":true,"href":"https:\/\/historiografija.hr\/index.php?rest_route=%2Fwp%2Fv2%2Fcategories&post=43497"},{"taxonomy":"post_tag","embeddable":true,"href":"https:\/\/historiografija.hr\/index.php?rest_route=%2Fwp%2Fv2%2Ftags&post=43497"}],"curies":[{"name":"wp","href":"https:\/\/api.w.org\/{rel}","templated":true}]}}