{"id":43488,"date":"2024-11-22T14:51:57","date_gmt":"2024-11-22T14:51:57","guid":{"rendered":"http:\/\/historiografija.hr\/?p=43488"},"modified":"2024-11-22T14:51:57","modified_gmt":"2024-11-22T14:51:57","slug":"predstavljanje-donacije-odora-pok-viceadmirala-zdravka-karduma","status":"publish","type":"post","link":"https:\/\/historiografija.hr\/?p=43488","title":{"rendered":"Predstavljanje donacije odora pok. viceadmirala Zdravka Karduma"},"content":{"rendered":"\n<p><strong>Hrvatski <\/strong><strong>pomorski<\/strong><strong> muzej Split<\/strong><\/p>\n\n\n\n<p>i<\/p>\n\n\n\n<p><strong>Dalmatinsko kolekcionarsko dru\u0161tvo \u201eDiokles\u201c<\/strong><\/p>\n\n\n\n<p>sa zadovoljstvom Vas pozivaju na predstavljanje<\/p>\n\n\n\n<p><strong>donacije odora<\/strong> <strong>pok. viceadmirala Zdravka Karduma<\/strong><\/p>\n\n\n\n<p>zapovjednika obrane grada Splita (1991.),<\/p>\n\n\n\n<p>zapovjednika Hrvatske ratne mornarice (2002.-2007.) i<\/p>\n\n\n\n<p>zapovjednika Obalne stra\u017ee RH (2008.-2011.)<\/p>\n\n\n\n<p><strong>26. studenoga 2024. <\/strong>(utorak) u <strong>18:30 sati<\/strong><\/p>\n\n\n\n<p>u Hrvatskome pomorskom muzeju Split<\/p>\n\n\n\n<p>Tvr\u0111ava Gripe<\/p>\n\n\n\n<hr class=\"wp-block-separator\"\/>\n\n\n\n<p>Odore Zdravka Karduma, viceadmirala Hrvatske ratne mornarice postaju dio fundusa Hrvatskog pomorskog muzeja Split i ulaze u bogatu Zbirku odora, no\u0161nji i opreme, zahvaljuju\u0107i velikodu\u0161noj donaciji obitelji pok. viceadmirala Karduma i <em>Dalmatinskog kolekcionarskog dru\u0161tva \u2018Diokles\u2019<\/em> kojeg predvodi predsjednik Pjero Baranovi\u0107.<\/p>\n\n\n\n<p>Viceadmiral Zdravko Kardum (Nuni\u0107, 25. velja\u010de 1953. \u2013 Split, 4. rujna 2023.) bio je zapovjednik Flote HRM-a, tre\u0107i zapovjednik Hrvatske ratne mornarice i osniva\u010d te prvi zapovjednik Obalne stra\u017ee RH.<\/p>\n\n\n\n<p>Osnovnu \u0161kolu zavr\u0161io je u rodnome Nuni\u0107u, a nakon zavr\u0161etka srednje Mornari\u010dko-tehni\u010dke podoficirske \u0161kole u Puli i Divuljama, u aktivnu je vojnu slu\u017ebu u JNA primljen 20. srpnja 1971. godine kao pomorski vodnik, a po zavr\u0161etku Mornari\u010dke vojne akademije u Splitu 1978. godine dobio je \u010din pomorskog potporu\u010dnika. Kao specijalist za protubrodske rakete, u JRM je obna\u0161ao brojne zapovjedne du\u017enosti: zamjenik zapovjednika na brodovima klase <em>Rade Kon\u010dar<\/em>, zapovjednik PZO sustava, zamjenik zapovjednika i zapovjednik na fregatama <em>Koni<\/em> klase (VPBR-32 <em>Koper<\/em> i VPBR-31 <em>Split<\/em>). Tijekom slu\u017ebe u JNA-a, u vi\u0161e je navrata odlikovan, a sva su mu odli\u010dja, po zavr\u0161etku slu\u017ebe, ostala na VPBR-31 <em>Split<\/em>. Iako je, kao zapovjednik VPBR-31 <em>Split<\/em> namjeravao izvu\u0107i brod iz sastava JRM-a i predati ga na raspolaganje Republici Hrvatskoj, to na\u017ealost nije uspio napraviti te je kona\u010dno napustio slu\u017ebu u ljeto 1991. godine i pristupio obrani RH.<\/p>\n\n\n\n<p>Posebno je zna\u010dajno istaknuti kako je 21. rujna 1991. godine, Kardum imenovan prvim i jedinim zapovjednikom obrane grada Splita u Domovinskom ratu kada je Odlukom predsjednika Kriznog \u0161taba grada Splita Zvonimira Pulji\u0107a, ustanovljeno Zapovjedni\u0161tvo obrane grada Splita (op\u0107ina Split, Solin, Ka\u0161tela). Ve\u0107 sljede\u0107ega dana, njegovo je imenovanje potvrdio i Gojko \u0160u\u0161ak, ministar obrane RH. Ovu du\u017enost Kardum je obna\u0161ao do odlaska JNA-a iz Splita 4. sije\u010dnja 1992. godine kada je raspu\u0161teno Zapovjedni\u0161tvo grada Splita. Zdravko Kardum tada prelazi na slu\u017ebu u Hrvatsku ratnu mornaricu.<\/p>\n\n\n\n<p>U Zagrebu je 2000. godine zavr\u0161io Ratnu \u0161kolu Ban Josip Jela\u010di\u0107. Du\u017enost zapovjednika HRM-a obna\u0161ao je od 31. prosinca 2002. do 19. o\u017eujka 2007. godine. Nakon toga, radio je na osnivanju Obalne stra\u017ee RH te je od 12. o\u017eujka 2008. do 31. srpnja 2011. godine bio njezinim prvim zapovjednikom. U njegovu mandatu nabavljene su raketne topovnja\u010de <em>Helsinki<\/em> klase, RTOP-41 <em>Vukovar<\/em> i RTOP-42 <em>Dubrovnik<\/em>.<\/p>\n\n\n\n<p>Tijekom slu\u017ebe odlikovan je Spomenicom Domovinskog rata (1994.), Redom hrvatskog trolista (2003.), Spomenicom domovinske zahvalnosti (2005.) i Redom bana Jela\u010di\u0107a (2006.).<\/p>\n\n\n\n<p>Nakon umirovljenja, 1. prosinca 2012. godine, nije se prestao baviti vojnopomorskom strukom. Redovito je pisao stru\u010dne i znanstvene \u010dlanke na tu temu. U razgovorima sa <em>sedmom silom<\/em> \u010desto je isticao va\u017enost i ulogu Splita u obrani grada i cijeloga ju\u017enoga dijela Hrvatske te se zalagao da se obrana Splita od agresije JRM-a 15. studenog obilje\u017eava na dostojanstven na\u010din. Preminuo je nakon kratke i te\u0161ke bolesti, a za svoje je zasluge posthumno nagra\u0111en Nagradom Grada Splita za \u017eivotno djelo u 2023. godini za doprinos u obrani grada Splita i Republike Hrvatske tijekom Domovinskog rata.<\/p>\n\n\n\n<p>Ovom se prilikom Muzeju daruje \u010dak \u010detiri odore pok. viceadmirala Karduma. Osim sve\u010dane ljetne odore, Muzeju je <em>Dalmatinsko kolekcionarsko dru\u0161tvo &#8216;Diokles&#8217;<\/em> darovalo slu\u017ebenu zimsku odora s \u010dinom kontraadmirala, slu\u017ebenu zimsku odoru s \u010dinom viceadmirala, slu\u017ebenu ljetnu odoru viceadmirala u boji pijeska te brojnu drugu pripadaju\u0107u opremu \u2013 remenja, oznake, epolete, ko\u0161ulje, cipele i dr.<\/p>\n\n\n\n<p>Ovom je donacijom Muzej upotpunio muzejski fundus vezan uz osnivanje Hrvatske ratne mornarice i obranu Jadrana u Domovinskome ratu. Odore viceadmirala Karduma na ovaj su se na\u010din pridru\u017eile odorama hrvatskih admirala koje se ve\u0107 nalaze u muzejskome fundusu, a rije\u010d je odori prvoga i jedinoga sto\u017eernoga admirala HRM-a i njezina prvoga zapovjednika Svete Letice te jo\u0161 jednoga admirala i zapovjednika HRM-a, Vida Stipeti\u0107a.<\/p>\n\n\n\n<p>Oboga\u0107ivanje muzejskoga fundusa ovakvim zna\u010dajnim donacijama predstavljaju cilj kojem Muzej te\u017ei, a sve u svrhu razvijanja senzibiliteta za hrvatsku pomorsku ba\u0161tinu, edukaciju posjetitelja o nastanku i va\u017enosti Hrvatske ratne mornarice te istaknutih hrvatskih admirala.<\/p>\n\n\n\n<hr class=\"wp-block-separator\"\/>\n","protected":false},"excerpt":{"rendered":"","protected":false},"author":2,"featured_media":43489,"comment_status":"open","ping_status":"open","sticky":false,"template":"","format":"standard","meta":{"_acf_changed":false,"jetpack_post_was_ever_published":false,"_jetpack_newsletter_access":"","_jetpack_dont_email_post_to_subs":false,"_jetpack_newsletter_tier_id":0,"_jetpack_memberships_contains_paywalled_content":false,"_jetpack_memberships_contains_paid_content":false,"footnotes":"","jetpack_publicize_message":"","jetpack_publicize_feature_enabled":true,"jetpack_social_post_already_shared":true,"jetpack_social_options":{"image_generator_settings":{"template":"highway","default_image_id":0,"font":"","enabled":false},"version":2}},"categories":[3],"tags":[],"class_list":["post-43488","post","type-post","status-publish","format-standard","has-post-thumbnail","hentry","category-novosti"],"acf":{"facebook_opis":""},"jetpack_publicize_connections":[],"jetpack_featured_media_url":"https:\/\/i0.wp.com\/historiografija.hr\/wp-content\/uploads\/2024\/11\/POZIVNICA_Split-scaled.jpg?fit=2560%2C1223&ssl=1","jetpack_sharing_enabled":true,"jetpack-related-posts":[],"_links":{"self":[{"href":"https:\/\/historiografija.hr\/index.php?rest_route=\/wp\/v2\/posts\/43488","targetHints":{"allow":["GET"]}}],"collection":[{"href":"https:\/\/historiografija.hr\/index.php?rest_route=\/wp\/v2\/posts"}],"about":[{"href":"https:\/\/historiografija.hr\/index.php?rest_route=\/wp\/v2\/types\/post"}],"author":[{"embeddable":true,"href":"https:\/\/historiografija.hr\/index.php?rest_route=\/wp\/v2\/users\/2"}],"replies":[{"embeddable":true,"href":"https:\/\/historiografija.hr\/index.php?rest_route=%2Fwp%2Fv2%2Fcomments&post=43488"}],"version-history":[{"count":1,"href":"https:\/\/historiografija.hr\/index.php?rest_route=\/wp\/v2\/posts\/43488\/revisions"}],"predecessor-version":[{"id":43490,"href":"https:\/\/historiografija.hr\/index.php?rest_route=\/wp\/v2\/posts\/43488\/revisions\/43490"}],"wp:featuredmedia":[{"embeddable":true,"href":"https:\/\/historiografija.hr\/index.php?rest_route=\/wp\/v2\/media\/43489"}],"wp:attachment":[{"href":"https:\/\/historiografija.hr\/index.php?rest_route=%2Fwp%2Fv2%2Fmedia&parent=43488"}],"wp:term":[{"taxonomy":"category","embeddable":true,"href":"https:\/\/historiografija.hr\/index.php?rest_route=%2Fwp%2Fv2%2Fcategories&post=43488"},{"taxonomy":"post_tag","embeddable":true,"href":"https:\/\/historiografija.hr\/index.php?rest_route=%2Fwp%2Fv2%2Ftags&post=43488"}],"curies":[{"name":"wp","href":"https:\/\/api.w.org\/{rel}","templated":true}]}}