{"id":43473,"date":"2024-11-21T13:59:57","date_gmt":"2024-11-21T13:59:57","guid":{"rendered":"http:\/\/historiografija.hr\/?p=43473"},"modified":"2024-11-21T14:00:52","modified_gmt":"2024-11-21T14:00:52","slug":"ciklus-tribina-od-teorije-do-historije-historiografija-kao-zanat","status":"publish","type":"post","link":"https:\/\/historiografija.hr\/?p=43473","title":{"rendered":"Ciklus tribina \u201eOd teorije do historije\u201c: Historiografija kao zanat"},"content":{"rendered":"\n<p>Centar za teorijska istra\u017eivanja u humanistici Filozofskog fakulteta u Zagrebu i nakladni\u010dka ku\u0107a Mizantrop pozivaju Vas na <em>Ciklus tribina \u201eOd teorije do historije\u201c: Historiografija kao zanat<\/em> (26. 11. 2024. u 19h, D1).<\/p>\n\n\n\n<hr class=\"wp-block-separator\"\/>\n\n\n\n<p>Prvi doga\u0111aj u ciklusu tribina \u201eOd teorije do historije\u201c bit \u0107e posve\u0107en ulozi pripovijesti u historiografiji, a njegov je povod nedavna objava knjige <em>Pisanje povijesti<\/em>&nbsp;francuskog povjesni\u010dara, teologa i filozofa Michela de Certeaua. Ovaj historiografski klasik, objavljen 1975. godine, me\u0111u prvima je navijestio zaokret historiografije od kvantitativne povijesti prema povijesti kao, kako ka\u017ee autor, \u201epri\u010dama koje si \u010ditavo dru\u0161tvo pri\u010da na sijelima\u201c, te se s godinama uva\u017eio kao nezaobilazna referenca u raspravama o postmodernoj historiografiji. Polaze\u0107i od de Certeauovih uvida, na tribini \u0107e se poku\u0161ati razmotriti je li povijest odvojiva od pripovijesti, mo\u017ee li se o \u010dinjenicama govoriti bez njihove interpretacije, koliko objektivnosti mo\u017ee biti u povijesti. Na koncu \u0107e se otvoriti pitanje koja je dru\u0161tvena uloga povjesni\u010dara danas.<\/p>\n\n\n\n<p>Sudjeluju: prof. dr. sc. Nenad Ivi\u0107 i prof. dr. sc. Zrinka Bla\u017eevi\u0107<\/p>\n\n\n\n<p>Moderator: dr. sc. Nikola Toma\u0161egovi\u0107<\/p>\n\n\n\n<p>Datum i vrijeme odr\u017eavanja: 26. 11. 2024. u 19:00<\/p>\n\n\n\n<p>Mjesto: Filozofski fakultet, Dvorana D1<\/p>\n\n\n\n<p>Organizatori: Centar za teorijska istra\u017eivanja u humanistici (FFZG), nakladni\u010dka ku\u0107a Mizantrop<\/p>\n\n\n\n<hr class=\"wp-block-separator\"\/>\n\n\n\n<p>O ciklusu:<\/p>\n\n\n\n<p>Ciklus tribina \u201eOd teorije do historije\u201c zami\u0161ljen je kao razgovor s povodom. Nedavno objavljeni i prevedeni naslovi teorijske literature, kao i obljetnice va\u017enih polemika, teoreti\u010dara i njihovih djela poslu\u017eit \u0107e kao oslonac za otvaranje \u0161ire rasprave o teorijskim problemima historiografije, kao i vezi historiografskog rada i dru\u0161tva, politike i teorije. Poseban naglasak stavit \u0107e se na dodire i me\u0111usobne poticaje historijske znanosti i drugih dru\u0161tveno-humanisti\u010dkih disciplina tako \u0161to \u0107e se u razgovor uklju\u010diti stru\u010dnjaci razli\u010ditih teorijskih usmjerenja i profila, pri \u010demu upravo teorijsku diskusiju vidimo kao klju\u010dnu to\u010dku me\u0111usobne komunikacije.<\/p>\n\n\n\n<hr class=\"wp-block-separator\"\/>\n\n\n\n<div class=\"wp-block-file\"><a href=\"https:\/\/historiografija.hr\/wp-content\/uploads\/2024\/11\/pozivnica.pdf\">pozivnica<\/a><a href=\"https:\/\/historiografija.hr\/wp-content\/uploads\/2024\/11\/pozivnica.pdf\" class=\"wp-block-file__button\" download>Preuzmi<\/a><\/div>\n\n\n\n<div class=\"wp-block-file\"><a href=\"https:\/\/historiografija.hr\/wp-content\/uploads\/2024\/11\/plakat.pdf\">plakat<\/a><a href=\"https:\/\/historiografija.hr\/wp-content\/uploads\/2024\/11\/plakat.pdf\" class=\"wp-block-file__button\" download>Preuzmi<\/a><\/div>\n\n\n\n<hr class=\"wp-block-separator\"\/>\n","protected":false},"excerpt":{"rendered":"","protected":false},"author":2,"featured_media":43475,"comment_status":"open","ping_status":"open","sticky":false,"template":"","format":"standard","meta":{"_acf_changed":false,"jetpack_post_was_ever_published":false,"_jetpack_newsletter_access":"","_jetpack_dont_email_post_to_subs":false,"_jetpack_newsletter_tier_id":0,"_jetpack_memberships_contains_paywalled_content":false,"_jetpack_memberships_contains_paid_content":false,"footnotes":"","jetpack_publicize_message":"","jetpack_publicize_feature_enabled":true,"jetpack_social_post_already_shared":true,"jetpack_social_options":{"image_generator_settings":{"template":"highway","default_image_id":0,"font":"","enabled":false},"version":2}},"categories":[3],"tags":[],"class_list":["post-43473","post","type-post","status-publish","format-standard","has-post-thumbnail","hentry","category-novosti"],"acf":{"facebook_opis":""},"jetpack_publicize_connections":[],"jetpack_featured_media_url":"https:\/\/i0.wp.com\/historiografija.hr\/wp-content\/uploads\/2024\/11\/Plakat.jpg?fit=1246%2C1750&ssl=1","jetpack_sharing_enabled":true,"jetpack-related-posts":[],"_links":{"self":[{"href":"https:\/\/historiografija.hr\/index.php?rest_route=\/wp\/v2\/posts\/43473","targetHints":{"allow":["GET"]}}],"collection":[{"href":"https:\/\/historiografija.hr\/index.php?rest_route=\/wp\/v2\/posts"}],"about":[{"href":"https:\/\/historiografija.hr\/index.php?rest_route=\/wp\/v2\/types\/post"}],"author":[{"embeddable":true,"href":"https:\/\/historiografija.hr\/index.php?rest_route=\/wp\/v2\/users\/2"}],"replies":[{"embeddable":true,"href":"https:\/\/historiografija.hr\/index.php?rest_route=%2Fwp%2Fv2%2Fcomments&post=43473"}],"version-history":[{"count":3,"href":"https:\/\/historiografija.hr\/index.php?rest_route=\/wp\/v2\/posts\/43473\/revisions"}],"predecessor-version":[{"id":43479,"href":"https:\/\/historiografija.hr\/index.php?rest_route=\/wp\/v2\/posts\/43473\/revisions\/43479"}],"wp:featuredmedia":[{"embeddable":true,"href":"https:\/\/historiografija.hr\/index.php?rest_route=\/wp\/v2\/media\/43475"}],"wp:attachment":[{"href":"https:\/\/historiografija.hr\/index.php?rest_route=%2Fwp%2Fv2%2Fmedia&parent=43473"}],"wp:term":[{"taxonomy":"category","embeddable":true,"href":"https:\/\/historiografija.hr\/index.php?rest_route=%2Fwp%2Fv2%2Fcategories&post=43473"},{"taxonomy":"post_tag","embeddable":true,"href":"https:\/\/historiografija.hr\/index.php?rest_route=%2Fwp%2Fv2%2Ftags&post=43473"}],"curies":[{"name":"wp","href":"https:\/\/api.w.org\/{rel}","templated":true}]}}