{"id":43468,"date":"2024-11-21T13:42:52","date_gmt":"2024-11-21T13:42:52","guid":{"rendered":"http:\/\/historiografija.hr\/?p=43468"},"modified":"2024-11-21T13:43:14","modified_gmt":"2024-11-21T13:43:14","slug":"reakcija-inicijative-mladih-za-ljudska-prava-na-medijski-istup-ante-nazora-povodom-obljetnice-utemeljenja-hrvatske-zajednice-herceg-bosne","status":"publish","type":"post","link":"https:\/\/historiografija.hr\/?p=43468","title":{"rendered":"Reakcija Inicijative mladih za ljudska prava na medijski istup Ante Nazora povodom obljetnice utemeljenja Hrvatske zajednice Herceg-Bosne"},"content":{"rendered":"\n<p>33. obljetnica utemeljenja Hrvatske zajednice Herceg-Bosne bila je povod za gostovanje povjesni\u010dara i ravnatelja Hrvatskog memorijalno-dokumentacijskog centra Domovinskog rata Republike Hrvatske (HMDCDR), prof. dr. sc. Ante Nazora, u Dnevniku RTV Herceg-Bosne u kojem se osvrnuo na ulogu Republike Hrvatske, Hrvatske zajednice Herceg-Bosne (kasnije Hrvatske Republike Herceg-Bosne) i Hrvatskog vije\u0107a obrane tijekom rata u Bosni i Hercegovini.<\/p>\n\n\n\n<p>Nazorovo gostovanje je mogu\u0107e pogledati <a href=\"https:\/\/www.youtube.com\/watch?v=Frbu1hziZxE\">ovdje<\/a>, a preneseno je i na<a href=\"https:\/\/hms.ba\/nazor-herceg-bosna-je-bila-presudna-za-spasavanje-bih\/\"> web stranici<\/a> Hrvatskog medijskog servisa.&nbsp;<\/p>\n\n\n\n<p><strong>Nazor je, komentiraju\u0107i \u201cpri\u010de o odgovornosti Hrvatske, poku\u0161aju Hrvatske za podjelu BiH, za agresiju na BiH\u201d izjavio da su one \u201cla\u017ei, neutemeljene na izvorima\u201d te da su \u201c\u010dinjenice upravo suprotne\u201d. <\/strong>Ovim bismo putem htjele podsjetiti prof. dr. sc Antu Nazora, povjesni\u010dara i, kako sam isti\u010de, arheologa te ravnatelja HMDCDR-a koji je osnovan radi \u201distra\u017eivanja istine o Domovinskom ratu i upoznavanja javnosti u zemlji i svijetu s utvr\u0111enim \u010dinjenicama\u201d (<a href=\"https:\/\/centardomovinskograta.hr\/wp-content\/uploads\/2013\/04\/Zakon-o-Hrvatskom-memorijalno-dokumentacijskom-centru-Domovinskog-rata.pdf\">Zakon o HMDCDR<\/a>), na vrlo jasne, nedvosmislene i na dokazima utemeljene \u010dinjenice o ratu u Bosni i Hercegovini koje je dokumentirao Me\u0111unarodni kazneni sud za biv\u0161u Jugoslaviju (MKSJ). <strong>Skrenule bismo pozornost na presudu \u017dalbenog vije\u0107a Me\u0111unarodnog kaznenog suda za biv\u0161u Jugoslaviju u predmetu Prli\u0107 i dr. (IT-04-74-A) iz studenog 2017. \u010dija<\/strong> <strong>se \u0161esta obljetnica prigodno i bli\u017ei. Radi jednostavnosti i preglednosti, ukazujemo na dostupan <a href=\"https:\/\/www.icty.org\/x\/cases\/prlic\/acjug\/bcs\/171129-summary-bcs.pdf\">sa\u017eetak te presude.<\/a>&nbsp;<\/strong><\/p>\n\n\n\n<p>Naime, 29.11.2017. godine, \u017dalbeno vije\u0107e MKSJ-a izreklo je pravomo\u0107nu presudu kojom su Jadranko Prli\u0107, Slobodan Praljak, Milivoj Petkovi\u0107, Valentin \u0106ori\u0107, Bruno Stoji\u0107 i Berislav Pu\u0161i\u0107 osu\u0111eni za zlo\u010dine protiv \u010dovje\u010dnosti, kr\u0161enja zakona i obi\u010daja ratova te te\u0161ke povrede \u017denevskih konvencija &#8211;&nbsp; za ubojstva, progone na politi\u010dkoj, rasnoj i vjerskoj osnovi, protupravno zatvaranje civila, prisilni rad, itd. Osim toga, dokazano je da je ova \u201cherceg-bosanska \u0161estorka\u201d zajedno s Franjom Tu\u0111manom, Gojkom \u0160u\u0161kom, Jankom Bobetkom i Matom Bobanom sudjelovala u udru\u017eenom zlo\u010dina\u010dkom pothvatu koji je za cilj imao \u201costvaranje hrvatskog entiteta u Bosni i Hercegovini koji bi omogu\u0107io ponovno ujedinjenje hrvatskog naroda, putem etni\u010dkog \u010di\u0161\u0107enja muslimanskog stanovni\u0161tva.\u201d<\/p>\n\n\n\n<p><strong>Ovom je presudom de facto i de iure, na fizi\u010dkim dokazima, svjedo\u010danstvima, dokumentima i drugim izvorima utemeljeno postojanje udru\u017eenog zlo\u010dina\u010dkog pothvata na \u010delu s hrvatskim politi\u010dkim i vojnim vodstvom, kao i postojanje me\u0111unarodnog sukoba izme\u0111u Republike Hrvatske i Bosne i Hercegovine.&nbsp;<\/strong><\/p>\n\n\n\n<p>Osim spomenute presude, Raspravna i \u017dalbena vije\u0107a MKSJ-a su u drugih \u0161est predmeta na temelju niza dokaza utvrdila da je izme\u0111u Republike Hrvatske i Bosne i Hercegovine postojao me\u0111unarodni sukob, da su politi\u010dka rukovodstva RH i HZ(R)HB imala politi\u010dki cilj odvajanja HZ(R)HB iz BiH i priklju\u010denja Republici Hrvatskoj, da je RH imala kontrolu nad HVO, te da je postojala smi\u0161ljena kampanja progona bosanskih Muslimana s teritorija HZ(R)HB koja je uklju\u010divala i po\u010dinjenje ratnih zlo\u010dina i masovno kr\u0161enja ljudskih prava. Rije\u010d je o predmetima Aleksovski (<a href=\"https:\/\/www.icty.org\/en\/case\/aleksovski\">IT-95-14\/1<\/a>), Bla\u0161ki\u0107 (<a href=\"https:\/\/www.icty.org\/bcs\/case\/blaskic\">IT-95-14<\/a>), Kordi\u0107 &amp; \u010cerkez (<a href=\"https:\/\/www.icty.org\/bcs\/case\/kordic_cerkez\">IT-95-14\/2<\/a>), Bralo (<a href=\"https:\/\/www.icty.org\/bcs\/case\/bralo\">IT-95-17<\/a>), Raji\u0107 (<a href=\"https:\/\/www.icty.org\/bcs\/case\/rajic\/0\">IT-95-12<\/a>) te Naletili\u0107 &amp; Martinovi\u0107 (<a href=\"https:\/\/www.icty.org\/bcs\/case\/naletilic_martinovic\">IT-98-34<\/a>).&nbsp;<\/p>\n\n\n\n<p>Nadalje, kad je rije\u010d o Nazorovoj izjavi o \u201cplasiranju dezinformacija o ulozi Hrvatske i HVO-a\u201d te da \u201cmnogi komentatori, pa \u010dak i povjesni\u010dari, govore o Domovinskom ratu bez poznavanja izvora i \u010dinjenica\u201d, ukazujemo na&nbsp;<a href=\"https:\/\/www.croris.hr\/crosbi\/publikacija\/knjiga\/854563\">zbornik radova<\/a> \u201cMuslimansko (bo\u0161nja\u010dko) hrvatski rat s posebnim osvrtom na oru\u017eane sukobe i stradanja Hrvata u sredi\u0161njoj Bosni\u201d u \u010dijem je sastavljanju sudjelovao i sam Nazor. Zbornik, nastao na pro\u0161logodi\u0161njem znanstvenom skupu odr\u017eanom u Vitezu, predstavljen je prilikom proslave 33. obljetnice utemeljenja Hrvatske zajednice Herceg Bosne u Mostaru. Hrvatski medijski servis izvijestio je o doga\u0111aju i predstavio sa\u017eetak zaklju\u010daka radova u Zborniku <a href=\"https:\/\/hms.ba\/kako-je-lord-owen-potaknuo-bosnjake-na-rat-protiv-hrvata-i-otkud-medu-stradalim-u-ahmicima-70-pripadnika-armije-rbih-i-35-pripadnika-hvo-a\/\">ovdje<\/a>. <strong>Zaklju\u010dci istaknuti u ovom sa\u017eetku predstavljaju ozbiljan, zabrinjavaju\u0107 i vrlo problemati\u010dan primjer povijesnog revizionizma, relativizaciju po\u010dinjenih zlo\u010dina hrvatskih snaga, vrije\u0111anja \u017ertava i nepo\u0161tivanje presuda i institucija MKSJ-a i Me\u0111unarodnog rezidualnog mehanizma za kaznene sudove. Posebno isti\u010demo iznesene tvrdnje o zlo\u010dinu u Ahmi\u0107ima koji se u Zborniku, me\u0111u ostalim, opisuje i kao \u201clegitimna vojna operacija\u201d.&nbsp;<\/strong><\/p>\n\n\n\n<p>Ratni zlo\u010din u Ahmi\u0107ima detaljno je istra\u017een i opisan, ponajvi\u0161e tijekom su\u0111enja u predmetu Bla\u0161ki\u0107 (<a href=\"https:\/\/www.icty.org\/bcs\/case\/blaskic\">IT-95-14<\/a>) i Kordi\u0107 &amp; \u010cerkez (<a href=\"https:\/\/www.icty.org\/bcs\/case\/kordic_cerkez\">IT-95-14\/2<\/a>), a izvori i \u010dinjenice, koje direktno osporavaju tvrdnje koje navode autori zbornika, dostupni su u arhivi MKSJ. U samo nekoliko sati, u Ahmi\u0107ima su 16. travnja 1993. godine jedinice Hrvatskog vije\u0107a obrane (HVO) ubile 116 civila bo\u0161nja\u010dke nacionalnosti i prakti\u010dno sravnile selo sa zemljom. Ve\u0107ina ubijenih bile su starije osobe, \u017eene i djeca, a najmla\u0111a \u017ertva je bila stara tek nekoliko mjeseci. O zlo\u010dinu u Ahmi\u0107ima Antonio Cassese, sudac i prvi predsjednik Me\u0111unarodnog kaznenog suda za biv\u0161u Jugoslaviju, govorio je na sljede\u0107i na\u010din:<\/p>\n\n\n\n<p>\u201cOno \u0161to se dogodilo 16. travnja 1993. u Ahmi\u0107ima u\u0161lo je u povijest kao jedan od najopakijih primjera \u010dovjeke nehumanosti prema drugom \u010dovjeku. Danas se ime tog malog sela mora dodati dugoj listi prethodno nepoznatih zaselaka i gradova koji nas sje\u0107aju na u\u017easna nedjela zbog kojih zadrhtimo od u\u017easa i srama. Dachau, Oradour sur Glane, Katijn, Marzabotto, Soweto, My Lai, Sabra and Shatila i tolika druga mjesta.\u201d&nbsp;<\/p>\n\n\n\n<p>Detaljni opis po\u010dinjenog zlo\u010dina u Ahmi\u0107ima, kori\u0161tena dokumentacija i sudski epilog dostupni su na web stranici SENSE Centra za tranzicijsku pravdu pod nazivom \u201c<a href=\"https:\/\/ahmici.sensecentar.org\/index-bhs.html\">Ahmi\u0107i &#8211; 48 sati pepela i krvi<\/a>.\u201d<\/p>\n\n\n\n<p>Da ovaj zbornik nije izolirani slu\u010daj, pokazuje knjiga povjesni\u010dara Davora Marijana, \u201cRat Hrvata i Muslimana u Bosni i Hercegovini od 1992. do 1994.\u201d objavljena 2018. godine u kojoj ratni zlo\u010din u Ahmi\u0107ima opisuje na sljede\u0107i na\u010din:<\/p>\n\n\n\n<p>\u201cAhmi\u0107e je napala i zauzela 4. bojna Vojne policije s postrojbom Jokeri. U napadu HVO-a mnogo toga nije jasno osim \u0161to je do kraja dana selo zauzeto i gotovo uni\u0161teno, pri \u010demu je poginulo i ubijeno 88 osoba.\u201d&nbsp;<\/p>\n\n\n\n<p><strong>Svesti detaljno opisani ratni zlo\u010din u Ahmi\u0107ima na sintagmu kako \u201cmnogo toga nije jasno\u201d u najmanju je ruku problemati\u010dno, posebice kad dolazi od povjesni\u010dara koji je svoju znanstvenu karijeru posvetio upravo istra\u017eivanju doga\u0111aja vezanih za ratove devedesetih.&nbsp;<\/strong><\/p>\n\n\n\n<p>Ovakvim i sli\u010dnim istupima hrvatska historiografija u Hrvatskoj, ali i Bosni i Hercegovini, iznova propu\u0161ta odmaknuti se od nacionalisti\u010dke pozicije koju revno njeguje desetlje\u0107ima, a koja je najplasti\u010dnije opisana u Deklaraciji o Domovinskom ratu 2000. i njezinom pandanu izglasanom u Mostaru sedamnaest i pol godina kasnije, Deklaraciji Hrvatskog narodnog sabora.<\/p>\n\n\n\n<p><strong>Naposljetku, da parafraziramo Nazora &#8211; problem s kojim se zapravo suo\u010davamo ve\u0107 tridesetak godina jest neprekidno i dosljedno relativiziranje uloge Republike Hrvatske u ratu u Bosni i Hercegovini, pravdanje po\u010dinjenih ratnih zlo\u010dina HVO-a (veliko)srpskom agresijom te negiranje sudski utvr\u0111enih \u010dinjenica jer ne idu u prilog narativu o obrambenoj i osloboditeljskoj ulozi Hrvatske u ratovima devedesetih.\u00a0<\/strong><\/p>\n\n\n\n<hr class=\"wp-block-separator\"\/>\n\n\n\n<p>Izvor:<\/p>\n\n\n\n<p><a href=\"https:\/\/www.yihr.hr\/hr\/reakcija-inicijative-mladih-za-ljudska-prava-na-medijski-istup-ante-nazora-povodom-obljetnice-utemeljenja-hrvatske-zajednice-herceg-bosne\">https:\/\/www.yihr.hr\/hr\/reakcija-inicijative-mladih-za-ljudska-prava-na-medijski-istup-ante-nazora-povodom-obljetnice-utemeljenja-hrvatske-zajednice-herceg-bosne<\/a><\/p>\n\n\n\n<hr class=\"wp-block-separator\"\/>\n","protected":false},"excerpt":{"rendered":"","protected":false},"author":2,"featured_media":28827,"comment_status":"open","ping_status":"open","sticky":false,"template":"","format":"standard","meta":{"_acf_changed":false,"jetpack_post_was_ever_published":false,"_jetpack_newsletter_access":"","_jetpack_dont_email_post_to_subs":false,"_jetpack_newsletter_tier_id":0,"_jetpack_memberships_contains_paywalled_content":false,"_jetpack_memberships_contains_paid_content":false,"footnotes":"","jetpack_publicize_message":"","jetpack_publicize_feature_enabled":true,"jetpack_social_post_already_shared":true,"jetpack_social_options":{"image_generator_settings":{"template":"highway","default_image_id":0,"font":"","enabled":false},"version":2}},"categories":[3,17],"tags":[],"class_list":["post-43468","post","type-post","status-publish","format-standard","has-post-thumbnail","hentry","category-novosti","category-rasprave"],"acf":{"facebook_opis":""},"jetpack_publicize_connections":[],"jetpack_featured_media_url":"https:\/\/i0.wp.com\/historiografija.hr\/wp-content\/uploads\/2021\/12\/yihr-logo.jpg?fit=540%2C395&ssl=1","jetpack_sharing_enabled":true,"jetpack-related-posts":[],"_links":{"self":[{"href":"https:\/\/historiografija.hr\/index.php?rest_route=\/wp\/v2\/posts\/43468","targetHints":{"allow":["GET"]}}],"collection":[{"href":"https:\/\/historiografija.hr\/index.php?rest_route=\/wp\/v2\/posts"}],"about":[{"href":"https:\/\/historiografija.hr\/index.php?rest_route=\/wp\/v2\/types\/post"}],"author":[{"embeddable":true,"href":"https:\/\/historiografija.hr\/index.php?rest_route=\/wp\/v2\/users\/2"}],"replies":[{"embeddable":true,"href":"https:\/\/historiografija.hr\/index.php?rest_route=%2Fwp%2Fv2%2Fcomments&post=43468"}],"version-history":[{"count":1,"href":"https:\/\/historiografija.hr\/index.php?rest_route=\/wp\/v2\/posts\/43468\/revisions"}],"predecessor-version":[{"id":43469,"href":"https:\/\/historiografija.hr\/index.php?rest_route=\/wp\/v2\/posts\/43468\/revisions\/43469"}],"wp:featuredmedia":[{"embeddable":true,"href":"https:\/\/historiografija.hr\/index.php?rest_route=\/wp\/v2\/media\/28827"}],"wp:attachment":[{"href":"https:\/\/historiografija.hr\/index.php?rest_route=%2Fwp%2Fv2%2Fmedia&parent=43468"}],"wp:term":[{"taxonomy":"category","embeddable":true,"href":"https:\/\/historiografija.hr\/index.php?rest_route=%2Fwp%2Fv2%2Fcategories&post=43468"},{"taxonomy":"post_tag","embeddable":true,"href":"https:\/\/historiografija.hr\/index.php?rest_route=%2Fwp%2Fv2%2Ftags&post=43468"}],"curies":[{"name":"wp","href":"https:\/\/api.w.org\/{rel}","templated":true}]}}